{"id":26,"date":"2025-01-02T21:21:54","date_gmt":"2025-01-02T18:21:54","guid":{"rendered":"https:\/\/evdebakimparasimaasi.com\/blog\/index.php\/2025\/01\/02\/kimler-engelli-ayligi-alabilir-basvuru-sureci-ve-gereksinimler\/"},"modified":"2025-01-18T11:23:02","modified_gmt":"2025-01-18T08:23:02","slug":"kimler-engelli-ayligi-alabilir-basvuru-sureci-ve-gereksinimler","status":"publish","type":"post","link":"https:\/\/evdebakimparasimaasi.com\/blog\/kimler-engelli-ayligi-alabilir-basvuru-sureci-ve-gereksinimler\/","title":{"rendered":"Kimler Engelli Ayl\u0131\u011f\u0131 Alabilir? Ba\u015fvuru S\u00fcreci ve Gereksinimler"},"content":{"rendered":"<p>Engelli ayl\u0131\u011f\u0131, maddi deste\u011fe ihtiya\u00e7 duyan bireyler i\u00e7in \u00f6nemli bir g\u00fcvence sunmaktad\u0131r. Bu ayl\u0131\u011f\u0131n kimler taraf\u0131ndan al\u0131nabilece\u011fi ve ba\u015fvuru s\u00fcrecinin nas\u0131l i\u015fleyece\u011fi, bir\u00e7ok insan\u0131n merak etti\u011fi konulardan biridir. Bireylerin hak etti\u011fi deste\u011fi alabilmesi i\u00e7in belirli ko\u015fullar\u0131 yerine getirmesi gerekmektedir. Bu yaz\u0131da, <a href=\"https:\/\/evdebakimparasimaasi.com\/\"><strong>kimler engelli ayl\u0131\u011f\u0131 alabilir<\/strong><\/a> sorusuna yan\u0131t verecek, ba\u015fvuru s\u00fcrecini ve gereken \u015fartlar\u0131 detayl\u0131 bir \u015fekilde ele alaca\u011f\u0131z.<\/p>\n<div id=\"ez-toc-container\" class=\"ez-toc-v2_0_82_2 counter-hierarchy ez-toc-counter ez-toc-grey ez-toc-container-direction\">\n<div class=\"ez-toc-title-container\">\n<p class=\"ez-toc-title\" style=\"cursor:inherit\">\u0130\u00e7indekiler<\/p>\n<span class=\"ez-toc-title-toggle\"><a href=\"#\" class=\"ez-toc-pull-right ez-toc-btn ez-toc-btn-xs ez-toc-btn-default ez-toc-toggle\" aria-label=\"\u0130\u00e7indekiler Tablosunu A\u00e7\/Kapat\"><span class=\"ez-toc-js-icon-con\"><span class=\"\"><span class=\"eztoc-hide\" style=\"display:none;\">Toggle<\/span><span class=\"ez-toc-icon-toggle-span\"><svg style=\"fill: #999;color:#999\" xmlns=\"http:\/\/www.w3.org\/2000\/svg\" class=\"list-377408\" width=\"20px\" height=\"20px\" viewBox=\"0 0 24 24\" fill=\"none\"><path d=\"M6 6H4v2h2V6zm14 0H8v2h12V6zM4 11h2v2H4v-2zm16 0H8v2h12v-2zM4 16h2v2H4v-2zm16 0H8v2h12v-2z\" fill=\"currentColor\"><\/path><\/svg><svg style=\"fill: #999;color:#999\" class=\"arrow-unsorted-368013\" xmlns=\"http:\/\/www.w3.org\/2000\/svg\" width=\"10px\" height=\"10px\" viewBox=\"0 0 24 24\" version=\"1.2\" baseProfile=\"tiny\"><path d=\"M18.2 9.3l-6.2-6.3-6.2 6.3c-.2.2-.3.4-.3.7s.1.5.3.7c.2.2.4.3.7.3h11c.3 0 .5-.1.7-.3.2-.2.3-.5.3-.7s-.1-.5-.3-.7zM5.8 14.7l6.2 6.3 6.2-6.3c.2-.2.3-.5.3-.7s-.1-.5-.3-.7c-.2-.2-.4-.3-.7-.3h-11c-.3 0-.5.1-.7.3-.2.2-.3.5-.3.7s.1.5.3.7z\"\/><\/svg><\/span><\/span><\/span><\/a><\/span><\/div>\n<nav><ul class='ez-toc-list ez-toc-list-level-1 ' ><ul class='ez-toc-list-level-3' ><li class='ez-toc-heading-level-3'><a class=\"ez-toc-link ez-toc-heading-1\" href=\"https:\/\/evdebakimparasimaasi.com\/blog\/kimler-engelli-ayligi-alabilir-basvuru-sureci-ve-gereksinimler\/#Ana_Noktalar\" >Ana Noktalar<\/a><\/li><\/ul><\/li><li class='ez-toc-page-1 ez-toc-heading-level-2'><a class=\"ez-toc-link ez-toc-heading-2\" href=\"https:\/\/evdebakimparasimaasi.com\/blog\/kimler-engelli-ayligi-alabilir-basvuru-sureci-ve-gereksinimler\/#Engelli_Ayligi_Icin_Basvuru_Gereksinimleri_Hangi_Belgeler_Gereklidir\" >Engelli Ayl\u0131\u011f\u0131 \u0130\u00e7in Ba\u015fvuru Gereksinimleri: Hangi Belgeler Gereklidir?<\/a><\/li><li class='ez-toc-page-1 ez-toc-heading-level-2'><a class=\"ez-toc-link ez-toc-heading-3\" href=\"https:\/\/evdebakimparasimaasi.com\/blog\/kimler-engelli-ayligi-alabilir-basvuru-sureci-ve-gereksinimler\/#Engelli_Ayligi_Alacak_Bireylerin_Haklari_ve_Sorumluluklari\" >Engelli Ayl\u0131\u011f\u0131 Alacak Bireylerin Haklar\u0131 ve Sorumluluklar\u0131<\/a><ul class='ez-toc-list-level-3' ><li class='ez-toc-heading-level-3'><a class=\"ez-toc-link ez-toc-heading-4\" href=\"https:\/\/evdebakimparasimaasi.com\/blog\/kimler-engelli-ayligi-alabilir-basvuru-sureci-ve-gereksinimler\/#Haklar_ve_Sorumluluklar\" >Haklar ve Sorumluluklar<\/a><\/li><\/ul><\/li><li class='ez-toc-page-1 ez-toc-heading-level-2'><a class=\"ez-toc-link ez-toc-heading-5\" href=\"https:\/\/evdebakimparasimaasi.com\/blog\/kimler-engelli-ayligi-alabilir-basvuru-sureci-ve-gereksinimler\/#Engelli_Ayligi_Basvurusu_Adim_adim_rehber\" >Engelli Ayl\u0131\u011f\u0131 Ba\u015fvurusu: Ad\u0131m ad\u0131m rehber!<\/a><\/li><\/ul><\/nav><\/div>\n<h3><span class=\"ez-toc-section\" id=\"Ana_Noktalar\"><\/span>Ana Noktalar<span class=\"ez-toc-section-end\"><\/span><\/h3>\n<ol>\n<li><strong>Kimler engelli ayl\u0131\u011f\u0131 alabilir?<\/strong> Sorusunun yan\u0131t\u0131, engel durumu ve gelir d\u00fczeyine ba\u011fl\u0131d\u0131r.<\/li>\n<li>Ba\u015fvuru s\u00fcreci, Sosyal G\u00fcvenlik Kurumu \u00fczerinden yap\u0131lmaktad\u0131r.<\/li>\n<li>Gereken belgeler ve sa\u011fl\u0131k raporu, ba\u015fvurunun en \u00f6nemli par\u00e7alar\u0131d\u0131r.<\/li>\n<\/ol>\n<h2><span class=\"ez-toc-section\" id=\"Engelli_Ayligi_Icin_Basvuru_Gereksinimleri_Hangi_Belgeler_Gereklidir\"><\/span>Engelli Ayl\u0131\u011f\u0131 \u0130\u00e7in Ba\u015fvuru Gereksinimleri: Hangi Belgeler Gereklidir?<span class=\"ez-toc-section-end\"><\/span><\/h2>\n<p>Engelli ayl\u0131\u011f\u0131 ba\u015fvurusu yaparken, gerekli belgeleri eksiksiz haz\u0131rlamak b\u00fcy\u00fck bir \u00f6nem ta\u015f\u0131r. Bu belgelerin do\u011fru bir \u015fekilde sunulmas\u0131, ba\u015fvurunuzun de\u011ferlendirilmesi i\u00e7in kritik rol oynar. \u0130\u015fte, dikkat etmeniz gereken belgeler:<\/p>\n<ol>\n<li><strong>Kimlik belgesi<\/strong> (N\u00fcfus c\u00fczdan\u0131 veya pasaport)<\/li>\n<li>Engellilik raporu (devlet hastanelerinden al\u0131nm\u0131\u015f)<\/li>\n<li>Son \u00fc\u00e7 ay i\u00e7inde \u00e7ekilmi\u015f <strong>vesikal\u0131k foto\u011fraf<\/strong><\/li>\n<li>\u0130kametgah belgesi<\/li>\n<li>Ba\u015fvuru formu<\/li>\n<\/ol>\n<p>Bu belgeleri toplad\u0131ktan sonra, ba\u015fvurunuzu yapabilirsiniz. Unutmay\u0131n, belgelerin ge\u00e7erlili\u011fi ve eksiksizli\u011fi ba\u015fvurunuzun sonucunu etkileyebilir.<\/p>\n<h2><span class=\"ez-toc-section\" id=\"Engelli_Ayligi_Alacak_Bireylerin_Haklari_ve_Sorumluluklari\"><\/span>Engelli Ayl\u0131\u011f\u0131 Alacak Bireylerin Haklar\u0131 ve Sorumluluklar\u0131<span class=\"ez-toc-section-end\"><\/span><\/h2>\n<p>Engelli ayl\u0131\u011f\u0131, bireylerin ya\u015fam standartlar\u0131n\u0131 y\u00fckseltmeyi ama\u00e7layan \u00f6nemli bir destek arac\u0131d\u0131r. Bu yard\u0131m\u0131n sa\u011flanmas\u0131, her <strong>birey<\/strong> i\u00e7in g\u00fcvence niteli\u011findedir. Ancak, bu deste\u011fi alacak ki\u015filerin baz\u0131 <strong>sorumluluklar\u0131<\/strong> da bulunmaktad\u0131r. Ayl\u0131k almak i\u00e7in gerekli belgelerin tam ve eksiksiz sunulmas\u0131, s\u00fcrecin sa\u011fl\u0131kl\u0131 i\u015flemesi a\u00e7\u0131s\u0131ndan kritik \u00f6neme sahiptir.<\/p>\n<h3><span class=\"ez-toc-section\" id=\"Haklar_ve_Sorumluluklar\"><\/span>Haklar ve Sorumluluklar<span class=\"ez-toc-section-end\"><\/span><\/h3>\n<p>Engelli bireyler, haklar\u0131 gere\u011fi bu ayl\u0131k i\u00e7in ba\u015fvuru yapma s\u00fcrecinde <strong>bilgilendirilmelidirler<\/strong>. Ayr\u0131ca, belirli aral\u0131klarla sa\u011fl\u0131k durumlar\u0131n\u0131 g\u00fcncellemeleri gerekebilir. Bu durum, hakk\u0131n k\u00f6t\u00fcye kullan\u0131lmas\u0131n\u0131 \u00f6nlemek ad\u0131na gereklidir. Bu nedenle, engelli bireylerin yukar\u0131da belirtilen konularda dikkatli olmalar\u0131 \u00f6nem ta\u015f\u0131r.<\/p>\n<h2><span class=\"ez-toc-section\" id=\"Engelli_Ayligi_Basvurusu_Adim_adim_rehber\"><\/span>Engelli Ayl\u0131\u011f\u0131 Ba\u015fvurusu: Ad\u0131m ad\u0131m rehber!<span class=\"ez-toc-section-end\"><\/span><\/h2>\n<p><a href=\"https:\/\/www.vgm.gov.tr\/faaliyetler\/hayir-hizmetleri\/muhtac-ayligi\" rel=\"nofollow noopener\" target=\"_blank\">Engelli ayl\u0131\u011f\u0131 ba\u015fvurusu<\/a>, bir\u00e7ok ki\u015fi i\u00e7in \u00f6nemli bir s\u00fcre\u00e7tir. Bu s\u00fcre\u00e7te, <strong>gerekli belgeleri<\/strong> tam ve eksiksiz haz\u0131rlamak kritik \u00f6nem ta\u015f\u0131r. Ba\u015fvuru yaparken, sosyal g\u00fcvenlik kurumu ile ileti\u015fimde kalmak ve <strong>istatistikleri<\/strong> takip etmek \u00f6nemlidir. S\u00fcrecin her ad\u0131m\u0131nda dikkatli olunmal\u0131d\u0131r; gereksiz zaman kayb\u0131 ya\u015fanmamas\u0131 i\u00e7in belgelerinizi \u00f6nceden kontrol etmelisiniz. Unutmay\u0131n, <strong>do\u011fru bilgi<\/strong> ba\u015fvurunuzun kabul edilmesinde etkili olacakt\u0131r. Her a\u015famada sab\u0131rl\u0131 olmak, ba\u015far\u0131l\u0131 sonu\u00e7lar alman\u0131za yard\u0131mc\u0131 olur.<\/p>\n","protected":false},"excerpt":{"rendered":"<p>Engelli ayl\u0131\u011f\u0131 almak isteyenler i\u00e7in s\u00fcreci ve gereksinimleri merak etmek olduk\u00e7a do\u011fal. Kimler engelli ayl\u0131\u011f\u0131 alabilir, birlikte ke\u015ffedelim.<\/p>\n","protected":false},"author":1,"featured_media":28,"comment_status":"open","ping_status":"open","sticky":false,"template":"","format":"standard","meta":{"footnotes":""},"categories":[1],"tags":[],"class_list":["post-26","post","type-post","status-publish","format-standard","has-post-thumbnail","hentry","category-guncel"],"_links":{"self":[{"href":"https:\/\/evdebakimparasimaasi.com\/blog\/wp-json\/wp\/v2\/posts\/26","targetHints":{"allow":["GET"]}}],"collection":[{"href":"https:\/\/evdebakimparasimaasi.com\/blog\/wp-json\/wp\/v2\/posts"}],"about":[{"href":"https:\/\/evdebakimparasimaasi.com\/blog\/wp-json\/wp\/v2\/types\/post"}],"author":[{"embeddable":true,"href":"https:\/\/evdebakimparasimaasi.com\/blog\/wp-json\/wp\/v2\/users\/1"}],"replies":[{"embeddable":true,"href":"https:\/\/evdebakimparasimaasi.com\/blog\/wp-json\/wp\/v2\/comments?post=26"}],"version-history":[{"count":0,"href":"https:\/\/evdebakimparasimaasi.com\/blog\/wp-json\/wp\/v2\/posts\/26\/revisions"}],"wp:featuredmedia":[{"embeddable":true,"href":"https:\/\/evdebakimparasimaasi.com\/blog\/wp-json\/wp\/v2\/media\/28"}],"wp:attachment":[{"href":"https:\/\/evdebakimparasimaasi.com\/blog\/wp-json\/wp\/v2\/media?parent=26"}],"wp:term":[{"taxonomy":"category","embeddable":true,"href":"https:\/\/evdebakimparasimaasi.com\/blog\/wp-json\/wp\/v2\/categories?post=26"},{"taxonomy":"post_tag","embeddable":true,"href":"https:\/\/evdebakimparasimaasi.com\/blog\/wp-json\/wp\/v2\/tags?post=26"}],"curies":[{"name":"wp","href":"https:\/\/api.w.org\/{rel}","templated":true}]}}