{"id":3113,"date":"2025-01-04T16:30:11","date_gmt":"2025-01-04T13:30:11","guid":{"rendered":"https:\/\/evdebakimparasimaasi.com\/blog\/?p=3113"},"modified":"2025-01-04T16:30:11","modified_gmt":"2025-01-04T13:30:11","slug":"engelli-maasi-ve-evde-bakim-maasi-hangi-durumlarda-kesilir","status":"publish","type":"post","link":"https:\/\/evdebakimparasimaasi.com\/blog\/engelli-maasi-ve-evde-bakim-maasi-hangi-durumlarda-kesilir\/","title":{"rendered":"Engelli Maa\u015f\u0131 ve Evde Bak\u0131m Maa\u015f\u0131 Hangi Durumlarda Kesilir?"},"content":{"rendered":"<p>Engelli maa\u015f\u0131, toplumda ya\u015fanan e\u015fitlik ve adalet anlay\u0131\u015f\u0131 \u00e7er\u00e7evesinde, maddi zorluklar ya\u015fayan engelli bireylere sunulan \u00f6nemli bir destektir. Ancak bu maa\u015f\u0131n al\u0131nabilmesi i\u00e7in belirli \u015fartlar\u0131n yerine getirilmesi gerekmektedir. <strong>Engelli maa\u015f\u0131 kesilme durumlar\u0131<\/strong>, bu \u015fartlar\u0131n sa\u011flanmad\u0131\u011f\u0131 veya ihlal edildi\u011fi durumlarda ortaya \u00e7\u0131kmaktad\u0131r. \u00d6rne\u011fin, engelli bireyin \u00e7al\u0131\u015fmas\u0131, gelir seviyesinin artmas\u0131 ya da gerekli prosed\u00fcrlerin yerine getirilmemesi durumunda maa\u015f kesilmektedir.<\/p>\n<div id=\"ez-toc-container\" class=\"ez-toc-v2_0_82_2 counter-hierarchy ez-toc-counter ez-toc-grey ez-toc-container-direction\">\n<div class=\"ez-toc-title-container\">\n<p class=\"ez-toc-title\" style=\"cursor:inherit\">\u0130\u00e7indekiler<\/p>\n<span class=\"ez-toc-title-toggle\"><a href=\"#\" class=\"ez-toc-pull-right ez-toc-btn ez-toc-btn-xs ez-toc-btn-default ez-toc-toggle\" aria-label=\"\u0130\u00e7indekiler Tablosunu A\u00e7\/Kapat\"><span class=\"ez-toc-js-icon-con\"><span class=\"\"><span class=\"eztoc-hide\" style=\"display:none;\">Toggle<\/span><span class=\"ez-toc-icon-toggle-span\"><svg style=\"fill: #999;color:#999\" xmlns=\"http:\/\/www.w3.org\/2000\/svg\" class=\"list-377408\" width=\"20px\" height=\"20px\" viewBox=\"0 0 24 24\" fill=\"none\"><path d=\"M6 6H4v2h2V6zm14 0H8v2h12V6zM4 11h2v2H4v-2zm16 0H8v2h12v-2zM4 16h2v2H4v-2zm16 0H8v2h12v-2z\" fill=\"currentColor\"><\/path><\/svg><svg style=\"fill: #999;color:#999\" class=\"arrow-unsorted-368013\" xmlns=\"http:\/\/www.w3.org\/2000\/svg\" width=\"10px\" height=\"10px\" viewBox=\"0 0 24 24\" version=\"1.2\" baseProfile=\"tiny\"><path d=\"M18.2 9.3l-6.2-6.3-6.2 6.3c-.2.2-.3.4-.3.7s.1.5.3.7c.2.2.4.3.7.3h11c.3 0 .5-.1.7-.3.2-.2.3-.5.3-.7s-.1-.5-.3-.7zM5.8 14.7l6.2 6.3 6.2-6.3c.2-.2.3-.5.3-.7s-.1-.5-.3-.7c-.2-.2-.4-.3-.7-.3h-11c-.3 0-.5.1-.7.3-.2.2-.3.5-.3.7s.1.5.3.7z\"\/><\/svg><\/span><\/span><\/span><\/a><\/span><\/div>\n<nav><ul class='ez-toc-list ez-toc-list-level-1 ' ><li class='ez-toc-page-1 ez-toc-heading-level-2'><a class=\"ez-toc-link ez-toc-heading-1\" href=\"https:\/\/evdebakimparasimaasi.com\/blog\/engelli-maasi-ve-evde-bakim-maasi-hangi-durumlarda-kesilir\/#Engelli_Maasi_Kesilme_Durumu_Hangi_Sartlardadir\" >Engelli Maa\u015f\u0131 Kesilme Durumu Hangi \u015eartlardad\u0131r?<\/a><\/li><li class='ez-toc-page-1 ez-toc-heading-level-2'><a class=\"ez-toc-link ez-toc-heading-2\" href=\"https:\/\/evdebakimparasimaasi.com\/blog\/engelli-maasi-ve-evde-bakim-maasi-hangi-durumlarda-kesilir\/#Maasin_Hesaptan_Uzun_Sure_Cekilmemesi_Sorun_mudur\" >Maa\u015f\u0131n Hesaptan Uzun S\u00fcre \u00c7ekilmemesi Sorun mudur?<\/a><\/li><li class='ez-toc-page-1 ez-toc-heading-level-2'><a class=\"ez-toc-link ez-toc-heading-3\" href=\"https:\/\/evdebakimparasimaasi.com\/blog\/engelli-maasi-ve-evde-bakim-maasi-hangi-durumlarda-kesilir\/#Ikamet_Bilgilerine_Dikkat_Edilmeli\" >\u0130kamet Bilgilerine Dikkat Edilmeli<\/a><\/li><li class='ez-toc-page-1 ez-toc-heading-level-2'><a class=\"ez-toc-link ez-toc-heading-4\" href=\"https:\/\/evdebakimparasimaasi.com\/blog\/engelli-maasi-ve-evde-bakim-maasi-hangi-durumlarda-kesilir\/#Engellinin_Calismasi_Maasi_Keser_mi\" >Engellinin \u00c7al\u0131\u015fmas\u0131 Maa\u015f\u0131 Keser mi?<\/a><\/li><li class='ez-toc-page-1 ez-toc-heading-level-2'><a class=\"ez-toc-link ez-toc-heading-5\" href=\"https:\/\/evdebakimparasimaasi.com\/blog\/engelli-maasi-ve-evde-bakim-maasi-hangi-durumlarda-kesilir\/#Yas_Sinirina_Dikkat_Edilmeli\" >Ya\u015f S\u0131n\u0131r\u0131na Dikkat Edilmeli<\/a><\/li><li class='ez-toc-page-1 ez-toc-heading-level-2'><a class=\"ez-toc-link ez-toc-heading-6\" href=\"https:\/\/evdebakimparasimaasi.com\/blog\/engelli-maasi-ve-evde-bakim-maasi-hangi-durumlarda-kesilir\/#Evde_Bakim_Maasinin_Kesilmesine_Sebep_Olan_Durumlar\" >Evde Bak\u0131m Maa\u015f\u0131n\u0131n Kesilmesine Sebep Olan Durumlar<\/a><\/li><\/ul><\/nav><\/div>\n<h2><span class=\"ez-toc-section\" id=\"Engelli_Maasi_Kesilme_Durumu_Hangi_Sartlardadir\"><\/span>Engelli Maa\u015f\u0131 Kesilme Durumu Hangi \u015eartlardad\u0131r?<span class=\"ez-toc-section-end\"><\/span><\/h2>\n<p><strong>Engelli maa\u015f\u0131 kesilme durumlar\u0131<\/strong> i\u00e7erisinde en yayg\u0131n olarak kar\u015f\u0131la\u015f\u0131lan durum, engelli bireyin engellilik raporundaki oran\u0131n %40\u2019\u0131n alt\u0131na d\u00fc\u015fmesidir. Engelli bireylere verilen raporlar bazen s\u00fcreli olabilmektedir ve bu s\u00fcre sonunda rapor yenilenmezse ya da yeni raporda engel oran\u0131 %40\u2019\u0131n alt\u0131na inerse, maa\u015f \u00f6demesi durdurulur. Ayr\u0131ca s\u00fcresiz rapor sahibi bireylerin engel oran\u0131nda de\u011fi\u015fiklik tespit edilirse, haks\u0131z \u015fekilde al\u0131nan maa\u015f yasal faiziyle birlikte geri talep edilir.<\/p>\n<p>Evde bak\u0131m maa\u015f\u0131 kesilme durumu da s\u0131kl\u0131kla g\u00fcndeme gelen bir di\u011fer konudur. Evde bak\u0131m maa\u015f\u0131 engelli bireyin temel ihtiya\u00e7lar\u0131n\u0131 kar\u015f\u0131layan ve ona bakan yak\u0131nlar\u0131na verilen bir destektir. Ancak bak\u0131c\u0131n\u0131n engelli bireyle ayn\u0131 evde ya\u015famamas\u0131, bak\u0131m\u0131 gere\u011fi gibi yerine getirmemesi veya maa\u015f\u0131 amac\u0131na uygun kullanmamas\u0131 durumunda maa\u015f kesilmektedir. \u00d6zellikle bu maa\u015f\u0131 alan ki\u015finin adres de\u011fi\u015fikli\u011fi yap\u0131p yeni adresini bildirmemesi de evde bak\u0131m maa\u015f\u0131 kesilmesi ile sonu\u00e7lanabilir.<\/p>\n<figure id=\"attachment_3114\" aria-describedby=\"caption-attachment-3114\" style=\"width: 1350px\" class=\"wp-caption alignnone\"><img fetchpriority=\"high\" decoding=\"async\" class=\"size-full wp-image-3114\" src=\"https:\/\/evdebakimparasimaasi.com\/blog\/wp-content\/uploads\/2025\/01\/Engelli-ve-Evde-Bakim-Maasi-Hangi-Durumlarda-Kesilir4.jpg\" alt=\"Engelli ve Evde Bak\u0131m Maa\u015f\u0131 Hangi Durumlarda Kesilir\" width=\"1350\" height=\"884\" \/><figcaption id=\"caption-attachment-3114\" class=\"wp-caption-text\">Engelli ve Evde Bak\u0131m Maa\u015f\u0131 Hangi Durumlarda Kesilir<\/figcaption><\/figure>\n<h2><span class=\"ez-toc-section\" id=\"Maasin_Hesaptan_Uzun_Sure_Cekilmemesi_Sorun_mudur\"><\/span>Maa\u015f\u0131n Hesaptan Uzun S\u00fcre \u00c7ekilmemesi Sorun mudur?<span class=\"ez-toc-section-end\"><\/span><\/h2>\n<p><strong>Engelli maa\u015f\u0131 kesilmesi<\/strong> durumlar\u0131n\u0131n bir di\u011fer \u00f6nemli sebebi bireyin uzun s\u00fcre boyunca maa\u015f\u0131n\u0131 hesab\u0131ndan \u00e7ekmemesidir. Resmi olarak belirlenen s\u00fcre bir y\u0131l olarak kabul edilmekte ve bu s\u00fcre zarf\u0131nda maa\u015f \u00e7ekilmedi\u011fi takdirde ihtiya\u00e7 olmad\u0131\u011f\u0131 d\u00fc\u015f\u00fcn\u00fclerek maa\u015f kesilmektedir. Engelli maa\u015f\u0131 al\u0131rken hesab\u0131n aktif \u015fekilde kullan\u0131lmas\u0131 bu nedenle olduk\u00e7a \u00f6nemlidir.<\/p>\n<h2><span class=\"ez-toc-section\" id=\"Ikamet_Bilgilerine_Dikkat_Edilmeli\"><\/span>\u0130kamet Bilgilerine Dikkat Edilmeli<span class=\"ez-toc-section-end\"><\/span><\/h2>\n<p>Engelli bireyin <strong>evde bak\u0131m maa\u015f\u0131<\/strong> veya engelli maa\u015f\u0131 alabilmesi i\u00e7in gerekli bir di\u011fer unsur ise ikamet adresinin do\u011fru bir \u015fekilde bildirilmesidir. <a href=\"https:\/\/www.aile.gov.tr\/sygm\/genel-mudurluk\/sosyal-yardimlasma-ve-dayanisma-vakiflari\/\" rel=\"nofollow noopener\" target=\"_blank\">Sosyal Yard\u0131mla\u015fma ve Dayan\u0131\u015fma Vak\u0131flar\u0131<\/a>, engelli maa\u015f\u0131 alan bireylerin adreslerini d\u00fczenli olarak kontrol eder. Adres de\u011fi\u015fikli\u011fi yap\u0131l\u0131rken yeni adresin do\u011fru bildirilmemesi ya da yeni adresin farkl\u0131 bir vak\u0131f b\u00f6lgesinde olmas\u0131 durumunda dosya g\u00fcncellenmezse maa\u015f kesilebilir. Vak\u0131flar\u0131n her sene yapt\u0131\u011f\u0131 ev ziyaretleri bu tarz durumlar\u0131 tespit etmek amac\u0131yla yap\u0131lmaktad\u0131r.<\/p>\n<h2><span class=\"ez-toc-section\" id=\"Engellinin_Calismasi_Maasi_Keser_mi\"><\/span>Engellinin \u00c7al\u0131\u015fmas\u0131 Maa\u015f\u0131 Keser mi?<span class=\"ez-toc-section-end\"><\/span><\/h2>\n<p>Engelli maa\u015f\u0131 veya evde bak\u0131m maa\u015f\u0131n\u0131n kesilmesine yol a\u00e7an di\u011fer \u00f6nemli fakt\u00f6rlerden biri, engelli bireyin \u00e7al\u0131\u015fma hayat\u0131na kat\u0131lmas\u0131d\u0131r. Engelli maa\u015f\u0131 ki\u015finin herhangi bir gelir kayna\u011f\u0131n\u0131n olmad\u0131\u011f\u0131 durumlarda verildi\u011fi i\u00e7in, bireyin sigortal\u0131 bir i\u015fte \u00e7al\u0131\u015fmas\u0131 halinde maa\u015f kesilir. Ancak bireyin maa\u015f\u0131 hesab\u0131nda kalan tutar\u0131 \u00e7ekmesine izin verilir. Bu nedenle engelli maa\u015f\u0131 al\u0131rken gelir durumundaki de\u011fi\u015fikliklerin do\u011fru bir \u015fekilde bildirilmesi gerekir.<\/p>\n<p>Baz\u0131 durumlarda, engelli bireyin vatanda\u015fl\u0131ktan \u00e7\u0131kmas\u0131 veya farkl\u0131 bir \u00fclkenin vatanda\u015f\u0131 olmas\u0131 maa\u015f kesintisine neden olmaktad\u0131r. Bu maa\u015f T\u00fcrkiye Cumhuriyeti vatanda\u015flar\u0131na \u00f6zel bir yard\u0131m niteli\u011finde oldu\u011fundan, vatanda\u015fl\u0131ktan \u00e7\u0131kan bireylerin maa\u015f\u0131 da otomatik olarak durdurulmaktad\u0131r.<\/p>\n<figure id=\"attachment_3115\" aria-describedby=\"caption-attachment-3115\" style=\"width: 1233px\" class=\"wp-caption alignnone\"><img decoding=\"async\" class=\"size-full wp-image-3115\" src=\"https:\/\/evdebakimparasimaasi.com\/blog\/wp-content\/uploads\/2025\/01\/Engelli-ve-Evde-Bakim-Maasi-Hangi-Durumlarda-Kesilir3.jpg\" alt=\"Engelli ve Evde Bak\u0131m Maa\u015f\u0131 Hangi Durumlarda Kesilir\" width=\"1233\" height=\"816\" \/><figcaption id=\"caption-attachment-3115\" class=\"wp-caption-text\">Engelli ve Evde Bak\u0131m Maa\u015f\u0131 Hangi Durumlarda Kesilir<\/figcaption><\/figure>\n<h2><span class=\"ez-toc-section\" id=\"Yas_Sinirina_Dikkat_Edilmeli\"><\/span>Ya\u015f S\u0131n\u0131r\u0131na Dikkat Edilmeli<span class=\"ez-toc-section-end\"><\/span><\/h2>\n<p><strong>Engelli maa\u015f\u0131 kesilmesi<\/strong> i\u00e7in ya\u015f s\u0131n\u0131r\u0131 da \u00f6nemlidir. Bir engelli bireyin re\u015fit olmamas\u0131 durumunda ailesine veya bak\u0131c\u0131s\u0131na \u00f6denen maa\u015f bireyin 18 ya\u015f\u0131na girmesiyle birlikte kesilebilmektedir. 18 ya\u015f alt\u0131nda verilen maa\u015f\u0131n kriterleri ile yeti\u015fkin bireylerin maa\u015f kriterleri farkl\u0131d\u0131r. Bu nedenle bireyin yeti\u015fkinli\u011fe ula\u015fmas\u0131yla birlikte yeniden gelir testi yap\u0131lmas\u0131 gerekebilir.<\/p>\n<p>Engelli bireyin \u00fczerine kay\u0131tl\u0131 bir ev veya arac\u0131n bulunmas\u0131, maa\u015f kesilmesine do\u011frudan neden olmaz. Ancak bu durum gelir testine dahil edilir ve bireyin toplam gelir seviyesi hesaba kat\u0131l\u0131r. Gelir seviyesinin y\u00fcksek \u00e7\u0131kmas\u0131 durumunda maa\u015f kesintisi ya\u015fanabilir.<\/p>\n<p>Son olarak <a href=\"https:\/\/evdebakimparasimaasi.com\/blog\/engelli-emeklilik-vergi-indirimi-sartlari-nedir\/\">engelli maa\u015f\u0131<\/a> alan birey kendi iste\u011fiyle maa\u015ftan feragat edebilir. Bunun i\u00e7in resmi kuruma yaz\u0131l\u0131 bir dilek\u00e7e ile ba\u015fvurmas\u0131 yeterlidir. Ancak maa\u015f\u0131n tekrar ba\u015flat\u0131labilmesi i\u00e7in yeniden ba\u015fvuru yap\u0131lmas\u0131 ve gerekli \u015fartlar\u0131n tekrar sa\u011flanmas\u0131 gerekir.<\/p>\n<figure id=\"attachment_3116\" aria-describedby=\"caption-attachment-3116\" style=\"width: 1244px\" class=\"wp-caption alignnone\"><img decoding=\"async\" class=\"size-full wp-image-3116\" src=\"https:\/\/evdebakimparasimaasi.com\/blog\/wp-content\/uploads\/2025\/01\/Engelli-ve-Evde-Bakim-Maasi-Hangi-Durumlarda-Kesilir2.jpg\" alt=\"Engelli ve Evde Bak\u0131m Maa\u015f\u0131 Hangi Durumlarda Kesilir\" width=\"1244\" height=\"755\" \/><figcaption id=\"caption-attachment-3116\" class=\"wp-caption-text\">Engelli ve Evde Bak\u0131m Maa\u015f\u0131 Hangi Durumlarda Kesilir<\/figcaption><\/figure>\n<h2><span class=\"ez-toc-section\" id=\"Evde_Bakim_Maasinin_Kesilmesine_Sebep_Olan_Durumlar\"><\/span>Evde Bak\u0131m Maa\u015f\u0131n\u0131n Kesilmesine Sebep Olan Durumlar<span class=\"ez-toc-section-end\"><\/span><\/h2>\n<p>Evde bak\u0131m maa\u015f\u0131 bak\u0131ma muhta\u00e7 bireyler i\u00e7in verilen bir destektir. Ancak baz\u0131 durumlar, bak\u0131m maa\u015f\u0131n\u0131n kesilmesine yol a\u00e7abilir. Evde bak\u0131m maa\u015f\u0131n\u0131n kesilmesine sebep durumlar ise \u015fu \u015fekildedir;<\/p>\n<ul>\n<li>Ki\u015finin sa\u011fl\u0131k durumu iyile\u015fti\u011finde, \u00f6rne\u011fin ge\u00e7irdi\u011fi bir ameliyat veya tedavi sonras\u0131 daha fazla bak\u0131ma ihtiya\u00e7 duymayabilir. Bu durumda, bak\u0131m maa\u015f\u0131 durdurulabilir \u00e7\u00fcnk\u00fc ki\u015fi art\u0131k bak\u0131m deste\u011fine gereksinim duymaz.<\/li>\n<li>Evde bak\u0131m maa\u015f\u0131 hem hastaya hem de bak\u0131m\u0131n\u0131 \u00fcstlenen ki\u015fiye \u00f6denebilmektedir. Ancak hasta veya bak\u0131c\u0131 vefat etti\u011finde, bak\u0131m hizmetine olan ihtiya\u00e7 sona erdi\u011finden maa\u015f \u00f6demesi de sonlan\u0131r.<\/li>\n<li>Evde bak\u0131m maa\u015f\u0131 alan bireylerin durumu belirli aral\u0131klarla denetlenmektedir. Yap\u0131lan denetimler s\u0131ras\u0131nda, bak\u0131m\u0131n yetersiz oldu\u011fu, ihmal edildi\u011fi veya bak\u0131m hizmetlerinin gerekti\u011fi gibi verilmedi\u011fi tespit edilirse maa\u015f \u00f6demeleri kesilebilir. Ayr\u0131ca bak\u0131c\u0131lar\u0131n hastaya kar\u015f\u0131 k\u00f6t\u00fc muamelede bulunmas\u0131 veya ihmalde bulunmas\u0131 da maa\u015f \u00f6demesinin sonlanmas\u0131na neden olabilir.<\/li>\n<\/ul>\n<p><strong>Evde bak\u0131m maa\u015f\u0131n\u0131n kesilmemesi<\/strong> i\u00e7in bak\u0131m\u0131n d\u00fczg\u00fcn bir \u015fekilde sa\u011flanmas\u0131 ve denetimlere uygunluk \u00f6nemlidir. Bu y\u00fczden bak\u0131m hizmetlerinin belirli kurallara uygun olarak verilmesi herhangi bir usuls\u00fczl\u00fckten ka\u00e7\u0131n\u0131lmas\u0131 gerekmektedir.<\/p>\n<p>&nbsp;<\/p>\n<p>&nbsp;<\/p>\n","protected":false},"excerpt":{"rendered":"<p>Engelli maa\u015f\u0131, toplumda ya\u015fanan e\u015fitlik ve adalet anlay\u0131\u015f\u0131 \u00e7er\u00e7evesinde, maddi zorluklar ya\u015fayan engelli bireylere sunulan \u00f6nemli bir destektir. Ancak bu maa\u015f\u0131n al\u0131nabilmesi i\u00e7in belirli \u015fartlar\u0131n&#46;&#46;&#46;<\/p>\n","protected":false},"author":2,"featured_media":3117,"comment_status":"open","ping_status":"open","sticky":false,"template":"","format":"standard","meta":{"footnotes":""},"categories":[8],"tags":[],"class_list":["post-3113","post","type-post","status-publish","format-standard","has-post-thumbnail","hentry","category-bilgi"],"_links":{"self":[{"href":"https:\/\/evdebakimparasimaasi.com\/blog\/wp-json\/wp\/v2\/posts\/3113","targetHints":{"allow":["GET"]}}],"collection":[{"href":"https:\/\/evdebakimparasimaasi.com\/blog\/wp-json\/wp\/v2\/posts"}],"about":[{"href":"https:\/\/evdebakimparasimaasi.com\/blog\/wp-json\/wp\/v2\/types\/post"}],"author":[{"embeddable":true,"href":"https:\/\/evdebakimparasimaasi.com\/blog\/wp-json\/wp\/v2\/users\/2"}],"replies":[{"embeddable":true,"href":"https:\/\/evdebakimparasimaasi.com\/blog\/wp-json\/wp\/v2\/comments?post=3113"}],"version-history":[{"count":0,"href":"https:\/\/evdebakimparasimaasi.com\/blog\/wp-json\/wp\/v2\/posts\/3113\/revisions"}],"wp:featuredmedia":[{"embeddable":true,"href":"https:\/\/evdebakimparasimaasi.com\/blog\/wp-json\/wp\/v2\/media\/3117"}],"wp:attachment":[{"href":"https:\/\/evdebakimparasimaasi.com\/blog\/wp-json\/wp\/v2\/media?parent=3113"}],"wp:term":[{"taxonomy":"category","embeddable":true,"href":"https:\/\/evdebakimparasimaasi.com\/blog\/wp-json\/wp\/v2\/categories?post=3113"},{"taxonomy":"post_tag","embeddable":true,"href":"https:\/\/evdebakimparasimaasi.com\/blog\/wp-json\/wp\/v2\/tags?post=3113"}],"curies":[{"name":"wp","href":"https:\/\/api.w.org\/{rel}","templated":true}]}}