{"id":3153,"date":"2025-01-06T16:37:07","date_gmt":"2025-01-06T13:37:07","guid":{"rendered":"https:\/\/evdebakimparasimaasi.com\/blog\/?p=3153"},"modified":"2025-01-06T16:37:07","modified_gmt":"2025-01-06T13:37:07","slug":"evde-bakim-ayligi-ne-zaman-yatar","status":"publish","type":"post","link":"https:\/\/evdebakimparasimaasi.com\/blog\/evde-bakim-ayligi-ne-zaman-yatar\/","title":{"rendered":"Evde Bak\u0131m Ayl\u0131\u011f\u0131 Ne Zaman Yatar?"},"content":{"rendered":"<p><strong>Evde bak\u0131m ayl\u0131\u011f\u0131<\/strong> Aile ve Sosyal Hizmetler Bakanl\u0131\u011f\u0131 taraf\u0131ndan a\u011f\u0131r engelli ya da ya\u015fl\u0131 bireylerin temel gereksinimlerini kar\u015f\u0131lamak ve aile ortam\u0131nda ya\u015famlar\u0131n\u0131 s\u00fcrd\u00fcrmelerini sa\u011flamak amac\u0131yla verilen maddi bir destektir. Bu \u00f6deme bak\u0131ma muhta\u00e7 bireylerin ihtiya\u00e7lar\u0131n\u0131 kar\u015f\u0131layan aile \u00fcyelerine yap\u0131l\u0131r. Ayl\u0131k deste\u011fin amac\u0131 bireylerin sosyal ya\u015fama dahil olmalar\u0131n\u0131 kolayla\u015ft\u0131rmak ve ailelerin \u00fczerindeki bak\u0131m y\u00fck\u00fcn\u00fc hafifletmektir.<\/p>\n<div id=\"ez-toc-container\" class=\"ez-toc-v2_0_82_2 counter-hierarchy ez-toc-counter ez-toc-grey ez-toc-container-direction\">\n<div class=\"ez-toc-title-container\">\n<p class=\"ez-toc-title\" style=\"cursor:inherit\">\u0130\u00e7indekiler<\/p>\n<span class=\"ez-toc-title-toggle\"><a href=\"#\" class=\"ez-toc-pull-right ez-toc-btn ez-toc-btn-xs ez-toc-btn-default ez-toc-toggle\" aria-label=\"\u0130\u00e7indekiler Tablosunu A\u00e7\/Kapat\"><span class=\"ez-toc-js-icon-con\"><span class=\"\"><span class=\"eztoc-hide\" style=\"display:none;\">Toggle<\/span><span class=\"ez-toc-icon-toggle-span\"><svg style=\"fill: #999;color:#999\" xmlns=\"http:\/\/www.w3.org\/2000\/svg\" class=\"list-377408\" width=\"20px\" height=\"20px\" viewBox=\"0 0 24 24\" fill=\"none\"><path d=\"M6 6H4v2h2V6zm14 0H8v2h12V6zM4 11h2v2H4v-2zm16 0H8v2h12v-2zM4 16h2v2H4v-2zm16 0H8v2h12v-2z\" fill=\"currentColor\"><\/path><\/svg><svg style=\"fill: #999;color:#999\" class=\"arrow-unsorted-368013\" xmlns=\"http:\/\/www.w3.org\/2000\/svg\" width=\"10px\" height=\"10px\" viewBox=\"0 0 24 24\" version=\"1.2\" baseProfile=\"tiny\"><path d=\"M18.2 9.3l-6.2-6.3-6.2 6.3c-.2.2-.3.4-.3.7s.1.5.3.7c.2.2.4.3.7.3h11c.3 0 .5-.1.7-.3.2-.2.3-.5.3-.7s-.1-.5-.3-.7zM5.8 14.7l6.2 6.3 6.2-6.3c.2-.2.3-.5.3-.7s-.1-.5-.3-.7c-.2-.2-.4-.3-.7-.3h-11c-.3 0-.5.1-.7.3-.2.2-.3.5-.3.7s.1.5.3.7z\"\/><\/svg><\/span><\/span><\/span><\/a><\/span><\/div>\n<nav><ul class='ez-toc-list ez-toc-list-level-1 ' ><li class='ez-toc-page-1 ez-toc-heading-level-2'><a class=\"ez-toc-link ez-toc-heading-1\" href=\"https:\/\/evdebakimparasimaasi.com\/blog\/evde-bakim-ayligi-ne-zaman-yatar\/#Evde_Bakim_Ayligi_Alma_Sartlari\" >Evde Bak\u0131m Ayl\u0131\u011f\u0131 Alma \u015eartlar\u0131<\/a><\/li><li class='ez-toc-page-1 ez-toc-heading-level-2'><a class=\"ez-toc-link ez-toc-heading-2\" href=\"https:\/\/evdebakimparasimaasi.com\/blog\/evde-bakim-ayligi-ne-zaman-yatar\/#Evde_Bakim_Ayligi_Yatirma_Suresi_ve_Takvimi\" >Evde Bak\u0131m Ayl\u0131\u011f\u0131 Yat\u0131rma S\u00fcresi ve Takvimi<\/a><\/li><li class='ez-toc-page-1 ez-toc-heading-level-2'><a class=\"ez-toc-link ez-toc-heading-3\" href=\"https:\/\/evdebakimparasimaasi.com\/blog\/evde-bakim-ayligi-ne-zaman-yatar\/#Evde_Bakim_Ayliginin_Kesilme_Sebepleri\" >Evde Bak\u0131m Ayl\u0131\u011f\u0131n\u0131n Kesilme Sebepleri<\/a><\/li><li class='ez-toc-page-1 ez-toc-heading-level-2'><a class=\"ez-toc-link ez-toc-heading-4\" href=\"https:\/\/evdebakimparasimaasi.com\/blog\/evde-bakim-ayligi-ne-zaman-yatar\/#Evde_Bakim_Maasi_Alimini_Surdurmek_Icin_Nelere_Dikkat_Edilmeli\" >Evde Bak\u0131m Maa\u015f\u0131 Al\u0131m\u0131n\u0131 S\u00fcrd\u00fcrmek \u0130\u00e7in Nelere Dikkat Edilmeli?<\/a><\/li><li class='ez-toc-page-1 ez-toc-heading-level-2'><a class=\"ez-toc-link ez-toc-heading-5\" href=\"https:\/\/evdebakimparasimaasi.com\/blog\/evde-bakim-ayligi-ne-zaman-yatar\/#Bakimi_Yapilan_Kisinin_Vefat_Etmesi_Durumu\" >Bak\u0131m\u0131 Yap\u0131lan Ki\u015finin Vefat Etmesi Durumu<\/a><\/li><li class='ez-toc-page-1 ez-toc-heading-level-2'><a class=\"ez-toc-link ez-toc-heading-6\" href=\"https:\/\/evdebakimparasimaasi.com\/blog\/evde-bakim-ayligi-ne-zaman-yatar\/#Bakici_Maasi_Alirken_Bakim_Parasi_Alinabilir_Mi\" >Bak\u0131c\u0131 Maa\u015f\u0131 Al\u0131rken Bak\u0131m Paras\u0131 Al\u0131nabilir Mi?<\/a><\/li><li class='ez-toc-page-1 ez-toc-heading-level-2'><a class=\"ez-toc-link ez-toc-heading-7\" href=\"https:\/\/evdebakimparasimaasi.com\/blog\/evde-bakim-ayligi-ne-zaman-yatar\/#Evde_Bakim_Ayligi_Sorgulama_ve_Yatan_Illerin_Listesi\" >Evde Bak\u0131m Ayl\u0131\u011f\u0131 Sorgulama ve Yatan \u0130llerin Listesi<\/a><\/li><\/ul><\/nav><\/div>\n<h2><span class=\"ez-toc-section\" id=\"Evde_Bakim_Ayligi_Alma_Sartlari\"><\/span>Evde Bak\u0131m Ayl\u0131\u011f\u0131 Alma \u015eartlar\u0131<span class=\"ez-toc-section-end\"><\/span><\/h2>\n<p>Evde bak\u0131m ayl\u0131\u011f\u0131ndan faydalanabilmek i\u00e7in belirli ko\u015fullar\u0131 yerine getirmek gereklidir. Ba\u015fvuru s\u00fcreci genellikle e-Devlet \u00fczerinden y\u00fcr\u00fct\u00fclmektedir. Ba\u015fvuru ad\u0131mlar\u0131 \u015fu \u015fekildedir;<\/p>\n<ul>\n<li>e-Devlet sistemine giri\u015f yap\u0131lmal\u0131d\u0131r.<\/li>\n<li>Ana sayfada yer alan arama k\u0131sm\u0131na Aile ve Sosyal Hizmetler Bakanl\u0131\u011f\u0131 yaz\u0131larak ilgili hizmetlere ula\u015f\u0131lmal\u0131d\u0131r.<\/li>\n<li>&#8220;Engelli Evde Bak\u0131m \u00d6deme Bilgileri Sorgulama&#8221; se\u00e7ene\u011fi se\u00e7ilerek sorgulama i\u015flemi ba\u015flat\u0131l\u0131r.<\/li>\n<li>Kimlik do\u011frulamas\u0131 yap\u0131lmas\u0131 gerekmektedir. Bu i\u015flem; e-Devlet \u015fifresi, mobil imza, elektronik imza, T.C. kimlik kart\u0131 ya da internet bankac\u0131l\u0131\u011f\u0131 y\u00f6ntemlerinden biri ile tamamlanabilir.<\/li>\n<li>Kimlik do\u011fruland\u0131ktan sonra \u00f6deme bilgilerine eri\u015filebilir.<\/li>\n<\/ul>\n<p>Ba\u015fvuru s\u00fcrecinde e-Devlet \u015fifresi kullanacak bireylerin, \u015fifrelerini PTT \u015fubelerinden almalar\u0131 gerekir.<\/p>\n<figure id=\"attachment_3154\" aria-describedby=\"caption-attachment-3154\" style=\"width: 1254px\" class=\"wp-caption alignnone\"><img fetchpriority=\"high\" decoding=\"async\" class=\"size-full wp-image-3154\" src=\"https:\/\/evdebakimparasimaasi.com\/blog\/wp-content\/uploads\/2025\/01\/Evde-bakim-ayligi4.jpg\" alt=\"Evde Bak\u0131m Ayl\u0131\u011f\u0131 Ne Zaman Yatar\" width=\"1254\" height=\"836\" \/><figcaption id=\"caption-attachment-3154\" class=\"wp-caption-text\">Evde Bak\u0131m Ayl\u0131\u011f\u0131 Ne Zaman Yatar<\/figcaption><\/figure>\n<h2><span class=\"ez-toc-section\" id=\"Evde_Bakim_Ayligi_Yatirma_Suresi_ve_Takvimi\"><\/span>Evde Bak\u0131m Ayl\u0131\u011f\u0131 Yat\u0131rma S\u00fcresi ve Takvimi<span class=\"ez-toc-section-end\"><\/span><\/h2>\n<p>Evde bak\u0131m ayl\u0131\u011f\u0131 alan bireyler i\u00e7in en s\u0131k merak edilen konular\u0131n ba\u015f\u0131nda <strong>Evde bak\u0131m ayl\u0131\u011f\u0131 ne zaman yatar<\/strong> sorusu gelir. Bu ayl\u0131k, her ay\u0131n 15\u2019i ile 31\u2019i aras\u0131nda hesaplara aktar\u0131l\u0131r. Aile ve Sosyal Hizmetler Bakanl\u0131\u011f\u0131 taraf\u0131ndan belirlenen <strong>evde bak\u0131m ayl\u0131\u011f\u0131 yat\u0131rma s\u00fcresi<\/strong> ay\u0131n ikinci yar\u0131s\u0131n\u0131 kapsar. \u00d6deme takvimi ise her ay d\u00fczenli olarak i\u015fletilerek ihtiya\u00e7 sahiplerinin hesaplar\u0131na yat\u0131r\u0131l\u0131r.<\/p>\n<p>Evde bak\u0131m maa\u015f\u0131 \u00f6demelerinin durumu, e-Devlet \u00fczerinden T.C. kimlik numaras\u0131 ve \u015fifre ile kolayca sorgulanabilir. Alternatif olarak, SMS y\u00f6ntemiyle de sorgulama yap\u0131labilir. Bunun i\u00e7in &#8220;BAKIYE&#8221; yaz\u0131larak 4747\u2019ye SMS g\u00f6nderilmesi yeterlidir.<\/p>\n<h2><span class=\"ez-toc-section\" id=\"Evde_Bakim_Ayliginin_Kesilme_Sebepleri\"><\/span>Evde Bak\u0131m Ayl\u0131\u011f\u0131n\u0131n Kesilme Sebepleri<span class=\"ez-toc-section-end\"><\/span><\/h2>\n<p>Baz\u0131 durumlarda evde bak\u0131m maa\u015f\u0131 \u00f6demeleri kesilebilir. \u0130\u015fte bu durumlardan baz\u0131lar\u0131:<\/p>\n<ul>\n<li>Bak\u0131c\u0131n\u0131n yeterli s\u00fcre bak\u0131m yapmamas\u0131: Hasta ki\u015finin yan\u0131nda g\u00fcnde 8 saatten daha az zaman ge\u00e7irildi\u011fi tespit edilirse maa\u015f kesilmektedir.<\/li>\n<li>Bak\u0131m ko\u015fullar\u0131n\u0131n yetersiz olmas\u0131: E\u011fer bak\u0131c\u0131, hastaya uygun ko\u015fullar\u0131 sa\u011flayamaz ya da k\u00f6t\u00fc muamelede bulunursa maa\u015f kesilir.<\/li>\n<li>Gelir d\u00fczeyinin artmas\u0131: Evde bak\u0131m ayl\u0131\u011f\u0131 alabilmek i\u00e7in hane gelirinin belirlenen asgari \u00fccretin 2\/3\u2019\u00fcnden d\u00fc\u015f\u00fck olmas\u0131 gereklidir. Bu \u015fart\u0131n ihlal edilmesi durumunda \u00f6deme kesilir.<\/li>\n<li>Mal varl\u0131\u011f\u0131ndaki de\u011fi\u015fiklik: Hane i\u00e7indeki mal varl\u0131\u011f\u0131 artar ve belirlenen s\u0131n\u0131r\u0131n \u00fcst\u00fcne \u00e7\u0131karsa maa\u015f iptal edilir.<\/li>\n<\/ul>\n<h2><span class=\"ez-toc-section\" id=\"Evde_Bakim_Maasi_Alimini_Surdurmek_Icin_Nelere_Dikkat_Edilmeli\"><\/span>Evde Bak\u0131m Maa\u015f\u0131 Al\u0131m\u0131n\u0131 S\u00fcrd\u00fcrmek \u0130\u00e7in Nelere Dikkat Edilmeli?<span class=\"ez-toc-section-end\"><\/span><\/h2>\n<p>Evde bak\u0131m maa\u015f\u0131n\u0131n d\u00fczenli olarak al\u0131nabilmesi i\u00e7in dikkat edilmesi gereken birka\u00e7 \u00f6nemli husus bulunmaktad\u0131r:<\/p>\n<ul>\n<li>Rapor s\u00fcresine dikkat edilmelidir. Bak\u0131m maa\u015f\u0131 alabilmek i\u00e7in al\u0131nan raporun ge\u00e7erlilik s\u00fcresi doldu\u011funda, maa\u015f kesilir. Bu nedenle raporun yenilenmesi i\u00e7in zaman\u0131nda i\u015flem yap\u0131lmal\u0131 ve yeni rapor ilgili m\u00fcd\u00fcrl\u00fcklere iletilmelidir.<\/li>\n<li>Adres de\u011fi\u015fiklikleri bildirilmelidir. Adres de\u011fi\u015fikli\u011fi yapan bireylerin bunu 15 g\u00fcn i\u00e7inde yetkililere bildirmesi gerekir. Aksi takdirde haks\u0131z yere maa\u015f al\u0131n\u0131yor kabul edilip \u00f6denen tutar\u0131n geri iadesi talep edilebilir.<\/li>\n<\/ul>\n<figure id=\"attachment_3155\" aria-describedby=\"caption-attachment-3155\" style=\"width: 1200px\" class=\"wp-caption alignnone\"><img decoding=\"async\" class=\"size-full wp-image-3155\" src=\"https:\/\/evdebakimparasimaasi.com\/blog\/wp-content\/uploads\/2025\/01\/Evde-bakim-ayligi3.jpg\" alt=\"Evde Bak\u0131m Ayl\u0131\u011f\u0131 Ne Zaman Yatar\" width=\"1200\" height=\"627\" \/><figcaption id=\"caption-attachment-3155\" class=\"wp-caption-text\">Evde Bak\u0131m Ayl\u0131\u011f\u0131 Ne Zaman Yatar<\/figcaption><\/figure>\n<h2><span class=\"ez-toc-section\" id=\"Bakimi_Yapilan_Kisinin_Vefat_Etmesi_Durumu\"><\/span>Bak\u0131m\u0131 Yap\u0131lan Ki\u015finin Vefat Etmesi Durumu<span class=\"ez-toc-section-end\"><\/span><\/h2>\n<p>Bak\u0131m\u0131 yap\u0131lan bireyin hayat\u0131n\u0131 kaybetmesi halinde, bu durumun 15 g\u00fcn i\u00e7erisinde yetkililere bildirilmesi gereklidir. E\u011fer \u00f6l\u00fcm bildirimi yap\u0131lmazsa, \u00f6denen maa\u015f haks\u0131z kazan\u00e7 olarak de\u011ferlendirilir ve yasal i\u015flem ba\u015flat\u0131l\u0131r. Ayr\u0131ca geriye d\u00f6n\u00fck al\u0131nan maa\u015flar\u0131n da iadesi istenir.<\/p>\n<h2><span class=\"ez-toc-section\" id=\"Bakici_Maasi_Alirken_Bakim_Parasi_Alinabilir_Mi\"><\/span>Bak\u0131c\u0131 Maa\u015f\u0131 Al\u0131rken Bak\u0131m Paras\u0131 Al\u0131nabilir Mi?<span class=\"ez-toc-section-end\"><\/span><\/h2>\n<p><a href=\"https:\/\/evdebakimparasimaasi.com\/blog\/evde-bakim-maasi-sartlari-kimler-faydalanabilir\/\">Evde bak\u0131m<\/a> hizmeti sa\u011flamak amac\u0131yla bak\u0131c\u0131 \u00e7al\u0131\u015ft\u0131rmak bak\u0131m paras\u0131 alman\u0131za engel te\u015fkil etmez. Bak\u0131c\u0131 olarak g\u00f6revlendirilen ki\u015fi, yak\u0131n akraba olabilir ve bu durum, bak\u0131m paras\u0131 al\u0131m\u0131n\u0131 etkilemez. Bak\u0131c\u0131 maa\u015f\u0131, belirli \u015fartlar alt\u0131nda Aile ve Sosyal Hizmetler Bakanl\u0131\u011f\u0131 veya kaymakaml\u0131k arac\u0131l\u0131\u011f\u0131yla sa\u011flanan devlet deste\u011fiyle \u00f6denebilir.<\/p>\n<p>Ancak bak\u0131c\u0131 olarak g\u00f6sterilen ki\u015fi asl\u0131nda bak\u0131m hizmeti sunmuyorsa ba\u015fka bir i\u015fte \u00e7al\u0131\u015f\u0131yorsa veya bak\u0131m hizmetini yerine getirmiyorsa, bu durum ciddi sorunlara yol a\u00e7abilir. E\u011fer b\u00f6yle bir durum tespit edilirse, yalan beyanda bulunmu\u015f say\u0131labilirsiniz ve bunun hukuki sonu\u00e7lar\u0131 olabilir. Ayr\u0131ca daha \u00f6nce al\u0131nan bak\u0131m paralar\u0131n\u0131n geri istenmesi gibi bir durumla kar\u015f\u0131la\u015f\u0131labilir.<\/p>\n<figure id=\"attachment_3157\" aria-describedby=\"caption-attachment-3157\" style=\"width: 1080px\" class=\"wp-caption alignnone\"><img decoding=\"async\" class=\"size-full wp-image-3157\" src=\"https:\/\/evdebakimparasimaasi.com\/blog\/wp-content\/uploads\/2025\/01\/Evde-bakim-ayligi2.jpg\" alt=\"Evde Bak\u0131m Ayl\u0131\u011f\u0131 Ne Zaman Yatar\" width=\"1080\" height=\"615\" \/><figcaption id=\"caption-attachment-3157\" class=\"wp-caption-text\">Evde Bak\u0131m Ayl\u0131\u011f\u0131 Ne Zaman Yatar<\/figcaption><\/figure>\n<p>E\u011fer bak\u0131m hizmeti sa\u011flayan ki\u015fi asl\u0131nda hastaya bak\u0131m vermiyor ve ba\u015fka bir gelir kayna\u011f\u0131 varsa, bu durum ki\u015finin gelirini art\u0131rabilir. Bunun sonucunda ki\u015finin hanelerine d\u00fc\u015fen gelir miktar\u0131 yeniden hesaplan\u0131r ve bak\u0131m paras\u0131 ba\u015fvurusu tekrar g\u00f6zden ge\u00e7irilir.<\/p>\n<p>Bu nedenle bak\u0131m paras\u0131 al\u0131rken ger\u00e7ek bak\u0131m hizmeti sa\u011flanmas\u0131 ve beyan edilen durumun do\u011fru olmas\u0131 \u00f6nemlidir.<\/p>\n<h2><span class=\"ez-toc-section\" id=\"Evde_Bakim_Ayligi_Sorgulama_ve_Yatan_Illerin_Listesi\"><\/span>Evde Bak\u0131m Ayl\u0131\u011f\u0131 Sorgulama ve Yatan \u0130llerin Listesi<span class=\"ez-toc-section-end\"><\/span><\/h2>\n<p>Evde bak\u0131m maa\u015f\u0131 \u00f6demelerinin yat\u0131r\u0131ld\u0131\u011f\u0131 illeri g\u00f6rmek isteyen bireyler, e-Devlet \u00fczerinden sorgulama yapabilirler. Bu y\u00f6ntemle g\u00fcncel bilgiye h\u0131zl\u0131ca ula\u015f\u0131labilir. Ayr\u0131ca SMS y\u00f6ntemi ile de maa\u015f durumu \u00f6\u011frenilebilir. Ay\u0131n ikinci yar\u0131s\u0131ndan itibaren <strong>evde bak\u0131m ayl\u0131\u011f\u0131 yat\u0131rma takvimi<\/strong> kapsam\u0131nda \u00f6demelerin hangi illere yap\u0131ld\u0131\u011f\u0131 kontrol edilebilir.<\/p>\n<p>&nbsp;<\/p>\n","protected":false},"excerpt":{"rendered":"<p>Evde bak\u0131m ayl\u0131\u011f\u0131 Aile ve Sosyal Hizmetler Bakanl\u0131\u011f\u0131 taraf\u0131ndan a\u011f\u0131r engelli ya da ya\u015fl\u0131 bireylerin temel gereksinimlerini kar\u015f\u0131lamak ve aile ortam\u0131nda ya\u015famlar\u0131n\u0131 s\u00fcrd\u00fcrmelerini sa\u011flamak amac\u0131yla&#46;&#46;&#46;<\/p>\n","protected":false},"author":2,"featured_media":3156,"comment_status":"open","ping_status":"open","sticky":false,"template":"","format":"standard","meta":{"footnotes":""},"categories":[8],"tags":[],"class_list":["post-3153","post","type-post","status-publish","format-standard","has-post-thumbnail","hentry","category-bilgi"],"_links":{"self":[{"href":"https:\/\/evdebakimparasimaasi.com\/blog\/wp-json\/wp\/v2\/posts\/3153","targetHints":{"allow":["GET"]}}],"collection":[{"href":"https:\/\/evdebakimparasimaasi.com\/blog\/wp-json\/wp\/v2\/posts"}],"about":[{"href":"https:\/\/evdebakimparasimaasi.com\/blog\/wp-json\/wp\/v2\/types\/post"}],"author":[{"embeddable":true,"href":"https:\/\/evdebakimparasimaasi.com\/blog\/wp-json\/wp\/v2\/users\/2"}],"replies":[{"embeddable":true,"href":"https:\/\/evdebakimparasimaasi.com\/blog\/wp-json\/wp\/v2\/comments?post=3153"}],"version-history":[{"count":0,"href":"https:\/\/evdebakimparasimaasi.com\/blog\/wp-json\/wp\/v2\/posts\/3153\/revisions"}],"wp:featuredmedia":[{"embeddable":true,"href":"https:\/\/evdebakimparasimaasi.com\/blog\/wp-json\/wp\/v2\/media\/3156"}],"wp:attachment":[{"href":"https:\/\/evdebakimparasimaasi.com\/blog\/wp-json\/wp\/v2\/media?parent=3153"}],"wp:term":[{"taxonomy":"category","embeddable":true,"href":"https:\/\/evdebakimparasimaasi.com\/blog\/wp-json\/wp\/v2\/categories?post=3153"},{"taxonomy":"post_tag","embeddable":true,"href":"https:\/\/evdebakimparasimaasi.com\/blog\/wp-json\/wp\/v2\/tags?post=3153"}],"curies":[{"name":"wp","href":"https:\/\/api.w.org\/{rel}","templated":true}]}}