{"id":3169,"date":"2025-01-06T19:56:27","date_gmt":"2025-01-06T16:56:27","guid":{"rendered":"https:\/\/evdebakimparasimaasi.com\/blog\/?p=3169"},"modified":"2025-01-06T19:56:27","modified_gmt":"2025-01-06T16:56:27","slug":"kimler-evde-bakici-maasi-alabilirler-evde-bakici-maasi-nasil-alinir","status":"publish","type":"post","link":"https:\/\/evdebakimparasimaasi.com\/blog\/kimler-evde-bakici-maasi-alabilirler-evde-bakici-maasi-nasil-alinir\/","title":{"rendered":"Kimler Evde Bak\u0131c\u0131 Maa\u015f\u0131 Alabilirler? Evde Bak\u0131c\u0131 Maa\u015f\u0131 Nas\u0131l Al\u0131n\u0131r?"},"content":{"rendered":"<p><strong>Evde bak\u0131c\u0131 maa\u015f\u0131 almak i\u00e7in yap\u0131lacaklar<\/strong> aras\u0131nda do\u011fru bilgiye ula\u015fmak gerekli belgeleri tamamlamak ve ilgili kuruma ba\u015fvuruda bulunmak yer al\u0131r. D\u00fcnya genelinde ve \u00fclkemizde artan \u00e7evresel ve sosyal fakt\u00f6rler bak\u0131ma muhta\u00e7 bireylerin say\u0131s\u0131nda g\u00f6zle g\u00f6r\u00fcl\u00fcr bir art\u0131\u015fa yol a\u00e7m\u0131\u015ft\u0131r. \u00d6zellikle ya\u015fam standartlar\u0131n\u0131n y\u00fckselmesi ile ortalama ya\u015fam s\u00fcresinin uzamas\u0131, \u00e7evre kirlili\u011fi, sa\u011fl\u0131ks\u0131z beslenme, stres ve depresyon gibi etkenler bak\u0131ma ihtiya\u00e7 duyan ya\u015fl\u0131 ve engelli bireylerin toplumdaki oran\u0131n\u0131 art\u0131rmaktad\u0131r. Bu durum bu bireylerin hayat kalitesini y\u00fckseltmek ad\u0131na \u00e7e\u015fitli d\u00fczenlemelerin yap\u0131lmas\u0131n\u0131 zorunlu k\u0131lm\u0131\u015ft\u0131r. <strong>Evde bak\u0131c\u0131 maa\u015f\u0131 almak<\/strong> bu d\u00fczenlemelerin en \u00f6nemli unsurlar\u0131ndan biridir ve geni\u015f bir kesimi ilgilendirmektedir. Ancak bu maa\u015ftan faydalanmak i\u00e7in yerine getirilmesi gereken baz\u0131 \u015fartlar bulunmaktad\u0131r.<\/p>\n<div id=\"ez-toc-container\" class=\"ez-toc-v2_0_82_2 counter-hierarchy ez-toc-counter ez-toc-grey ez-toc-container-direction\">\n<div class=\"ez-toc-title-container\">\n<p class=\"ez-toc-title\" style=\"cursor:inherit\">\u0130\u00e7indekiler<\/p>\n<span class=\"ez-toc-title-toggle\"><a href=\"#\" class=\"ez-toc-pull-right ez-toc-btn ez-toc-btn-xs ez-toc-btn-default ez-toc-toggle\" aria-label=\"\u0130\u00e7indekiler Tablosunu A\u00e7\/Kapat\"><span class=\"ez-toc-js-icon-con\"><span class=\"\"><span class=\"eztoc-hide\" style=\"display:none;\">Toggle<\/span><span class=\"ez-toc-icon-toggle-span\"><svg style=\"fill: #999;color:#999\" xmlns=\"http:\/\/www.w3.org\/2000\/svg\" class=\"list-377408\" width=\"20px\" height=\"20px\" viewBox=\"0 0 24 24\" fill=\"none\"><path d=\"M6 6H4v2h2V6zm14 0H8v2h12V6zM4 11h2v2H4v-2zm16 0H8v2h12v-2zM4 16h2v2H4v-2zm16 0H8v2h12v-2z\" fill=\"currentColor\"><\/path><\/svg><svg style=\"fill: #999;color:#999\" class=\"arrow-unsorted-368013\" xmlns=\"http:\/\/www.w3.org\/2000\/svg\" width=\"10px\" height=\"10px\" viewBox=\"0 0 24 24\" version=\"1.2\" baseProfile=\"tiny\"><path d=\"M18.2 9.3l-6.2-6.3-6.2 6.3c-.2.2-.3.4-.3.7s.1.5.3.7c.2.2.4.3.7.3h11c.3 0 .5-.1.7-.3.2-.2.3-.5.3-.7s-.1-.5-.3-.7zM5.8 14.7l6.2 6.3 6.2-6.3c.2-.2.3-.5.3-.7s-.1-.5-.3-.7c-.2-.2-.4-.3-.7-.3h-11c-.3 0-.5.1-.7.3-.2.2-.3.5-.3.7s.1.5.3.7z\"\/><\/svg><\/span><\/span><\/span><\/a><\/span><\/div>\n<nav><ul class='ez-toc-list ez-toc-list-level-1 ' ><li class='ez-toc-page-1 ez-toc-heading-level-2'><a class=\"ez-toc-link ez-toc-heading-1\" href=\"https:\/\/evdebakimparasimaasi.com\/blog\/kimler-evde-bakici-maasi-alabilirler-evde-bakici-maasi-nasil-alinir\/#Evde_Bakici_Maasi_Alabilmek_Icin_Gereken_Sartlar\" >Evde Bak\u0131c\u0131 Maa\u015f\u0131 Alabilmek \u0130\u00e7in Gereken \u015eartlar<\/a><\/li><li class='ez-toc-page-1 ez-toc-heading-level-2'><a class=\"ez-toc-link ez-toc-heading-2\" href=\"https:\/\/evdebakimparasimaasi.com\/blog\/kimler-evde-bakici-maasi-alabilirler-evde-bakici-maasi-nasil-alinir\/#Evde_Bakici_Maasi_Almak_Icin_Yapilmasi_Gerekenler\" >Evde Bak\u0131c\u0131 Maa\u015f\u0131 Almak \u0130\u00e7in Yap\u0131lmas\u0131 Gerekenler<\/a><\/li><li class='ez-toc-page-1 ez-toc-heading-level-2'><a class=\"ez-toc-link ez-toc-heading-3\" href=\"https:\/\/evdebakimparasimaasi.com\/blog\/kimler-evde-bakici-maasi-alabilirler-evde-bakici-maasi-nasil-alinir\/#Evde_Bakici_Maasi_Tutari_ve_Odeme_Sureci\" >Evde Bak\u0131c\u0131 Maa\u015f\u0131 Tutar\u0131 ve \u00d6deme S\u00fcreci<\/a><\/li><\/ul><\/nav><\/div>\n<h2><span class=\"ez-toc-section\" id=\"Evde_Bakici_Maasi_Alabilmek_Icin_Gereken_Sartlar\"><\/span>Evde Bak\u0131c\u0131 Maa\u015f\u0131 Alabilmek \u0130\u00e7in Gereken \u015eartlar<span class=\"ez-toc-section-end\"><\/span><\/h2>\n<p>Evde bak\u0131c\u0131 maa\u015f\u0131 alabilmenin temelinde \u00fc\u00e7 ana \u015fart yer al\u0131r. Bu \u015fartlar, ki\u015finin ihtiya\u00e7lar\u0131n\u0131n do\u011fru tespit edilmesine ve yard\u0131mlar\u0131n en do\u011fru \u015fekilde y\u00f6nlendirilmesine olanak tan\u0131r:<\/p>\n<ul>\n<li>Sa\u011fl\u0131k Raporu \u015eart\u0131: Evde bak\u0131c\u0131 maa\u015f\u0131 almak isteyen bireyler i\u00e7in \u00f6ncelikle tam te\u015fekk\u00fcll\u00fc bir hastaneden al\u0131nm\u0131\u015f bir sa\u011fl\u0131k raporu gereklidir. Bu raporda engel oran\u0131n\u0131n en az %50 olmas\u0131 ve &#8220;a\u011f\u0131r engelli&#8221; b\u00f6l\u00fcm\u00fcnde &#8220;Evet&#8221; ibaresinin yer almas\u0131 \u015fartt\u0131r. A\u011f\u0131r engelli birey, temel g\u00fcnl\u00fck ihtiya\u00e7lar\u0131n\u0131 ba\u015fkalar\u0131n\u0131n yard\u0131m\u0131 olmadan kar\u015f\u0131layamayan ki\u015fileri ifade eder.<\/li>\n<\/ul>\n<figure id=\"attachment_3172\" aria-describedby=\"caption-attachment-3172\" style=\"width: 1200px\" class=\"wp-caption alignnone\"><img fetchpriority=\"high\" decoding=\"async\" class=\"size-full wp-image-3172\" src=\"https:\/\/evdebakimparasimaasi.com\/blog\/wp-content\/uploads\/2025\/01\/Kimler-Evde-Bakici-Maasi-Alabilirler2.jpg\" alt=\"Kimler Evde Bak\u0131c\u0131 Maa\u015f\u0131 Alabilirler\" width=\"1200\" height=\"674\" \/><figcaption id=\"caption-attachment-3172\" class=\"wp-caption-text\">Kimler Evde Bak\u0131c\u0131 Maa\u015f\u0131 Alabilirler<\/figcaption><\/figure>\n<p>\u00c7ocuklar s\u00f6z konusu oldu\u011funda durum biraz daha farkl\u0131d\u0131r. K\u00fc\u00e7\u00fck ya\u015ftaki \u00e7ocuklar, do\u011fal geli\u015fim s\u00fcre\u00e7leri gere\u011fi zaten ba\u015fkas\u0131n\u0131n bak\u0131m\u0131na ihtiya\u00e7 duyar. Bu nedenle, \u00e7ocuklar i\u00e7in d\u00fczenlenen sa\u011fl\u0131k kurulu raporlar\u0131 genellikle s\u00fcreli olarak verilir ve &#8220;a\u011f\u0131r engelli&#8221; k\u0131sm\u0131 i\u015faretlenmez. \u00c7ocu\u011fun engel durumu, ya\u015f ilerledik\u00e7e daha belirgin hale gelir ve yeniden de\u011ferlendirme yap\u0131l\u0131r.<\/p>\n<ul>\n<li>Bak\u0131ma Muhta\u00e7l\u0131k Durumu: Evde bak\u0131c\u0131 maa\u015f\u0131 alabilmek i\u00e7in bireyin temel gereksinimlerini kar\u015f\u0131lamakta zorlanmas\u0131 veya bu ihtiya\u00e7lar\u0131n\u0131 hi\u00e7 kar\u015f\u0131layamamas\u0131 gereklidir. \u00d6rne\u011fin; yeme, i\u00e7me, banyo yapma, tuvalet ihtiya\u00e7lar\u0131n\u0131 yerine getirme gibi g\u00fcnl\u00fck aktiviteler birey taraf\u0131ndan yap\u0131lam\u0131yorsa bu ki\u015fi, bak\u0131ma muhta\u00e7 olarak de\u011ferlendirilir.<\/li>\n<li>Gelir Durumu \u015eart\u0131: Evde bak\u0131c\u0131 maa\u015f\u0131 almak isteyen bireyin ya\u015fad\u0131\u011f\u0131 hanenin toplam gelir durumu da de\u011ferlendirilir. Hanedeki toplam gelir ki\u015fi say\u0131s\u0131na b\u00f6l\u00fcnd\u00fc\u011f\u00fcnde, bu tutar\u0131n <a href=\"https:\/\/tr.wikipedia.org\/wiki\/T%C3%BCrkiye%27de_asgari_%C3%BCcret\" rel=\"nofollow noopener\" target=\"_blank\">asgari <\/a>\u00fccretin \u00fc\u00e7te ikisini a\u015fmamas\u0131 gerekmektedir. Bu s\u0131n\u0131r\u0131n \u00fczerinde geliri olan bireyler, evde bak\u0131c\u0131 maa\u015f\u0131 alma hakk\u0131na sahip de\u011fildir.<\/li>\n<\/ul>\n<figure id=\"attachment_3171\" aria-describedby=\"caption-attachment-3171\" style=\"width: 1280px\" class=\"wp-caption alignnone\"><img decoding=\"async\" class=\"size-full wp-image-3171\" src=\"https:\/\/evdebakimparasimaasi.com\/blog\/wp-content\/uploads\/2025\/01\/Kimler-Evde-Bakici-Maasi-Alabilirler3.jpg\" alt=\"Kimler Evde Bak\u0131c\u0131 Maa\u015f\u0131 Alabilirler\" width=\"1280\" height=\"640\" \/><figcaption id=\"caption-attachment-3171\" class=\"wp-caption-text\">Kimler Evde Bak\u0131c\u0131 Maa\u015f\u0131 Alabilirler<\/figcaption><\/figure>\n<h2><span class=\"ez-toc-section\" id=\"Evde_Bakici_Maasi_Almak_Icin_Yapilmasi_Gerekenler\"><\/span>Evde Bak\u0131c\u0131 Maa\u015f\u0131 Almak \u0130\u00e7in Yap\u0131lmas\u0131 Gerekenler<span class=\"ez-toc-section-end\"><\/span><\/h2>\n<p><strong>Kimler evde bak\u0131c\u0131 maa\u015f\u0131 alabilir<\/strong> sorusunun yan\u0131t\u0131n\u0131 \u00f6\u011frendikten sonra, bu maa\u015ftan faydalanmak isteyen bireylerin nereye ba\u015fvurmas\u0131 gerekti\u011fi \u00f6nem kazan\u0131r. Engelli bireyler veya yasal temsilcileri, ya\u015fad\u0131klar\u0131 il veya il\u00e7edeki Aile ve Sosyal Politikalar \u0130l M\u00fcd\u00fcrl\u00fcklerine ba\u015fvuruda bulunmal\u0131d\u0131r. Ba\u015fvuru esnas\u0131nda talep edilen belgelerin eksiksiz \u015fekilde sunulmas\u0131 \u00f6nemlidir. Gerekli belgeler genellikle \u015funlard\u0131r:<\/p>\n<ul>\n<li>Engelli bireyin tam te\u015fekk\u00fcll\u00fc bir hastaneden al\u0131nm\u0131\u015f sa\u011fl\u0131k kurulu raporu.<\/li>\n<li>Engelli bireye ve bak\u0131m\u0131 \u00fcstlenecek ki\u015fiye ait kimlik fotokopileri.<\/li>\n<li><a href=\"https:\/\/evdebakimparasimaasi.com\/blog\/engelli-maasi-ve-evde-bakim-maasi-hangi-durumlarda-kesilir\/\">Engelli<\/a> bireye ait iki adet vesikal\u0131k foto\u011fraf.<\/li>\n<li>Hane halk\u0131n\u0131n gelir durumunu g\u00f6steren belgeler.<\/li>\n<\/ul>\n<p>Ba\u015fvurunun ard\u0131ndan il m\u00fcd\u00fcrl\u00fc\u011f\u00fc yetkilileri ba\u015fvuruyu de\u011ferlendirir ve 30 g\u00fcn i\u00e7inde karar verir. Karar olumlu sonu\u00e7lan\u0131rsa, maa\u015f \u00f6demesi ba\u015flar. <strong>Evde bak\u0131c\u0131 maa\u015f\u0131 alma \u015fartlar\u0131<\/strong> d\u00fczenli olarak de\u011ferlendirilir ve de\u011fi\u015fiklik olmas\u0131 halinde yeniden ba\u015fvuru yap\u0131lmas\u0131 gerekebilir. Bu a\u015famada ayr\u0131ca belirtmek gerekir ki yanl\u0131\u015f bilgi veren ki\u015filer daha sonras\u0131nda bu durumun tespit edilmesi halinde kendilerine verilen bak\u0131c\u0131 maa\u015flar\u0131n\u0131 yasal faizle geri \u00f6demek zorunda olmalar\u0131n\u0131n yan\u0131nda ayn\u0131 zamanda 3 y\u0131la kadar hapis cezas\u0131yla da cezaland\u0131r\u0131labilmektedirler. Bu y\u00fczden do\u011fru bilgi verilmesi \u00f6nem ta\u015f\u0131maktad\u0131r.<\/p>\n<figure id=\"attachment_3170\" aria-describedby=\"caption-attachment-3170\" style=\"width: 1200px\" class=\"wp-caption alignnone\"><img decoding=\"async\" class=\"size-full wp-image-3170\" src=\"https:\/\/evdebakimparasimaasi.com\/blog\/wp-content\/uploads\/2025\/01\/Kimler-Evde-Bakici-Maasi-Alabilirler4.jpg\" alt=\"Kimler Evde Bak\u0131c\u0131 Maa\u015f\u0131 Alabilirler\" width=\"1200\" height=\"675\" \/><figcaption id=\"caption-attachment-3170\" class=\"wp-caption-text\">Kimler Evde Bak\u0131c\u0131 Maa\u015f\u0131 Alabilirler<\/figcaption><\/figure>\n<h2><span class=\"ez-toc-section\" id=\"Evde_Bakici_Maasi_Tutari_ve_Odeme_Sureci\"><\/span>Evde Bak\u0131c\u0131 Maa\u015f\u0131 Tutar\u0131 ve \u00d6deme S\u00fcreci<span class=\"ez-toc-section-end\"><\/span><\/h2>\n<p>Evde bak\u0131c\u0131 maa\u015f\u0131 her y\u0131l yeniden belirlenen bir tutar \u00fczerinden \u00f6denmektedir. 2025 y\u0131l\u0131nda bu tutar 10180 TL olarak belirlenmi\u015ftir. Ancak bu miktar y\u0131ll\u0131k ekonomik ko\u015fullara ve enflasyona ba\u011fl\u0131 olarak de\u011fi\u015fiklik g\u00f6sterebilir. \u00d6demeler, ba\u015fvurunun onayland\u0131\u011f\u0131 tarihten itibaren ayl\u0131k olarak yap\u0131l\u0131r ve ilgili ki\u015finin banka hesab\u0131na yat\u0131r\u0131l\u0131r. E\u011fer ba\u015fvuru sahibinin \u00f6deme y\u00f6ntemiyle ilgili \u00f6zel bir talebi varsa bunu ba\u015fvuru s\u0131ras\u0131nda belirtmesi gerekir.<\/p>\n<p>Evde bak\u0131c\u0131 maa\u015f\u0131 toplumda bak\u0131ma muhta\u00e7 bireylerin ya\u015fam kalitesini art\u0131rmay\u0131 hedefleyen \u00f6nemli bir sosyal yard\u0131md\u0131r. Ancak bu maa\u015ftan faydalanmak i\u00e7in baz\u0131 \u015fartlar\u0131n yerine getirilmesi gerekmektedir. \u00a0Bu s\u00fcre\u00e7lerin do\u011fru ve eksiksiz bir \u015fekilde tamamlanmas\u0131 maa\u015f\u0131n zaman\u0131nda al\u0131nmas\u0131n\u0131 sa\u011flar ve bak\u0131ma muhta\u00e7 bireylerin hayat\u0131n\u0131 kolayla\u015ft\u0131r\u0131r.<\/p>\n<p>&nbsp;<\/p>\n","protected":false},"excerpt":{"rendered":"<p>Evde bak\u0131c\u0131 maa\u015f\u0131 almak i\u00e7in yap\u0131lacaklar aras\u0131nda do\u011fru bilgiye ula\u015fmak gerekli belgeleri tamamlamak ve ilgili kuruma ba\u015fvuruda bulunmak yer al\u0131r. D\u00fcnya genelinde ve \u00fclkemizde artan&#46;&#46;&#46;<\/p>\n","protected":false},"author":2,"featured_media":3173,"comment_status":"open","ping_status":"open","sticky":false,"template":"","format":"standard","meta":{"footnotes":""},"categories":[8],"tags":[],"class_list":["post-3169","post","type-post","status-publish","format-standard","has-post-thumbnail","hentry","category-bilgi"],"_links":{"self":[{"href":"https:\/\/evdebakimparasimaasi.com\/blog\/wp-json\/wp\/v2\/posts\/3169","targetHints":{"allow":["GET"]}}],"collection":[{"href":"https:\/\/evdebakimparasimaasi.com\/blog\/wp-json\/wp\/v2\/posts"}],"about":[{"href":"https:\/\/evdebakimparasimaasi.com\/blog\/wp-json\/wp\/v2\/types\/post"}],"author":[{"embeddable":true,"href":"https:\/\/evdebakimparasimaasi.com\/blog\/wp-json\/wp\/v2\/users\/2"}],"replies":[{"embeddable":true,"href":"https:\/\/evdebakimparasimaasi.com\/blog\/wp-json\/wp\/v2\/comments?post=3169"}],"version-history":[{"count":0,"href":"https:\/\/evdebakimparasimaasi.com\/blog\/wp-json\/wp\/v2\/posts\/3169\/revisions"}],"wp:featuredmedia":[{"embeddable":true,"href":"https:\/\/evdebakimparasimaasi.com\/blog\/wp-json\/wp\/v2\/media\/3173"}],"wp:attachment":[{"href":"https:\/\/evdebakimparasimaasi.com\/blog\/wp-json\/wp\/v2\/media?parent=3169"}],"wp:term":[{"taxonomy":"category","embeddable":true,"href":"https:\/\/evdebakimparasimaasi.com\/blog\/wp-json\/wp\/v2\/categories?post=3169"},{"taxonomy":"post_tag","embeddable":true,"href":"https:\/\/evdebakimparasimaasi.com\/blog\/wp-json\/wp\/v2\/tags?post=3169"}],"curies":[{"name":"wp","href":"https:\/\/api.w.org\/{rel}","templated":true}]}}