{"id":3176,"date":"2025-01-06T19:58:36","date_gmt":"2025-01-06T16:58:36","guid":{"rendered":"https:\/\/evdebakimparasimaasi.com\/blog\/?p=3176"},"modified":"2025-01-06T19:58:36","modified_gmt":"2025-01-06T16:58:36","slug":"otv-muafiyeti-ile-yeni-engelli-arac-alim-sartlari-2025","status":"publish","type":"post","link":"https:\/\/evdebakimparasimaasi.com\/blog\/otv-muafiyeti-ile-yeni-engelli-arac-alim-sartlari-2025\/","title":{"rendered":"\u00d6TV Muafiyeti \u0130le Yeni Engelli Ara\u00e7 Al\u0131m \u015eartlar\u0131 2025"},"content":{"rendered":"<p>Engellilerin ya\u015fam\u0131n\u0131 kolayla\u015ft\u0131rmay\u0131 ama\u00e7layan <strong>\u00d6TV muafiyeti<\/strong> 2025 y\u0131l\u0131nda yap\u0131lan d\u00fczenlemelerle daha belirgin \u015fartlarla uygulanmaya ba\u015fland\u0131. Bu d\u00fczenleme hem engelli bireylerin ara\u00e7 al\u0131mlar\u0131nda sa\u011flanan kolayl\u0131klar\u0131 yeniden \u015fekillendiriyor hem de otomotiv sekt\u00f6r\u00fcnde yeni bir denge yaratmay\u0131 hedefliyor. \u00d6zellikle <strong>yeni engelli ara\u00e7 al\u0131m\u0131<\/strong> ile ilgili yap\u0131lan de\u011fi\u015fiklikler hem al\u0131c\u0131lar hem de otomotiv \u00fcreticileri i\u00e7in \u00f6nemli yenilikler i\u00e7eriyor. Ge\u00e7mi\u015f y\u0131llara k\u0131yasla \u00f6nemli de\u011fi\u015fiklikler yap\u0131lan \u00d6TV muafiyeti yeni y\u0131lla birlikte y\u00fcr\u00fcrl\u00fc\u011fe de girdi.<\/p>\n<div id=\"ez-toc-container\" class=\"ez-toc-v2_0_82_2 counter-hierarchy ez-toc-counter ez-toc-grey ez-toc-container-direction\">\n<div class=\"ez-toc-title-container\">\n<p class=\"ez-toc-title\" style=\"cursor:inherit\">\u0130\u00e7indekiler<\/p>\n<span class=\"ez-toc-title-toggle\"><a href=\"#\" class=\"ez-toc-pull-right ez-toc-btn ez-toc-btn-xs ez-toc-btn-default ez-toc-toggle\" aria-label=\"\u0130\u00e7indekiler Tablosunu A\u00e7\/Kapat\"><span class=\"ez-toc-js-icon-con\"><span class=\"\"><span class=\"eztoc-hide\" style=\"display:none;\">Toggle<\/span><span class=\"ez-toc-icon-toggle-span\"><svg style=\"fill: #999;color:#999\" xmlns=\"http:\/\/www.w3.org\/2000\/svg\" class=\"list-377408\" width=\"20px\" height=\"20px\" viewBox=\"0 0 24 24\" fill=\"none\"><path d=\"M6 6H4v2h2V6zm14 0H8v2h12V6zM4 11h2v2H4v-2zm16 0H8v2h12v-2zM4 16h2v2H4v-2zm16 0H8v2h12v-2z\" fill=\"currentColor\"><\/path><\/svg><svg style=\"fill: #999;color:#999\" class=\"arrow-unsorted-368013\" xmlns=\"http:\/\/www.w3.org\/2000\/svg\" width=\"10px\" height=\"10px\" viewBox=\"0 0 24 24\" version=\"1.2\" baseProfile=\"tiny\"><path d=\"M18.2 9.3l-6.2-6.3-6.2 6.3c-.2.2-.3.4-.3.7s.1.5.3.7c.2.2.4.3.7.3h11c.3 0 .5-.1.7-.3.2-.2.3-.5.3-.7s-.1-.5-.3-.7zM5.8 14.7l6.2 6.3 6.2-6.3c.2-.2.3-.5.3-.7s-.1-.5-.3-.7c-.2-.2-.4-.3-.7-.3h-11c-.3 0-.5.1-.7.3-.2.2-.3.5-.3.7s.1.5.3.7z\"\/><\/svg><\/span><\/span><\/span><\/a><\/span><\/div>\n<nav><ul class='ez-toc-list ez-toc-list-level-1 ' ><li class='ez-toc-page-1 ez-toc-heading-level-2'><a class=\"ez-toc-link ez-toc-heading-1\" href=\"https:\/\/evdebakimparasimaasi.com\/blog\/otv-muafiyeti-ile-yeni-engelli-arac-alim-sartlari-2025\/#OTV_Muafiyetinin_Sartlari_Nasil_Degisti\" >\u00d6TV Muafiyetinin \u015eartlar\u0131 Nas\u0131l De\u011fi\u015fti?<\/a><\/li><li class='ez-toc-page-1 ez-toc-heading-level-2'><a class=\"ez-toc-link ez-toc-heading-2\" href=\"https:\/\/evdebakimparasimaasi.com\/blog\/otv-muafiyeti-ile-yeni-engelli-arac-alim-sartlari-2025\/#2025_OTV_Muafiyetli_Arac_Alimi_Icin_Limitler\" >2025 \u00d6TV Muafiyetli Ara\u00e7 Al\u0131m\u0131 \u0130\u00e7in Limitler<\/a><\/li><li class='ez-toc-page-1 ez-toc-heading-level-2'><a class=\"ez-toc-link ez-toc-heading-3\" href=\"https:\/\/evdebakimparasimaasi.com\/blog\/otv-muafiyeti-ile-yeni-engelli-arac-alim-sartlari-2025\/#Yeni_Engelli_Arac_Alim_Sartlari_2025\" >Yeni Engelli Ara\u00e7 Al\u0131m \u015eartlar\u0131 2025<\/a><\/li><li class='ez-toc-page-1 ez-toc-heading-level-2'><a class=\"ez-toc-link ez-toc-heading-4\" href=\"https:\/\/evdebakimparasimaasi.com\/blog\/otv-muafiyeti-ile-yeni-engelli-arac-alim-sartlari-2025\/#2025te_Hangi_Araclar_OTV_Muafiyeti_Kapsaminda\" >2025\u2019te Hangi Ara\u00e7lar \u00d6TV Muafiyeti Kapsam\u0131nda?<\/a><\/li><li class='ez-toc-page-1 ez-toc-heading-level-2'><a class=\"ez-toc-link ez-toc-heading-5\" href=\"https:\/\/evdebakimparasimaasi.com\/blog\/otv-muafiyeti-ile-yeni-engelli-arac-alim-sartlari-2025\/#Yeni_OTV_Duzenlemesinin_Hedefi_Nedir\" >Yeni \u00d6TV D\u00fczenlemesinin Hedefi Nedir?<\/a><\/li><\/ul><\/nav><\/div>\n<h2><span class=\"ez-toc-section\" id=\"OTV_Muafiyetinin_Sartlari_Nasil_Degisti\"><\/span>\u00d6TV Muafiyetinin \u015eartlar\u0131 Nas\u0131l De\u011fi\u015fti?<span class=\"ez-toc-section-end\"><\/span><\/h2>\n<p>2025 y\u0131l\u0131 itibar\u0131yla engellilerin \u00d6TV&#8217;den muaf olarak sat\u0131n alabilecekleri ara\u00e7lar i\u00e7in belirli kriterler getirildi. Daha \u00f6nce 5 y\u0131l boyunca sat\u0131lmayan ara\u00e7lar, art\u0131k 10 y\u0131l boyunca sat\u0131\u015fa \u00e7\u0131kar\u0131lamayacak. Bu karar, engelli bireylere sa\u011flanan muafiyetlerin farkl\u0131 ama\u00e7larla k\u00f6t\u00fcye kullan\u0131lmas\u0131n\u0131n \u00f6n\u00fcne ge\u00e7meyi ama\u00e7l\u0131yor.<\/p>\n<figure id=\"attachment_3177\" aria-describedby=\"caption-attachment-3177\" style=\"width: 2560px\" class=\"wp-caption alignnone\"><img fetchpriority=\"high\" decoding=\"async\" class=\"size-full wp-image-3177\" src=\"https:\/\/evdebakimparasimaasi.com\/blog\/wp-content\/uploads\/2025\/01\/OTV-Muafiyeti4.jpg\" alt=\"\u00d6TV Muafiyeti\" width=\"2560\" height=\"1707\" \/><figcaption id=\"caption-attachment-3177\" class=\"wp-caption-text\">\u00d6TV Muafiyeti<\/figcaption><\/figure>\n<p>Cumhurba\u015fkanl\u0131\u011f\u0131 kararnamesiyle y\u00fcr\u00fcrl\u00fc\u011fe giren yeni d\u00fczenlemeye g\u00f6re, \u00d6TV\u2019den muaf olarak al\u0131nacak ara\u00e7larda en az y\u00fczde 40 yerlilik oran\u0131 aranacak. Bu \u015fart, yerli \u00fcreticilere destek sa\u011flamak amac\u0131yla getirildi ve ithal ara\u00e7lar\u0131n engelli ara\u00e7 al\u0131m\u0131 kapsam\u0131ndaki pay\u0131n\u0131 \u00f6nemli \u00f6l\u00e7\u00fcde s\u0131n\u0131rland\u0131rmay\u0131 hedefliyor. Bu de\u011fi\u015fikli\u011fin, \u00f6zellikle 2024 y\u0131l\u0131nda ithal ara\u00e7lar\u0131n toplam sat\u0131\u015ftaki oran\u0131n\u0131 y\u00fczde 70\u2019lere \u00e7\u0131karmas\u0131n\u0131n ard\u0131ndan yap\u0131ld\u0131\u011f\u0131 belirtiliyor.<\/p>\n<h2><span class=\"ez-toc-section\" id=\"2025_OTV_Muafiyetli_Arac_Alimi_Icin_Limitler\"><\/span>2025 \u00d6TV Muafiyetli Ara\u00e7 Al\u0131m\u0131 \u0130\u00e7in Limitler<span class=\"ez-toc-section-end\"><\/span><\/h2>\n<p><a href=\"https:\/\/evdebakimparasimaasi.com\/blog\/engelli-maasi-ve-evde-bakim-maasi-hangi-durumlarda-kesilir\/\">Engelli<\/a> bireylerin <strong>2025 \u00d6TV muafiyetli ara\u00e7 al\u0131m\u0131<\/strong> kapsam\u0131nda sat\u0131n alabilecekleri otomobiller i\u00e7in belirlenen \u00fcst limitler de g\u00fcncellendi. 2024 y\u0131l\u0131nda 1 milyon 591 bin 255 TL olan bu s\u0131n\u0131r, yeniden de\u011ferleme oran\u0131yla birlikte y\u00fczde 43,93 art\u0131r\u0131larak 2 milyon 247 bin 114 TL olarak belirlendi. Bu art\u0131\u015f, 1 Ocak 2025 itibar\u0131yla y\u00fcr\u00fcrl\u00fc\u011fe girdi. Ancak, Cumhurba\u015fkan\u0131&#8217;n\u0131n bu limiti art\u0131rma veya d\u00fc\u015f\u00fcrme yetkisi bulunuyor.<\/p>\n<h2><span class=\"ez-toc-section\" id=\"Yeni_Engelli_Arac_Alim_Sartlari_2025\"><\/span>Yeni Engelli Ara\u00e7 Al\u0131m \u015eartlar\u0131 2025<span class=\"ez-toc-section-end\"><\/span><\/h2>\n<p>Engelliler i\u00e7in \u00d6TV muafiyetiyle ara\u00e7 al\u0131m\u0131nda sadece fiyat limiti de\u011fil, ara\u00e7lar\u0131n teknik \u00f6zellikleri ve \u00fcretim kriterleri de g\u00f6z \u00f6n\u00fcnde bulundurulacak. <strong>Yeni engelli ara\u00e7 al\u0131m \u015fartlar\u0131<\/strong> motor silindir hacmi, emisyon t\u00fcr\u00fc ve ara\u00e7lar\u0131n yerli katk\u0131 oran\u0131n\u0131 i\u00e7eren yeni d\u00fczenlemelerle \u015fekillendirildi. Art\u0131k y\u00fczde 20\u2019lik yerlilik oran\u0131na sahip olmayan ithal ara\u00e7lar bu kapsam\u0131n d\u0131\u015f\u0131nda kal\u0131yor.<\/p>\n<figure id=\"attachment_3178\" aria-describedby=\"caption-attachment-3178\" style=\"width: 1780px\" class=\"wp-caption alignnone\"><img decoding=\"async\" class=\"size-full wp-image-3178\" src=\"https:\/\/evdebakimparasimaasi.com\/blog\/wp-content\/uploads\/2025\/01\/OTV-Muafiyeti3.jpg\" alt=\"\u00d6TV Muafiyeti\" width=\"1780\" height=\"1000\" \/><figcaption id=\"caption-attachment-3178\" class=\"wp-caption-text\">\u00d6TV Muafiyeti<\/figcaption><\/figure>\n<p>Ayr\u0131ca engellilerin y\u00fczde 90 ve \u00fczeri engelli raporu ile ara\u00e7 almas\u0131 durumunda bu arac\u0131 18 ya\u015f alt\u0131ndaki bireylerin ya da ara\u00e7 kullanamayacak durumdaki engelli bireylerin yak\u0131nlar\u0131 da kullanabilecek. \u015eehit yak\u0131nlar\u0131 ise bir defaya mahsus bu muafiyetten yararlanabiliyor.<\/p>\n<h2><span class=\"ez-toc-section\" id=\"2025te_Hangi_Araclar_OTV_Muafiyeti_Kapsaminda\"><\/span>2025\u2019te Hangi Ara\u00e7lar \u00d6TV Muafiyeti Kapsam\u0131nda?<span class=\"ez-toc-section-end\"><\/span><\/h2>\n<p>27 Aral\u0131k 2025 itibar\u0131yla T\u00fcrkiye\u2019de yeni \u015fartlar\u0131 kar\u015f\u0131layan ara\u00e7 say\u0131s\u0131 10 model olarak belirlendi. Fiat, Renault, Toyota, Hyundai ve Togg gibi yerli \u00fcretime odaklanan markalar\u0131n modelleri bu listeyi olu\u015fturuyor. \u00d6rne\u011fin Fiat Egea Sedan ve Egea Cross y\u00fczde 52-62 yerlilik oran\u0131na sahipken, Hyundai i10 y\u00fczde 60-64, Toyota Corolla ise y\u00fczde 45-49 oran\u0131nda yerli \u00fcretim katk\u0131s\u0131 ta\u015f\u0131yor. Ayr\u0131ca Togg T10X modeli de y\u00fczde 51 yerlilik oran\u0131yla bu kapsamda yer al\u0131yor.<\/p>\n<p>Sanayi ve Teknoloji Bakanl\u0131\u011f\u0131 taraf\u0131ndan her y\u0131l yay\u0131nlanan \u201cMotorlu Ara\u00e7lar Yerli Katk\u0131 Oran\u0131 Beyanlar\u0131\u201d listesi, ara\u00e7lar\u0131n yerli \u00fcretim oranlar\u0131 hakk\u0131nda bilgi sa\u011fl\u0131yor. Bu liste, engelli bireylerin sat\u0131n alabilecekleri ara\u00e7lar\u0131 se\u00e7erken daha bilin\u00e7li karar vermesine yard\u0131mc\u0131 oluyor. 2025 y\u0131l\u0131 itibar\u0131yla bu listeye yeni modellerin eklenmesi ve ara\u00e7 say\u0131s\u0131n\u0131n art\u0131r\u0131lmas\u0131 bekleniyor.<\/p>\n<figure id=\"attachment_3179\" aria-describedby=\"caption-attachment-3179\" style=\"width: 1280px\" class=\"wp-caption alignnone\"><img decoding=\"async\" class=\"size-full wp-image-3179\" src=\"https:\/\/evdebakimparasimaasi.com\/blog\/wp-content\/uploads\/2025\/01\/OTV-Muafiyeti2.jpg\" alt=\"\u00d6TV Muafiyeti\" width=\"1280\" height=\"720\" \/><figcaption id=\"caption-attachment-3179\" class=\"wp-caption-text\">\u00d6TV Muafiyeti<\/figcaption><\/figure>\n<h2><span class=\"ez-toc-section\" id=\"Yeni_OTV_Duzenlemesinin_Hedefi_Nedir\"><\/span>Yeni \u00d6TV D\u00fczenlemesinin Hedefi Nedir?<span class=\"ez-toc-section-end\"><\/span><\/h2>\n<p>Bu yeni d\u00fczenlemelerin temel hedefi engellilerin ara\u00e7 al\u0131m\u0131ndaki kolayl\u0131klar\u0131 suiistimallerden korurken, T\u00fcrkiye\u2019nin cari a\u00e7\u0131\u011f\u0131n\u0131 azaltmaya da katk\u0131 sa\u011flamak. Y\u00fcksek ithalat oranlar\u0131 yerine yerli \u00fcretimi te\u015fvik eden bu sistem otomotiv sekt\u00f6r\u00fcndeki dengeleri yeniden tan\u0131mlayacak gibi g\u00f6r\u00fcn\u00fcyor.<\/p>\n<p>Engelli bireyler i\u00e7in ara\u00e7 sahibi olmak g\u00fcnl\u00fck hayatta \u00f6zg\u00fcrl\u00fcklerini art\u0131ran bir ad\u0131m. <strong>Engelli ara\u00e7 al\u0131m\u0131 2025<\/strong> y\u0131l\u0131 itibar\u0131yla getirilen bu d\u00fczenlemelerle birlikte hem ekonomik dengeyi sa\u011flamay\u0131 hem de ger\u00e7ekten ihtiya\u00e7 sahibi olan bireylerin hayat\u0131n\u0131 kolayla\u015ft\u0131rmay\u0131 ama\u00e7l\u0131yor.<\/p>\n<p>Bu kapsamda engelli bireyler i\u00e7in \u00d6TV muafiyetli ara\u00e7 sat\u0131n al\u0131m\u0131 s\u00fcrecinin daha \u015feffaf ve etkili bir hale getirilmesi planlan\u0131yor. Y\u00fczde 40 yerlilik oran\u0131 \u015fart\u0131 yerli \u00fcretimi desteklerken, 10 y\u0131l boyunca sat\u0131\u015f k\u0131s\u0131tlamas\u0131 gibi tedbirler, bu d\u00fczenlemenin sosyal adalet y\u00f6n\u00fcn\u00fc g\u00fc\u00e7lendiriyor.<\/p>\n<p>B\u00f6ylece 2025\u2019te uygulanmaya ba\u015flanm\u0131\u015f <strong>\u00d6TV muafiyeti<\/strong> d\u00fczenlemeleri engellilerin ihtiya\u00e7lar\u0131n\u0131 kar\u015f\u0131lamada yeni bir d\u00f6nem ba\u015flat\u0131rken otomotiv sekt\u00f6r\u00fcnde yerli \u00fcretimin \u00f6nemini de vurguluyor. Bu d\u00fczenlemelerin 2025 y\u0131l\u0131 boyunca sekt\u00f6re ve bireylere olumlu yans\u0131malar\u0131 olmas\u0131 bekleniyor.<\/p>\n<p>&nbsp;<\/p>\n","protected":false},"excerpt":{"rendered":"<p>Engellilerin ya\u015fam\u0131n\u0131 kolayla\u015ft\u0131rmay\u0131 ama\u00e7layan \u00d6TV muafiyeti 2025 y\u0131l\u0131nda yap\u0131lan d\u00fczenlemelerle daha belirgin \u015fartlarla uygulanmaya ba\u015fland\u0131. Bu d\u00fczenleme hem engelli bireylerin ara\u00e7 al\u0131mlar\u0131nda sa\u011flanan kolayl\u0131klar\u0131 yeniden&#46;&#46;&#46;<\/p>\n","protected":false},"author":2,"featured_media":3180,"comment_status":"open","ping_status":"open","sticky":false,"template":"","format":"standard","meta":{"footnotes":""},"categories":[8],"tags":[],"class_list":["post-3176","post","type-post","status-publish","format-standard","has-post-thumbnail","hentry","category-bilgi"],"_links":{"self":[{"href":"https:\/\/evdebakimparasimaasi.com\/blog\/wp-json\/wp\/v2\/posts\/3176","targetHints":{"allow":["GET"]}}],"collection":[{"href":"https:\/\/evdebakimparasimaasi.com\/blog\/wp-json\/wp\/v2\/posts"}],"about":[{"href":"https:\/\/evdebakimparasimaasi.com\/blog\/wp-json\/wp\/v2\/types\/post"}],"author":[{"embeddable":true,"href":"https:\/\/evdebakimparasimaasi.com\/blog\/wp-json\/wp\/v2\/users\/2"}],"replies":[{"embeddable":true,"href":"https:\/\/evdebakimparasimaasi.com\/blog\/wp-json\/wp\/v2\/comments?post=3176"}],"version-history":[{"count":0,"href":"https:\/\/evdebakimparasimaasi.com\/blog\/wp-json\/wp\/v2\/posts\/3176\/revisions"}],"wp:featuredmedia":[{"embeddable":true,"href":"https:\/\/evdebakimparasimaasi.com\/blog\/wp-json\/wp\/v2\/media\/3180"}],"wp:attachment":[{"href":"https:\/\/evdebakimparasimaasi.com\/blog\/wp-json\/wp\/v2\/media?parent=3176"}],"wp:term":[{"taxonomy":"category","embeddable":true,"href":"https:\/\/evdebakimparasimaasi.com\/blog\/wp-json\/wp\/v2\/categories?post=3176"},{"taxonomy":"post_tag","embeddable":true,"href":"https:\/\/evdebakimparasimaasi.com\/blog\/wp-json\/wp\/v2\/tags?post=3176"}],"curies":[{"name":"wp","href":"https:\/\/api.w.org\/{rel}","templated":true}]}}