{"id":3192,"date":"2025-01-08T20:18:01","date_gmt":"2025-01-08T17:18:01","guid":{"rendered":"https:\/\/evdebakimparasimaasi.com\/blog\/?p=3192"},"modified":"2025-01-08T20:18:01","modified_gmt":"2025-01-08T17:18:01","slug":"2025-yeni-engelli-haklari-nedir","status":"publish","type":"post","link":"https:\/\/evdebakimparasimaasi.com\/blog\/2025-yeni-engelli-haklari-nedir\/","title":{"rendered":"2025 Yeni Engelli Haklar\u0131 Nedir?"},"content":{"rendered":"<p><strong>Yeni engelli haklar\u0131<\/strong> 2025 y\u0131l\u0131nda da toplumun dezavantajl\u0131 kesimlerini desteklemek amac\u0131yla y\u00fcr\u00fcrl\u00fckte kalmaya devam etmektedir. Engellilere y\u00f6nelik hakla, 5378 say\u0131l\u0131 Engelli Haklar\u0131 Kanunu ile g\u00fcvence alt\u0131na al\u0131nm\u0131\u015f ve bireylerin ya\u015fam kalitesini art\u0131rmay\u0131 hedefleyen bir dizi d\u00fczenlemeyi i\u00e7ermektedir. <strong>Engelli haklar\u0131 2025<\/strong> y\u0131l\u0131nda da ge\u00e7erli olan avantaj ve destekleri ile engellilerin ya\u015famlar\u0131n\u0131 kolayla\u015ft\u0131rmay\u0131 hedefliyor.<\/p>\n<div id=\"ez-toc-container\" class=\"ez-toc-v2_0_82_2 counter-hierarchy ez-toc-counter ez-toc-grey ez-toc-container-direction\">\n<div class=\"ez-toc-title-container\">\n<p class=\"ez-toc-title\" style=\"cursor:inherit\">\u0130\u00e7indekiler<\/p>\n<span class=\"ez-toc-title-toggle\"><a href=\"#\" class=\"ez-toc-pull-right ez-toc-btn ez-toc-btn-xs ez-toc-btn-default ez-toc-toggle\" aria-label=\"\u0130\u00e7indekiler Tablosunu A\u00e7\/Kapat\"><span class=\"ez-toc-js-icon-con\"><span class=\"\"><span class=\"eztoc-hide\" style=\"display:none;\">Toggle<\/span><span class=\"ez-toc-icon-toggle-span\"><svg style=\"fill: #999;color:#999\" xmlns=\"http:\/\/www.w3.org\/2000\/svg\" class=\"list-377408\" width=\"20px\" height=\"20px\" viewBox=\"0 0 24 24\" fill=\"none\"><path d=\"M6 6H4v2h2V6zm14 0H8v2h12V6zM4 11h2v2H4v-2zm16 0H8v2h12v-2zM4 16h2v2H4v-2zm16 0H8v2h12v-2z\" fill=\"currentColor\"><\/path><\/svg><svg style=\"fill: #999;color:#999\" class=\"arrow-unsorted-368013\" xmlns=\"http:\/\/www.w3.org\/2000\/svg\" width=\"10px\" height=\"10px\" viewBox=\"0 0 24 24\" version=\"1.2\" baseProfile=\"tiny\"><path d=\"M18.2 9.3l-6.2-6.3-6.2 6.3c-.2.2-.3.4-.3.7s.1.5.3.7c.2.2.4.3.7.3h11c.3 0 .5-.1.7-.3.2-.2.3-.5.3-.7s-.1-.5-.3-.7zM5.8 14.7l6.2 6.3 6.2-6.3c.2-.2.3-.5.3-.7s-.1-.5-.3-.7c-.2-.2-.4-.3-.7-.3h-11c-.3 0-.5.1-.7.3-.2.2-.3.5-.3.7s.1.5.3.7z\"\/><\/svg><\/span><\/span><\/span><\/a><\/span><\/div>\n<nav><ul class='ez-toc-list ez-toc-list-level-1 ' ><li class='ez-toc-page-1 ez-toc-heading-level-2'><a class=\"ez-toc-link ez-toc-heading-1\" href=\"https:\/\/evdebakimparasimaasi.com\/blog\/2025-yeni-engelli-haklari-nedir\/#Engellilere_Verilen_Haklar_Nelerdir\" >Engellilere Verilen Haklar Nelerdir?<\/a><\/li><li class='ez-toc-page-1 ez-toc-heading-level-2'><a class=\"ez-toc-link ez-toc-heading-2\" href=\"https:\/\/evdebakimparasimaasi.com\/blog\/2025-yeni-engelli-haklari-nedir\/#Engellilere_Verilen_Temel_Haklar\" >Engellilere Verilen Temel Haklar<\/a><\/li><li class='ez-toc-page-1 ez-toc-heading-level-2'><a class=\"ez-toc-link ez-toc-heading-3\" href=\"https:\/\/evdebakimparasimaasi.com\/blog\/2025-yeni-engelli-haklari-nedir\/#Engelli_Erken_Emeklilik_Hakki\" >Engelli Erken Emeklilik Hakk\u0131<\/a><\/li><li class='ez-toc-page-1 ez-toc-heading-level-2'><a class=\"ez-toc-link ez-toc-heading-4\" href=\"https:\/\/evdebakimparasimaasi.com\/blog\/2025-yeni-engelli-haklari-nedir\/#Basvuru_Sureci_ve_Sartlari\" >Ba\u015fvuru S\u00fcreci ve \u015eartlar\u0131<\/a><\/li><li class='ez-toc-page-1 ez-toc-heading-level-2'><a class=\"ez-toc-link ez-toc-heading-5\" href=\"https:\/\/evdebakimparasimaasi.com\/blog\/2025-yeni-engelli-haklari-nedir\/#Fatura_ve_Iletisim_Hizmetlerinde_Sunulan_Indirimler\" >Fatura ve \u0130leti\u015fim Hizmetlerinde Sunulan \u0130ndirimler<\/a><\/li><li class='ez-toc-page-1 ez-toc-heading-level-2'><a class=\"ez-toc-link ez-toc-heading-6\" href=\"https:\/\/evdebakimparasimaasi.com\/blog\/2025-yeni-engelli-haklari-nedir\/#Toplu_Tasima_ve_Ulasim_Haklari\" >Toplu Ta\u015f\u0131ma ve Ula\u015f\u0131m Haklar\u0131<\/a><\/li><li class='ez-toc-page-1 ez-toc-heading-level-2'><a class=\"ez-toc-link ez-toc-heading-7\" href=\"https:\/\/evdebakimparasimaasi.com\/blog\/2025-yeni-engelli-haklari-nedir\/#Vergi_Avantajlari_ve_Muafiyetler\" >Vergi Avantajlar\u0131 ve Muafiyetler<\/a><\/li><li class='ez-toc-page-1 ez-toc-heading-level-2'><a class=\"ez-toc-link ez-toc-heading-8\" href=\"https:\/\/evdebakimparasimaasi.com\/blog\/2025-yeni-engelli-haklari-nedir\/#Kulturel_ve_Sosyal_Ayricaliklar\" >K\u00fclt\u00fcrel ve Sosyal Ayr\u0131cal\u0131klar<\/a><\/li><li class='ez-toc-page-1 ez-toc-heading-level-2'><a class=\"ez-toc-link ez-toc-heading-9\" href=\"https:\/\/evdebakimparasimaasi.com\/blog\/2025-yeni-engelli-haklari-nedir\/#Engelli_Kimlik_Karti_Nedir\" >Engelli Kimlik Kart\u0131 Nedir?<\/a><\/li><li class='ez-toc-page-1 ez-toc-heading-level-2'><a class=\"ez-toc-link ez-toc-heading-10\" href=\"https:\/\/evdebakimparasimaasi.com\/blog\/2025-yeni-engelli-haklari-nedir\/#Engelli_Kimlik_Karti_Nasil_Alinir\" >Engelli Kimlik Kart\u0131 Nas\u0131l Al\u0131n\u0131r?<\/a><\/li><\/ul><\/nav><\/div>\n<h2><span class=\"ez-toc-section\" id=\"Engellilere_Verilen_Haklar_Nelerdir\"><\/span>Engellilere Verilen Haklar Nelerdir?<span class=\"ez-toc-section-end\"><\/span><\/h2>\n<p><strong>Engellilere verilen haklar<\/strong> bireylerin hem sosyal hayata kat\u0131l\u0131mlar\u0131n\u0131 kolayla\u015ft\u0131rmay\u0131 hem de ekonomik ve fiziksel zorluklar\u0131n\u0131 hafifletmeyi ama\u00e7lar. Bu haklar aras\u0131nda erken emeklilik, \u00e7e\u015fitli indirimler, \u00f6zel park alanlar\u0131 gibi ayr\u0131cal\u0131klar yer al\u0131r. Kamu kurumlar\u0131 ve \u00f6zel sekt\u00f6r taraf\u0131ndan sa\u011flanan bu haklar toplumun her alan\u0131nda engelli bireylerin e\u015fit \u015fartlarda yer alabilmesini hedefler.<\/p>\n<figure id=\"attachment_3193\" aria-describedby=\"caption-attachment-3193\" style=\"width: 1200px\" class=\"wp-caption alignnone\"><img fetchpriority=\"high\" decoding=\"async\" class=\"size-full wp-image-3193\" src=\"https:\/\/evdebakimparasimaasi.com\/blog\/wp-content\/uploads\/2025\/01\/2025-Yeni-Engelli-Haklari-Nedir4.jpg\" alt=\"2025 Yeni Engelli Haklar\u0131 Nedir\" width=\"1200\" height=\"800\" \/><figcaption id=\"caption-attachment-3193\" class=\"wp-caption-text\">2025 Yeni Engelli Haklar\u0131 Nedir<\/figcaption><\/figure>\n<h2><span class=\"ez-toc-section\" id=\"Engellilere_Verilen_Temel_Haklar\"><\/span>Engellilere Verilen Temel Haklar<span class=\"ez-toc-section-end\"><\/span><\/h2>\n<p>Engelli bireyler i\u00e7in sunulan haklar aras\u0131nda \u015fu avantajlar \u00f6ne \u00e7\u0131kar:<\/p>\n<ul>\n<li>Erken emeklilik: Engelli bireyler, belirli prim g\u00fcn say\u0131s\u0131n\u0131 ve sigortal\u0131l\u0131k s\u00fcresini tamamlad\u0131klar\u0131nda ya\u015f s\u0131n\u0131r\u0131na tak\u0131lmadan emekli olabilirler.<\/li>\n<li>Vergi indirimi: Engellilik oran\u0131na g\u00f6re gelir vergisi y\u00fck\u00fc hafifletilir.<\/li>\n<li>Fatura indirimleri: Mobil hatlar, internet ve su faturalar\u0131nda \u00e7e\u015fitli indirimler uygulan\u0131r.<\/li>\n<li>Ula\u015f\u0131m kolayl\u0131klar\u0131: \u015eehir i\u00e7i ve \u015fehirler aras\u0131 toplu ta\u015f\u0131ma ara\u00e7lar\u0131nda indirimli veya \u00fccretsiz seyahat haklar\u0131 sunulur.<\/li>\n<li>\u00d6zel park alanlar\u0131: Kamuya a\u00e7\u0131k alanlarda engelli bireyler i\u00e7in ayr\u0131lm\u0131\u015f park yerleri kullan\u0131l\u0131r.<\/li>\n<\/ul>\n<h2><span class=\"ez-toc-section\" id=\"Engelli_Erken_Emeklilik_Hakki\"><\/span>Engelli Erken Emeklilik Hakk\u0131<span class=\"ez-toc-section-end\"><\/span><\/h2>\n<p>Erken emeklilik engelli bireylere tan\u0131nan \u00f6nemli haklardan biridir. <strong>Yeni engelli olan\u0131n haklar\u0131<\/strong> aras\u0131nda yer alan bu d\u00fczenleme, bireyin engellilik oran\u0131, sigorta prim g\u00fcn\u00fc ve \u00e7al\u0131\u015fma s\u00fcresine g\u00f6re de\u011fi\u015fiklik g\u00f6stermektedir.<\/p>\n<h2><span class=\"ez-toc-section\" id=\"Basvuru_Sureci_ve_Sartlari\"><\/span>Ba\u015fvuru S\u00fcreci ve \u015eartlar\u0131<span class=\"ez-toc-section-end\"><\/span><\/h2>\n<p>Erken emeklilik i\u00e7in izlenmesi gereken ad\u0131mlar \u015fu \u015fekilde s\u0131ralanabilir:<\/p>\n<ul>\n<li>\u00c7al\u0131\u015f\u0131lan kuruma erken emeklilik dilek\u00e7esi verilir.<\/li>\n<li>Dilek\u00e7e, ilgili Sosyal G\u00fcvenlik Kurumu\u2019na (SGK) y\u00f6nlendirilir.<\/li>\n<li>Onay s\u00fcrecinin ard\u0131ndan emeklilik hakk\u0131 tan\u0131n\u0131r.<\/li>\n<\/ul>\n<p>Bu s\u00fcre\u00e7te engellilik oran\u0131 %40 ve \u00fczerinde olan bireylerin emeklilik ba\u015fvurusunda bulunabilece\u011fi unutulmamal\u0131d\u0131r.<\/p>\n<h2><span class=\"ez-toc-section\" id=\"Fatura_ve_Iletisim_Hizmetlerinde_Sunulan_Indirimler\"><\/span>Fatura ve \u0130leti\u015fim Hizmetlerinde Sunulan \u0130ndirimler<span class=\"ez-toc-section-end\"><\/span><\/h2>\n<p>Engelli bireylerin g\u00fcnl\u00fck ya\u015fam maliyetlerini azaltmak amac\u0131yla mobil hatlar ve internet gibi hizmetlerde \u00f6zel tarifeler sunulmaktad\u0131r. <strong>Engelli haklar\u0131 yeni<\/strong> d\u00fczenlemelere g\u00f6re, mobil operat\u00f6rler ve internet sa\u011flay\u0131c\u0131lar\u0131 genellikle %25 oran\u0131nda indirim uygulamaktad\u0131r.<\/p>\n<p><strong>\u0130ndirim Sa\u011flayan \u015eirketler<\/strong><\/p>\n<ul>\n<li><strong>Turkcell:<\/strong> %25 indirimli tarifeler sunar.<\/li>\n<li><strong>Vodafone:<\/strong> %25 oran\u0131nda fatura indirimi sa\u011flar.<\/li>\n<li><strong>T\u00fcrk Telekom:<\/strong> T\u00fcm tarifelerde engelli bireyler i\u00e7in %25 indirim uygular.<\/li>\n<\/ul>\n<p>Ayr\u0131ca, engellilik belgesi ile yap\u0131lan ba\u015fvurularda ev interneti sa\u011flay\u0131c\u0131lar\u0131 da benzer oranlarda indirimler sunmaktad\u0131r.<\/p>\n<figure id=\"attachment_3194\" aria-describedby=\"caption-attachment-3194\" style=\"width: 2048px\" class=\"wp-caption alignnone\"><img decoding=\"async\" class=\"size-full wp-image-3194\" src=\"https:\/\/evdebakimparasimaasi.com\/blog\/wp-content\/uploads\/2025\/01\/2025-Yeni-Engelli-Haklari-Nedir3.jpg\" alt=\"2025 Yeni Engelli Haklar\u0131 Nedir\" width=\"2048\" height=\"1152\" \/><figcaption id=\"caption-attachment-3194\" class=\"wp-caption-text\">2025 Yeni Engelli Haklar\u0131 Nedir<\/figcaption><\/figure>\n<h2><span class=\"ez-toc-section\" id=\"Toplu_Tasima_ve_Ulasim_Haklari\"><\/span>Toplu Ta\u015f\u0131ma ve Ula\u015f\u0131m Haklar\u0131<span class=\"ez-toc-section-end\"><\/span><\/h2>\n<p><a href=\"https:\/\/evdebakimparasimaasi.com\/blog\/otv-muafiyeti-ile-yeni-engelli-arac-alim-sartlari-2025\/\">Engelli<\/a> bireyler, \u015fehir i\u00e7i ve \u015fehirler aras\u0131 ula\u015f\u0131mda indirimli tarifelerden faydalanabilirler. \u015eehir i\u00e7i toplu ta\u015f\u0131ma ara\u00e7lar\u0131nda %40 oran\u0131nda indirim uygulan\u0131rken, baz\u0131 belediyeler bu hizmeti tamamen \u00fccretsiz hale getirmi\u015ftir. \u015eehirler aras\u0131 otob\u00fcslerde ise engelli bireyler %30 oran\u0131nda indirimli bilet sat\u0131n alabilirler.<\/p>\n<p>TCDD (T\u00fcrkiye Cumhuriyeti Devlet Demiryollar\u0131), engelli bireylerin \u00fccretsiz seyahat etmesine olanak tan\u0131yan bir d\u00fczenleme sunmaktad\u0131r. Ayr\u0131ca, devlet sporcular\u0131 ve gaziler gibi di\u011fer \u00f6zel gruplar da bu haktan faydalanabilmektedir.<\/p>\n<h2><span class=\"ez-toc-section\" id=\"Vergi_Avantajlari_ve_Muafiyetler\"><\/span>Vergi Avantajlar\u0131 ve Muafiyetler<span class=\"ez-toc-section-end\"><\/span><\/h2>\n<p>Engelli bireyler gelir vergisi ve \u00d6TV gibi \u00e7e\u015fitli vergilerde \u00f6nemli avantajlardan yararlan\u0131r.<\/p>\n<ul>\n<li>Gelir vergisi indirimi: Engellilik oran\u0131na g\u00f6re indirim miktarlar\u0131 farkl\u0131l\u0131k g\u00f6sterir:<\/li>\n<\/ul>\n<ul>\n<li>derece engelliler: 6.900 TL indirim<\/li>\n<li>derece engelliler: 4.000 TL indirim<\/li>\n<li>derece engelliler: 1.700 TL indirim<\/li>\n<\/ul>\n<ul>\n<li>\u00d6TV muafiyeti: Engelli bireylerin ara\u00e7 al\u0131mlar\u0131nda \u00d6zel T\u00fcketim Vergisi\u2019nden muaf tutulmas\u0131, ekonomik y\u00fck\u00fc hafifletir.<\/li>\n<\/ul>\n<h2><span class=\"ez-toc-section\" id=\"Kulturel_ve_Sosyal_Ayricaliklar\"><\/span>K\u00fclt\u00fcrel ve Sosyal Ayr\u0131cal\u0131klar<span class=\"ez-toc-section-end\"><\/span><\/h2>\n<p>2025 y\u0131l\u0131nda <strong>engelli haklar\u0131 yeni<\/strong> d\u00fczenlemelerle daha fazla ki\u015fiye ula\u015fmay\u0131 ve bireylerin ya\u015fam kalitesini art\u0131rmay\u0131 ama\u00e7lamaktad\u0131r. Toplumun her kesiminin e\u015fit haklardan faydalanabilmesi i\u00e7in bu t\u00fcr d\u00fczenlemelerin \u00f6nemi b\u00fcy\u00fckt\u00fcr. <strong>Yeni engelli haklar\u0131<\/strong> bireylere sa\u011flanan bu avantajlar sayesinde g\u00fcnl\u00fck ya\u015fam\u0131 kolayla\u015ft\u0131rmakta ve sosyal hayata aktif kat\u0131l\u0131m\u0131 desteklemektedir.<\/p>\n<p>Engelli bireylerin sosyal hayata daha fazla kat\u0131lmas\u0131n\u0131 te\u015fvik etmek amac\u0131yla devlet tiyatrolar\u0131nda \u00fccretsiz bilet, m\u00fcze giri\u015flerinde muafiyet gibi haklar sunulmaktad\u0131r. Ayr\u0131ca Kredi Yurtlar Kurumu (KYK) yurtlar\u0131nda kalan engelli \u00f6\u011frencilere %50 indirim uygulan\u0131r.<\/p>\n<figure id=\"attachment_3195\" aria-describedby=\"caption-attachment-3195\" style=\"width: 1200px\" class=\"wp-caption alignnone\"><img decoding=\"async\" class=\"size-full wp-image-3195\" src=\"https:\/\/evdebakimparasimaasi.com\/blog\/wp-content\/uploads\/2025\/01\/2025-Yeni-Engelli-Haklari-Nedir2.jpg\" alt=\"2025 Yeni Engelli Haklar\u0131 Nedir\" width=\"1200\" height=\"628\" \/><figcaption id=\"caption-attachment-3195\" class=\"wp-caption-text\">2025 Yeni Engelli Haklar\u0131 Nedir<\/figcaption><\/figure>\n<h2><span class=\"ez-toc-section\" id=\"Engelli_Kimlik_Karti_Nedir\"><\/span>Engelli Kimlik Kart\u0131 Nedir?<span class=\"ez-toc-section-end\"><\/span><\/h2>\n<p>Engelli kimlik kart\u0131 engelli bireylerin yasal haklardan faydalanabilmelerini sa\u011flayan resmi bir belgedir. Bu kart, engelli ki\u015filerin sa\u011fl\u0131k, ula\u015f\u0131m, e\u011fitim gibi \u00e7e\u015fitli alanlarda avantajl\u0131 haklardan yararlanmas\u0131na olanak tan\u0131r.<\/p>\n<h2><span class=\"ez-toc-section\" id=\"Engelli_Kimlik_Karti_Nasil_Alinir\"><\/span>Engelli Kimlik Kart\u0131 Nas\u0131l Al\u0131n\u0131r?<span class=\"ez-toc-section-end\"><\/span><\/h2>\n<p>Engelli kimlik kart\u0131 almak i\u00e7in a\u015fa\u011f\u0131daki ad\u0131mlar\u0131 izlemek gereklidir:<\/p>\n<ul>\n<li>E-Devlet \u00dczerinden Ba\u015fvuru Yapmak: Ba\u015fvuru i\u015flemi i\u00e7in E-Devlet portal\u0131na giri\u015f yap\u0131l\u0131r.<\/li>\n<li>Gerekli Belgeleri ve Bilgileri Sunmak: Ba\u015fvuru s\u0131ras\u0131nda istenen t\u00fcm belgeler ve bilgiler do\u011fru \u015fekilde girilir.<\/li>\n<li>Ba\u015fvuruyu Tamamlamak: T\u00fcm bilgiler girildikten sonra ba\u015fvuru i\u015flemi tamamlan\u0131r.<\/li>\n<\/ul>\n<p>Engelli bireyler haklardan yararlanabilmek i\u00e7in ilgili resmi kurumlara ba\u015fvuruda bulunabilirler. G\u00fcncel bilgiler ve ba\u015fvuru ko\u015fullar\u0131 i\u00e7in resmi kurumlar\u0131n web sitelerinden detayl\u0131 bilgi al\u0131nabilir.<\/p>\n<p>&nbsp;<\/p>\n<p>&nbsp;<\/p>\n","protected":false},"excerpt":{"rendered":"<p>Yeni engelli haklar\u0131 2025 y\u0131l\u0131nda da toplumun dezavantajl\u0131 kesimlerini desteklemek amac\u0131yla y\u00fcr\u00fcrl\u00fckte kalmaya devam etmektedir. Engellilere y\u00f6nelik hakla, 5378 say\u0131l\u0131 Engelli Haklar\u0131 Kanunu ile g\u00fcvence&#46;&#46;&#46;<\/p>\n","protected":false},"author":2,"featured_media":3196,"comment_status":"open","ping_status":"open","sticky":false,"template":"","format":"standard","meta":{"footnotes":""},"categories":[8],"tags":[],"class_list":["post-3192","post","type-post","status-publish","format-standard","has-post-thumbnail","hentry","category-bilgi"],"_links":{"self":[{"href":"https:\/\/evdebakimparasimaasi.com\/blog\/wp-json\/wp\/v2\/posts\/3192","targetHints":{"allow":["GET"]}}],"collection":[{"href":"https:\/\/evdebakimparasimaasi.com\/blog\/wp-json\/wp\/v2\/posts"}],"about":[{"href":"https:\/\/evdebakimparasimaasi.com\/blog\/wp-json\/wp\/v2\/types\/post"}],"author":[{"embeddable":true,"href":"https:\/\/evdebakimparasimaasi.com\/blog\/wp-json\/wp\/v2\/users\/2"}],"replies":[{"embeddable":true,"href":"https:\/\/evdebakimparasimaasi.com\/blog\/wp-json\/wp\/v2\/comments?post=3192"}],"version-history":[{"count":0,"href":"https:\/\/evdebakimparasimaasi.com\/blog\/wp-json\/wp\/v2\/posts\/3192\/revisions"}],"wp:featuredmedia":[{"embeddable":true,"href":"https:\/\/evdebakimparasimaasi.com\/blog\/wp-json\/wp\/v2\/media\/3196"}],"wp:attachment":[{"href":"https:\/\/evdebakimparasimaasi.com\/blog\/wp-json\/wp\/v2\/media?parent=3192"}],"wp:term":[{"taxonomy":"category","embeddable":true,"href":"https:\/\/evdebakimparasimaasi.com\/blog\/wp-json\/wp\/v2\/categories?post=3192"},{"taxonomy":"post_tag","embeddable":true,"href":"https:\/\/evdebakimparasimaasi.com\/blog\/wp-json\/wp\/v2\/tags?post=3192"}],"curies":[{"name":"wp","href":"https:\/\/api.w.org\/{rel}","templated":true}]}}