{"id":3199,"date":"2025-01-09T19:46:47","date_gmt":"2025-01-09T16:46:47","guid":{"rendered":"https:\/\/evdebakimparasimaasi.com\/blog\/?p=3199"},"modified":"2025-01-09T19:46:47","modified_gmt":"2025-01-09T16:46:47","slug":"surekli-engelli-raporuyla-emeklik","status":"publish","type":"post","link":"https:\/\/evdebakimparasimaasi.com\/blog\/surekli-engelli-raporuyla-emeklik\/","title":{"rendered":"S\u00fcrekli Engelli Raporu ile Erken Emekli Olunur mu?"},"content":{"rendered":"<p><strong>S\u00fcrekli engelli raporu<\/strong>\u00a0bireylerin erken emeklilik hakk\u0131 kazanmas\u0131na olanak tan\u0131yan \u00f6nemli bir belgedir. Bu rapor, ki\u015finin engel durumunu tespit eder ve Sosyal G\u00fcvenlik Kurumu (SGK) taraf\u0131ndan belirlenen \u00f6zel \u015fartlarla emeklilik s\u00fcrecine dahil olmas\u0131n\u0131 sa\u011flar. Erken emeklilik \u015fartlar\u0131 ise sigorta ba\u015flang\u0131\u00e7 tarihi, prim g\u00fcn say\u0131s\u0131 ve sigortal\u0131l\u0131k s\u00fcresine g\u00f6re de\u011fi\u015fiklik g\u00f6sterir.<\/p>\n<p>Engelli bireylerin bu s\u00fcre\u00e7te hangi kurallara tabi oldu\u011funu bilmesi \u00f6nemlidir \u00e7\u00fcnk\u00fc sigorta kanunlar\u0131nda yap\u0131lan de\u011fi\u015fiklikler emeklilik ko\u015fullar\u0131n\u0131 farkl\u0131la\u015ft\u0131rm\u0131\u015ft\u0131r. Bu y\u00fczden s\u00fcrekli engeli raporu ile emeklilik i\u00e7in baz\u0131 temel noktalar bulunmaktad\u0131r. Bu \u015fartlar\u0131n uygulanmas\u0131 halinde erken emeklilik durumu olu\u015fabilmektedir.<\/p>\n<div id=\"ez-toc-container\" class=\"ez-toc-v2_0_82_2 counter-hierarchy ez-toc-counter ez-toc-grey ez-toc-container-direction\">\n<div class=\"ez-toc-title-container\">\n<p class=\"ez-toc-title\" style=\"cursor:inherit\">\u0130\u00e7indekiler<\/p>\n<span class=\"ez-toc-title-toggle\"><a href=\"#\" class=\"ez-toc-pull-right ez-toc-btn ez-toc-btn-xs ez-toc-btn-default ez-toc-toggle\" aria-label=\"\u0130\u00e7indekiler Tablosunu A\u00e7\/Kapat\"><span class=\"ez-toc-js-icon-con\"><span class=\"\"><span class=\"eztoc-hide\" style=\"display:none;\">Toggle<\/span><span class=\"ez-toc-icon-toggle-span\"><svg style=\"fill: #999;color:#999\" xmlns=\"http:\/\/www.w3.org\/2000\/svg\" class=\"list-377408\" width=\"20px\" height=\"20px\" viewBox=\"0 0 24 24\" fill=\"none\"><path d=\"M6 6H4v2h2V6zm14 0H8v2h12V6zM4 11h2v2H4v-2zm16 0H8v2h12v-2zM4 16h2v2H4v-2zm16 0H8v2h12v-2z\" fill=\"currentColor\"><\/path><\/svg><svg style=\"fill: #999;color:#999\" class=\"arrow-unsorted-368013\" xmlns=\"http:\/\/www.w3.org\/2000\/svg\" width=\"10px\" height=\"10px\" viewBox=\"0 0 24 24\" version=\"1.2\" baseProfile=\"tiny\"><path d=\"M18.2 9.3l-6.2-6.3-6.2 6.3c-.2.2-.3.4-.3.7s.1.5.3.7c.2.2.4.3.7.3h11c.3 0 .5-.1.7-.3.2-.2.3-.5.3-.7s-.1-.5-.3-.7zM5.8 14.7l6.2 6.3 6.2-6.3c.2-.2.3-.5.3-.7s-.1-.5-.3-.7c-.2-.2-.4-.3-.7-.3h-11c-.3 0-.5.1-.7.3-.2.2-.3.5-.3.7s.1.5.3.7z\"\/><\/svg><\/span><\/span><\/span><\/a><\/span><\/div>\n<nav><ul class='ez-toc-list ez-toc-list-level-1 ' ><li class='ez-toc-page-1 ez-toc-heading-level-2'><a class=\"ez-toc-link ez-toc-heading-1\" href=\"https:\/\/evdebakimparasimaasi.com\/blog\/surekli-engelli-raporuyla-emeklik\/#Surekli_Engelli_Raporu_Nasil_Alinir\" >S\u00fcrekli Engelli Raporu Nas\u0131l Al\u0131n\u0131r?<\/a><\/li><li class='ez-toc-page-1 ez-toc-heading-level-2'><a class=\"ez-toc-link ez-toc-heading-2\" href=\"https:\/\/evdebakimparasimaasi.com\/blog\/surekli-engelli-raporuyla-emeklik\/#Kimler_Surekli_Engelli_Raporu_Alabilir\" >Kimler S\u00fcrekli Engelli Raporu Alabilir?<\/a><\/li><li class='ez-toc-page-1 ez-toc-heading-level-2'><a class=\"ez-toc-link ez-toc-heading-3\" href=\"https:\/\/evdebakimparasimaasi.com\/blog\/surekli-engelli-raporuyla-emeklik\/#Surekli_Engelli_Raporuyla_Erken_Emeklilik_Sartlari_Nelerdir\" >S\u00fcrekli Engelli Raporuyla Erken Emeklilik \u015eartlar\u0131 Nelerdir?<\/a><\/li><li class='ez-toc-page-1 ez-toc-heading-level-2'><a class=\"ez-toc-link ez-toc-heading-4\" href=\"https:\/\/evdebakimparasimaasi.com\/blog\/surekli-engelli-raporuyla-emeklik\/#Surekli_Engelli_Raporunun_Gecerlilik_Suresi\" >S\u00fcrekli Engelli Raporunun Ge\u00e7erlilik S\u00fcresi<\/a><\/li><li class='ez-toc-page-1 ez-toc-heading-level-2'><a class=\"ez-toc-link ez-toc-heading-5\" href=\"https:\/\/evdebakimparasimaasi.com\/blog\/surekli-engelli-raporuyla-emeklik\/#Uyku_Apnesi_ile_Surekli_Engelli_Raporu_Alinir_mi\" >Uyku Apnesi ile S\u00fcrekli Engelli Raporu Al\u0131n\u0131r m\u0131?<\/a><\/li><\/ul><\/nav><\/div>\n<h2><span class=\"ez-toc-section\" id=\"Surekli_Engelli_Raporu_Nasil_Alinir\"><\/span>S\u00fcrekli Engelli Raporu Nas\u0131l Al\u0131n\u0131r?<span class=\"ez-toc-section-end\"><\/span><\/h2>\n<p>Engelli bireylerin erken emeklilik i\u00e7in ba\u015fvurabilece\u011fi s\u00fcrekli engelli raporu, belirli bir prosed\u00fcr dahilinde al\u0131n\u0131r. \u0130lk olarak <strong><a href=\"https:\/\/www.mhrs.gov.tr\/\" rel=\"nofollow noopener\" target=\"_blank\">MHRS<\/a> (Merkezi Hekim Randevu Sistemi)<\/strong> \u00fczerinden sa\u011fl\u0131k kurulu raporu ba\u015fvurusu yap\u0131lmal\u0131d\u0131r. \u0130\u015fte bu s\u00fcre\u00e7te izlenmesi gereken ad\u0131mlar:<\/p>\n<ul>\n<li>Sa\u011fl\u0131k Kurulu biriminde bir ba\u015fvuru dilek\u00e7esi doldurulmal\u0131d\u0131r.<\/li>\n<li>Muayene s\u00fcrecinde t\u00fcm tedavi belgeleri ve doktor raporlar\u0131 eksiksiz sunulmal\u0131d\u0131r.<\/li>\n<li>Ba\u015fvuru s\u0131ras\u0131nda kimlik belgesinin haz\u0131r bulundurulmas\u0131 gerekir.<\/li>\n<li>Hastalar, bir\u00e7ok uzman doktor taraf\u0131ndan yap\u0131lan muayenelere tabi tutulur.<\/li>\n<li>\u0130\u015fitme engelli bireyler ya da yabanc\u0131 uyruklular, ihtiya\u00e7 halinde terc\u00fcman deste\u011fi talep edebilir.<\/li>\n<li>Yata\u011fa ba\u011f\u0131ml\u0131 hastalar i\u00e7in evde sa\u011fl\u0131k hizmeti talep edilebilir.<\/li>\n<\/ul>\n<p>T\u00fcm belgeler tamamland\u0131ktan sonra rapor, sa\u011fl\u0131k kurulu taraf\u0131ndan de\u011ferlendirilir. Rapor onayland\u0131\u011f\u0131nda hasta bilgilendirilerek s\u00fcre\u00e7 tamamlan\u0131r.<\/p>\n<figure id=\"attachment_3200\" aria-describedby=\"caption-attachment-3200\" style=\"width: 1254px\" class=\"wp-caption alignnone\"><img fetchpriority=\"high\" decoding=\"async\" class=\"size-full wp-image-3200\" src=\"https:\/\/evdebakimparasimaasi.com\/blog\/wp-content\/uploads\/2025\/01\/Surekli-Engelli-Raporu-ile-Erken-Emekli-Olunur-mu4.jpg\" alt=\"S\u00fcrekli Engelli Raporu ile Erken Emekli Olunur mu\" width=\"1254\" height=\"836\" \/><figcaption id=\"caption-attachment-3200\" class=\"wp-caption-text\">S\u00fcrekli Engelli Raporu ile Erken Emekli Olunur mu<\/figcaption><\/figure>\n<h2><span class=\"ez-toc-section\" id=\"Kimler_Surekli_Engelli_Raporu_Alabilir\"><\/span>Kimler S\u00fcrekli Engelli Raporu Alabilir?<span class=\"ez-toc-section-end\"><\/span><\/h2>\n<p>S\u00fcrekli engelli raporu yaln\u0131zca kal\u0131c\u0131 engel durumuna sahip bireylere verilir. Ba\u015fka bir deyi\u015fle ge\u00e7ici engellik durumu olmamal\u0131d\u0131r. Engel oran\u0131 %40 ve \u00fczerinde olanlar bu rapora ba\u015fvuru yapabilir. Ancak %40\u2019\u0131n alt\u0131ndaki oranlar i\u00e7in s\u00fcreli rapor d\u00fczenlenir. S\u00fcrekli engelli raporu genellikle \u015fu durumlar\u0131 kapsar:<\/p>\n<ul>\n<li>G\u00f6rme engelli bireyler<\/li>\n<li>Zihinsel veya kronik hastal\u0131\u011f\u0131 olanlar<\/li>\n<li>Uzuv kayb\u0131 ya\u015fayan bireyler<\/li>\n<\/ul>\n<p>S\u00fcrekli raporun belli durumlarda iptal edilmesi m\u00fcmk\u00fcnd\u00fcr. \u00d6rne\u011fin, raporun usule uygun olarak al\u0131nmam\u0131\u015f olmas\u0131 veya sahte oldu\u011fu y\u00f6n\u00fcnde bir \u015fikayet bulunmas\u0131 halinde iptal s\u00fcreci ba\u015flat\u0131l\u0131r.<\/p>\n<figure id=\"attachment_3202\" aria-describedby=\"caption-attachment-3202\" style=\"width: 1233px\" class=\"wp-caption alignnone\"><img decoding=\"async\" class=\"size-full wp-image-3202\" src=\"https:\/\/evdebakimparasimaasi.com\/blog\/wp-content\/uploads\/2025\/01\/Surekli-Engelli-Raporu-ile-Erken-Emekli-Olunur-mu2.jpg\" alt=\"S\u00fcrekli Engelli Raporu ile Erken Emekli Olunur mu\" width=\"1233\" height=\"816\" \/><figcaption id=\"caption-attachment-3202\" class=\"wp-caption-text\">S\u00fcrekli Engelli Raporu ile Erken Emekli Olunur mu<\/figcaption><\/figure>\n<h2><span class=\"ez-toc-section\" id=\"Surekli_Engelli_Raporuyla_Erken_Emeklilik_Sartlari_Nelerdir\"><\/span>S\u00fcrekli Engelli Raporuyla Erken Emeklilik \u015eartlar\u0131 Nelerdir?<span class=\"ez-toc-section-end\"><\/span><\/h2>\n<p><strong>S\u00fcrekli engelli raporuyla erken emeklilik<\/strong> bireylerin ya\u015f \u015fart\u0131 aranmadan emekli olmas\u0131na olanak tan\u0131r. Engellilik oran\u0131 ve sigorta ba\u015flang\u0131\u00e7 tarihi bu s\u00fcrecin temel kriterlerindendir. Sigorta giri\u015f tarihlerine g\u00f6re erken emeklilik \u015fartlar\u0131 a\u015fa\u011f\u0131daki gibi belirlenmi\u015ftir:<\/p>\n<ul>\n<li><strong>15.08.1991 \u00f6ncesi sigorta giri\u015fi olanlar:<\/strong> %40-%59 engel oran\u0131 i\u00e7in 3600 prim g\u00fcn\u00fc ve 15 y\u0131l sigortal\u0131l\u0131k s\u00fcresi gerekir.<br \/>\n%60-%79 engel oran\u0131 i\u00e7in yine 3600 prim g\u00fcn\u00fc ve 15 y\u0131l sigortal\u0131l\u0131k \u015fart\u0131 aran\u0131r.<br \/>\n%80 ve \u00fczeri engel oran\u0131 i\u00e7in ayn\u0131 ko\u015fullar ge\u00e7erlidir.<\/li>\n<li><strong>06.08.1991-05.08.1994 aras\u0131nda sigorta giri\u015fi olanlar:<\/strong> %40-%59 engel oran\u0131 i\u00e7in 3750 prim g\u00fcn\u00fc ve 16 y\u0131l sigortal\u0131l\u0131k s\u00fcresi aran\u0131r.<br \/>\n%60-%79 engel oran\u0131 i\u00e7in 3680 prim g\u00fcn\u00fc ve 15 y\u0131l sigortal\u0131l\u0131k yeterlidir.<br \/>\n%80 ve \u00fczeri engel oran\u0131 i\u00e7in 3760 prim g\u00fcn\u00fc ve 15 y\u0131l \u015fart\u0131 ge\u00e7erlidir.<\/li>\n<li><strong>01.01.2013-31.12.2013 aras\u0131nda sigorta giri\u015fi olanlar:<\/strong> %40-%59 engel oran\u0131 i\u00e7in 4600 prim g\u00fcn\u00fc ve 18 y\u0131l sigortal\u0131l\u0131k s\u00fcresi gerekir.<br \/>\n%60-%79 engel oran\u0131 i\u00e7in 3960 prim g\u00fcn\u00fc ve 16 y\u0131l sigortal\u0131l\u0131k s\u00fcresi yeterlidir.<br \/>\n%80 ve \u00fczeri engel oran\u0131 i\u00e7in 3960 prim g\u00fcn\u00fc ve 15 y\u0131l sigortal\u0131l\u0131k \u015fart\u0131 sa\u011flanmal\u0131d\u0131r.<\/li>\n<\/ul>\n<h2><span class=\"ez-toc-section\" id=\"Surekli_Engelli_Raporunun_Gecerlilik_Suresi\"><\/span>S\u00fcrekli Engelli Raporunun Ge\u00e7erlilik S\u00fcresi<span class=\"ez-toc-section-end\"><\/span><\/h2>\n<p>S\u00fcrekli <a href=\"https:\/\/evdebakimparasimaasi.com\/blog\/2025-engelli-raporu-hesaplama-nasil-yapilir\/\">engelli raporunun<\/a> ge\u00e7erlilik s\u00fcresi yoktur ancak ki\u015finin engel durumunda de\u011fi\u015fiklik olmas\u0131 halinde rapor yenilenebilir. Bu yenileme i\u015flemi, ki\u015finin g\u00fcncel sa\u011fl\u0131k durumunu tespit etmek i\u00e7in yap\u0131l\u0131r ve engel oran\u0131nda art\u0131\u015f ya da azalma meydana gelebilir.<\/p>\n<figure id=\"attachment_3201\" aria-describedby=\"caption-attachment-3201\" style=\"width: 1253px\" class=\"wp-caption alignnone\"><img decoding=\"async\" class=\"size-full wp-image-3201\" src=\"https:\/\/evdebakimparasimaasi.com\/blog\/wp-content\/uploads\/2025\/01\/Surekli-Engelli-Raporu-ile-Erken-Emekli-Olunur-mu3.jpg\" alt=\"S\u00fcrekli Engelli Raporu ile Erken Emekli Olunur mu\" width=\"1253\" height=\"836\" \/><figcaption id=\"caption-attachment-3201\" class=\"wp-caption-text\">S\u00fcrekli Engelli Raporu ile Erken Emekli Olunur mu<\/figcaption><\/figure>\n<h2><span class=\"ez-toc-section\" id=\"Uyku_Apnesi_ile_Surekli_Engelli_Raporu_Alinir_mi\"><\/span>Uyku Apnesi ile S\u00fcrekli Engelli Raporu Al\u0131n\u0131r m\u0131?<span class=\"ez-toc-section-end\"><\/span><\/h2>\n<p>Uyku apnesi gibi rahats\u0131zl\u0131klar i\u00e7in s\u00fcrekli engelli raporu verilmesi nadirdir. Ancak ileri d\u00fczeyde kronik uyku apnesi hastalar\u0131nda bu rapor al\u0131nabilir. Engel oran\u0131 genellikle %35 seviyelerinde belirlenir, ancak rahats\u0131zl\u0131\u011f\u0131n \u015fiddetine g\u00f6re bu oran artabilir.<\/p>\n<p><strong>S\u00fcrekli engelli raporu erken emeklilik<\/strong> hakk\u0131 engelli bireylerin ya\u015fam kalitesini art\u0131ran \u00f6nemli bir uygulamad\u0131r. Bu rapor sayesinde emekli maa\u015f\u0131 alabilir ve ya\u015fl\u0131l\u0131k d\u00f6neminde maddi olarak daha rahat bir hayat s\u00fcrebilirsiniz. Gerekli \u015fartlar\u0131 \u00f6\u011frenmek i\u00e7in SGK&#8217;ya ba\u015fvurabilir ya da e-Devlet \u00fczerinden detaylar\u0131 kontrol edebilirsiniz.<\/p>\n<p>Unutulmamal\u0131d\u0131r ki engellilere sa\u011flanan erken emeklilik hakk\u0131, sadece %40 ve \u00fczeri engel oran\u0131na sahip bireyleri kapsar. Bu s\u00fcre\u00e7te do\u011fru ve usule uygun bir ba\u015fvuru yaparak avantajlardan yararlanabilirsiniz.<\/p>\n<p>&nbsp;<\/p>\n","protected":false},"excerpt":{"rendered":"<p>S\u00fcrekli engelli raporu\u00a0bireylerin erken emeklilik hakk\u0131 kazanmas\u0131na olanak tan\u0131yan \u00f6nemli bir belgedir. Bu rapor, ki\u015finin engel durumunu tespit eder ve Sosyal G\u00fcvenlik Kurumu (SGK) taraf\u0131ndan&#46;&#46;&#46;<\/p>\n","protected":false},"author":2,"featured_media":3203,"comment_status":"open","ping_status":"open","sticky":false,"template":"","format":"standard","meta":{"footnotes":""},"categories":[8],"tags":[],"class_list":["post-3199","post","type-post","status-publish","format-standard","has-post-thumbnail","hentry","category-bilgi"],"_links":{"self":[{"href":"https:\/\/evdebakimparasimaasi.com\/blog\/wp-json\/wp\/v2\/posts\/3199","targetHints":{"allow":["GET"]}}],"collection":[{"href":"https:\/\/evdebakimparasimaasi.com\/blog\/wp-json\/wp\/v2\/posts"}],"about":[{"href":"https:\/\/evdebakimparasimaasi.com\/blog\/wp-json\/wp\/v2\/types\/post"}],"author":[{"embeddable":true,"href":"https:\/\/evdebakimparasimaasi.com\/blog\/wp-json\/wp\/v2\/users\/2"}],"replies":[{"embeddable":true,"href":"https:\/\/evdebakimparasimaasi.com\/blog\/wp-json\/wp\/v2\/comments?post=3199"}],"version-history":[{"count":0,"href":"https:\/\/evdebakimparasimaasi.com\/blog\/wp-json\/wp\/v2\/posts\/3199\/revisions"}],"wp:featuredmedia":[{"embeddable":true,"href":"https:\/\/evdebakimparasimaasi.com\/blog\/wp-json\/wp\/v2\/media\/3203"}],"wp:attachment":[{"href":"https:\/\/evdebakimparasimaasi.com\/blog\/wp-json\/wp\/v2\/media?parent=3199"}],"wp:term":[{"taxonomy":"category","embeddable":true,"href":"https:\/\/evdebakimparasimaasi.com\/blog\/wp-json\/wp\/v2\/categories?post=3199"},{"taxonomy":"post_tag","embeddable":true,"href":"https:\/\/evdebakimparasimaasi.com\/blog\/wp-json\/wp\/v2\/tags?post=3199"}],"curies":[{"name":"wp","href":"https:\/\/api.w.org\/{rel}","templated":true}]}}