{"id":3325,"date":"2025-01-11T18:00:17","date_gmt":"2025-01-11T15:00:17","guid":{"rendered":"https:\/\/evdebakimparasimaasi.com\/blog\/?p=3325"},"modified":"2025-02-23T14:39:57","modified_gmt":"2025-02-23T11:39:57","slug":"engelli-raporu-ile-arac-nasil-alinir","status":"publish","type":"post","link":"https:\/\/evdebakimparasimaasi.com\/blog\/engelli-raporu-ile-arac-nasil-alinir\/","title":{"rendered":"Engelli Raporu ile Ara\u00e7 Nas\u0131l Al\u0131n\u0131r? G\u00fcncel 2025"},"content":{"rendered":"\n<p><strong>Engelli raporu ile ara\u00e7 almak<\/strong> engelli bireylerin ula\u015f\u0131m ihtiya\u00e7lar\u0131n\u0131 kolayla\u015ft\u0131rmak ad\u0131na sunulan \u00f6nemli bir ayr\u0131cal\u0131kt\u0131r. Bu s\u00fcre\u00e7te, hem yasal \u015fartlar\u0131 yerine getirmek hem de gerekli belgeleri eksiksiz sunmak b\u00fcy\u00fck \u00f6nem ta\u015f\u0131r. Engelli bireyler i\u00e7in sa\u011flanan \u00d6TV (\u00d6zel T\u00fcketim Vergisi) muafiyeti ara\u00e7lar\u0131n maliyetini ciddi oranda d\u00fc\u015f\u00fcrerek kolayl\u0131kla ara\u00e7 sahibi olma f\u0131rsat\u0131 sunar. Ancak bu imkandan yararlanmak i\u00e7in belirli kriterlerin kar\u015f\u0131lanmas\u0131 gerekmektedir.<\/p>\n\n\n\n<div id=\"ez-toc-container\" class=\"ez-toc-v2_0_82_2 counter-hierarchy ez-toc-counter ez-toc-grey ez-toc-container-direction\">\n<div class=\"ez-toc-title-container\">\n<p class=\"ez-toc-title\" style=\"cursor:inherit\">\u0130\u00e7indekiler<\/p>\n<span class=\"ez-toc-title-toggle\"><a href=\"#\" class=\"ez-toc-pull-right ez-toc-btn ez-toc-btn-xs ez-toc-btn-default ez-toc-toggle\" aria-label=\"\u0130\u00e7indekiler Tablosunu A\u00e7\/Kapat\"><span class=\"ez-toc-js-icon-con\"><span class=\"\"><span class=\"eztoc-hide\" style=\"display:none;\">Toggle<\/span><span class=\"ez-toc-icon-toggle-span\"><svg style=\"fill: #999;color:#999\" xmlns=\"http:\/\/www.w3.org\/2000\/svg\" class=\"list-377408\" width=\"20px\" height=\"20px\" viewBox=\"0 0 24 24\" fill=\"none\"><path d=\"M6 6H4v2h2V6zm14 0H8v2h12V6zM4 11h2v2H4v-2zm16 0H8v2h12v-2zM4 16h2v2H4v-2zm16 0H8v2h12v-2z\" fill=\"currentColor\"><\/path><\/svg><svg style=\"fill: #999;color:#999\" class=\"arrow-unsorted-368013\" xmlns=\"http:\/\/www.w3.org\/2000\/svg\" width=\"10px\" height=\"10px\" viewBox=\"0 0 24 24\" version=\"1.2\" baseProfile=\"tiny\"><path d=\"M18.2 9.3l-6.2-6.3-6.2 6.3c-.2.2-.3.4-.3.7s.1.5.3.7c.2.2.4.3.7.3h11c.3 0 .5-.1.7-.3.2-.2.3-.5.3-.7s-.1-.5-.3-.7zM5.8 14.7l6.2 6.3 6.2-6.3c.2-.2.3-.5.3-.7s-.1-.5-.3-.7c-.2-.2-.4-.3-.7-.3h-11c-.3 0-.5.1-.7.3-.2.2-.3.5-.3.7s.1.5.3.7z\"\/><\/svg><\/span><\/span><\/span><\/a><\/span><\/div>\n<nav><ul class='ez-toc-list ez-toc-list-level-1 ' ><li class='ez-toc-page-1 ez-toc-heading-level-2'><a class=\"ez-toc-link ez-toc-heading-1\" href=\"https:\/\/evdebakimparasimaasi.com\/blog\/engelli-raporu-ile-arac-nasil-alinir\/#Engelli_Raporu_ile_Arac_Almanin_Sartlari\" >Engelli Raporu ile Ara\u00e7 Alman\u0131n \u015eartlar\u0131<\/a><\/li><li class='ez-toc-page-1 ez-toc-heading-level-2'><a class=\"ez-toc-link ez-toc-heading-2\" href=\"https:\/\/evdebakimparasimaasi.com\/blog\/engelli-raporu-ile-arac-nasil-alinir\/#Engelli_Raporuyla_Arac_Almak_Icin_Gerekli_Belgeler\" >Engelli Raporuyla Ara\u00e7 Almak \u0130\u00e7in Gerekli Belgeler<\/a><\/li><li class='ez-toc-page-1 ez-toc-heading-level-2'><a class=\"ez-toc-link ez-toc-heading-3\" href=\"https:\/\/evdebakimparasimaasi.com\/blog\/engelli-raporu-ile-arac-nasil-alinir\/#Engelli_Raporuyla_Alinabilecek_Araclar_ve_Limitler\" >Engelli Raporuyla Al\u0131nabilecek Ara\u00e7lar ve Limitler<\/a><\/li><li class='ez-toc-page-1 ez-toc-heading-level-2'><a class=\"ez-toc-link ez-toc-heading-4\" href=\"https:\/\/evdebakimparasimaasi.com\/blog\/engelli-raporu-ile-arac-nasil-alinir\/#Ikinci_El_Araclarda_Engelli_Indirimi_Gecerli_mi\" >\u0130kinci El Ara\u00e7larda Engelli \u0130ndirimi Ge\u00e7erli mi?<\/a><\/li><li class='ez-toc-page-1 ez-toc-heading-level-2'><a class=\"ez-toc-link ez-toc-heading-5\" href=\"https:\/\/evdebakimparasimaasi.com\/blog\/engelli-raporu-ile-arac-nasil-alinir\/#Engelli_Raporuyla_Alinan_Araclarin_Satisi\" >Engelli Raporuyla Al\u0131nan Ara\u00e7lar\u0131n Sat\u0131\u015f\u0131<\/a><\/li><li class='ez-toc-page-1 ez-toc-heading-level-2'><a class=\"ez-toc-link ez-toc-heading-6\" href=\"https:\/\/evdebakimparasimaasi.com\/blog\/engelli-raporu-ile-arac-nasil-alinir\/#Engelli_Raporuyla_Arac_Alma_Islemleri_Nasil_Yapilir\" >Engelli Raporuyla Ara\u00e7 Alma \u0130\u015flemleri Nas\u0131l Yap\u0131l\u0131r?<\/a><\/li><\/ul><\/nav><\/div>\n<h2 class=\"wp-block-heading\"><span class=\"ez-toc-section\" id=\"Engelli_Raporu_ile_Arac_Almanin_Sartlari\"><\/span>Engelli Raporu ile Ara\u00e7 Alman\u0131n \u015eartlar\u0131<span class=\"ez-toc-section-end\"><\/span><\/h2>\n\n\n\n<p><strong>Engelli raporuyla araba almak<\/strong> yaln\u0131zca belirli ko\u015fullar\u0131 sa\u011flayan bireyler i\u00e7in m\u00fcmk\u00fcnd\u00fcr. Bu ko\u015fullar aras\u0131nda en temel olan\u0131 engelli bireyin engel oran\u0131n\u0131n belirli bir d\u00fczeyde olmas\u0131d\u0131r. \u015eartlar \u015fu \u015fekilde \u00f6zetlenebilir:<\/p>\n\n\n\n<ul class=\"wp-block-list\">\n<li><strong>Engel oran\u0131n\u0131n en az %40<\/strong> olmas\u0131 ve bu durumun sa\u011fl\u0131k raporunda belirtilmesi gerekir.<\/li>\n\n\n\n<li>E\u011fer engel oran\u0131 %90\u2019\u0131n alt\u0131ndaysa arac\u0131n engel durumuna uygun \u015fekilde d\u00fczenlenmesi zorunludur. Bu durumda, d\u00fczenlenmi\u015f ara\u00e7 yaln\u0131zca engelli birey taraf\u0131ndan kullan\u0131labilir.<\/li>\n\n\n\n<li>Engel oran\u0131 %90 ve \u00fczerinde olan bireyler ara\u00e7lar\u0131na herhangi bir d\u00fczenleme gerekmeden, \u00d6TV muafiyetinden yararlanarak ara\u00e7 sat\u0131n alabilir. Bu durumda arac\u0131 engelli bireyin d\u0131\u015f\u0131nda yak\u0131nlar\u0131 da kullanabilir.<\/li>\n\n\n\n<li>Ara\u00e7 almak isteyen ki\u015finin, s\u00fcr\u00fcc\u00fc belgesi alabilir durumda oldu\u011funa dair ibare raporda yer almal\u0131d\u0131r.<\/li>\n\n\n\n<li>Zihinsel engelli bireyler ad\u0131na i\u015flemler, yasal vasi taraf\u0131ndan yap\u0131l\u0131r.<\/li>\n\n\n\n<li>Ara\u00e7 al\u0131m\u0131 i\u00e7in gerekli t\u00fcm belgelerin eksiksiz olarak ibraz edilmesi zorunludur.<\/li>\n<\/ul>\n\n\n\n<figure class=\"wp-block-image size-large\"><img fetchpriority=\"high\" decoding=\"async\" width=\"1024\" height=\"576\" src=\"https:\/\/evdebakimparasimaasi.com\/blog\/wp-content\/uploads\/2025\/01\/Engelli-raporu-ile-arac-4-1024x576.jpg\" alt=\"\" class=\"wp-image-3326\"\/><\/figure>\n\n\n\n<h2 class=\"wp-block-heading\"><span class=\"ez-toc-section\" id=\"Engelli_Raporuyla_Arac_Almak_Icin_Gerekli_Belgeler\"><\/span>Engelli Raporuyla Ara\u00e7 Almak \u0130\u00e7in Gerekli Belgeler<span class=\"ez-toc-section-end\"><\/span><\/h2>\n\n\n\n<p>Engelli bireylerin ara\u00e7 sahibi olabilmesi i\u00e7in birtak\u0131m belgeleri haz\u0131rlayarak, ara\u00e7 sat\u0131\u015f noktalar\u0131na ba\u015fvurmalar\u0131 gerekmektedir. <strong>Engelli raporu araba<\/strong> almak i\u00e7in gereken belgeler \u015funlard\u0131r:<\/p>\n\n\n\n<ul class=\"wp-block-list\">\n<li>Engelli bireyin n\u00fcfus c\u00fczdan\u0131 ve fotokopisi,<\/li>\n\n\n\n<li>Be\u015f adet vesikal\u0131k foto\u011fraf,<\/li>\n\n\n\n<li>Vasi karar\u0131 olanlar i\u00e7in vasilik belgesi,<\/li>\n\n\n\n<li>Engelli sa\u011fl\u0131k raporu (tam te\u015fekk\u00fcll\u00fc bir hastaneden al\u0131nm\u0131\u015f olmal\u0131),<\/li>\n\n\n\n<li>Ara\u00e7 sat\u0131\u015f firmas\u0131 taraf\u0131ndan haz\u0131rlanm\u0131\u015f olan \u00f6zel ba\u015fvuru formu.<\/li>\n<\/ul>\n\n\n\n<p>Bu belgeler tamamland\u0131ktan sonra, engelli birey diledi\u011fi arac\u0131 se\u00e7erek i\u015flemleri ba\u015flatabilir.<\/p>\n\n\n\n<h2 class=\"wp-block-heading\"><span class=\"ez-toc-section\" id=\"Engelli_Raporuyla_Alinabilecek_Araclar_ve_Limitler\"><\/span>Engelli Raporuyla Al\u0131nabilecek Ara\u00e7lar ve Limitler<span class=\"ez-toc-section-end\"><\/span><\/h2>\n\n\n\n<p>Engelli bireyler i\u00e7in sunulan \u00d6TV muafiyeti, yaln\u0131zca belirli limitlere uygun ara\u00e7larda ge\u00e7erlidir. 2025 y\u0131l\u0131 itibar\u0131yla <a href=\"https:\/\/www.gib.gov.tr\/yardim-ve-kaynaklar\/yararli-bilgiler\/ozel-tuketim-vergisi-tutarlari-ve-oranlari\" rel=\"nofollow noopener\" target=\"_blank\">\u00d6TV<\/a> muafiyetinden faydalanarak al\u0131nabilecek ara\u00e7lar\u0131n fiyat limiti 1.004.200 TL olarak belirlenmi\u015ftir. Ayr\u0131ca motor hacminin 1.6 litrenin \u00fczerinde olmamas\u0131 gereklidir.<\/p>\n\n\n\n<p>Ara\u00e7 se\u00e7iminde, engelli bireyin fiziksel durumuna uygun modeller tercih edilmelidir. \u00d6rne\u011fin, bacaklar\u0131nda veya ayaklar\u0131nda engeli bulunan ki\u015filer i\u00e7in, yerden al\u00e7ak ara\u00e7lar daha uygun olabilir. Ara\u00e7ta yap\u0131lacak d\u00fczenlemeler, bireyin ihtiya\u00e7lar\u0131na g\u00f6re \u015fekillendirilir ve bu d\u00fczenlemeler ara\u00e7 sat\u0131\u015f firmalar\u0131 taraf\u0131ndan uygulan\u0131r.<\/p>\n\n\n\n<figure class=\"wp-block-image size-large\"><img decoding=\"async\" width=\"1024\" height=\"576\" src=\"https:\/\/evdebakimparasimaasi.com\/blog\/wp-content\/uploads\/2025\/01\/Engelli-raporu-ile-arac-3-1024x576.jpg\" alt=\"\" class=\"wp-image-3327\"\/><\/figure>\n\n\n\n<h2 class=\"wp-block-heading\"><span class=\"ez-toc-section\" id=\"Ikinci_El_Araclarda_Engelli_Indirimi_Gecerli_mi\"><\/span>\u0130kinci El Ara\u00e7larda Engelli \u0130ndirimi Ge\u00e7erli mi?<span class=\"ez-toc-section-end\"><\/span><\/h2>\n\n\n\n<p><strong>Engelli raporuyla araba<\/strong> al\u0131m\u0131 yaln\u0131zca s\u0131f\u0131r ara\u00e7lar i\u00e7in ge\u00e7erli olan bir avantajd\u0131r. \u0130kinci el ara\u00e7lar, engelli indirimi kapsam\u0131na girmez. Bu nedenle, engelli bireylerin s\u0131f\u0131r ara\u00e7 sat\u0131\u015f\u0131 yapan bayilere ba\u015fvurmas\u0131 gereklidir. \u0130ndirim oran\u0131, bireyin engel oran\u0131na ba\u011fl\u0131 olarak de\u011fi\u015fiklik g\u00f6sterir ve engel oran\u0131 artt\u0131k\u00e7a, sa\u011flanan indirim de artar.<\/p>\n\n\n\n<h2 class=\"wp-block-heading\"><span class=\"ez-toc-section\" id=\"Engelli_Raporuyla_Alinan_Araclarin_Satisi\"><\/span>Engelli Raporuyla Al\u0131nan Ara\u00e7lar\u0131n Sat\u0131\u015f\u0131<span class=\"ez-toc-section-end\"><\/span><\/h2>\n\n\n\n<p>Engelli raporuyla al\u0131nan ara\u00e7lar\u0131n sat\u0131\u015f\u0131 i\u00e7in baz\u0131 kurallar bulunmaktad\u0131r. Bu ara\u00e7lar sat\u0131n al\u0131nd\u0131ktan sonra be\u015f y\u0131l boyunca sat\u0131lamaz. E\u011fer be\u015f y\u0131l dolmadan ara\u00e7 sat\u0131lmak istenirse \u00d6TV tutar\u0131n\u0131n \u00f6denmesi gerekmektedir. Be\u015f y\u0131l\u0131n sonunda ise herhangi bir ek \u00f6deme yapmadan sat\u0131\u015f i\u015flemi ger\u00e7ekle\u015ftirilebilir.<\/p>\n\n\n\n<figure class=\"wp-block-image size-large\"><img decoding=\"async\" width=\"1024\" height=\"538\" src=\"https:\/\/evdebakimparasimaasi.com\/blog\/wp-content\/uploads\/2025\/01\/Engelli-raporu-ile-arac-2-1024x538.jpg\" alt=\"\" class=\"wp-image-3328\"\/><\/figure>\n\n\n\n<h2 class=\"wp-block-heading\"><span class=\"ez-toc-section\" id=\"Engelli_Raporuyla_Arac_Alma_Islemleri_Nasil_Yapilir\"><\/span>Engelli Raporuyla Ara\u00e7 Alma \u0130\u015flemleri Nas\u0131l Yap\u0131l\u0131r?<span class=\"ez-toc-section-end\"><\/span><\/h2>\n\n\n\n<p>Ara\u00e7 al\u0131m s\u00fcrecinde \u00f6ncelikle tam te\u015fekk\u00fcll\u00fc bir hastaneye ba\u015fvurarak <a href=\"https:\/\/evdebakimparasimaasi.com\/blog\/surekli-engelli-raporuyla-emeklik\/\">sa\u011fl\u0131k raporu <\/a>al\u0131nmal\u0131d\u0131r. Bu raporda, bireyin engel oran\u0131, ara\u00e7 kullanabilirlik durumu ve gerekti\u011finde ara\u00e7ta yap\u0131lacak d\u00fczenlemeler belirtilmelidir. Daha sonra, belirlenen rapor ve di\u011fer belgelerle ara\u00e7 sat\u0131\u015f bayilerine ba\u015fvurulabilir.<\/p>\n\n\n\n<p>E\u011fer ara\u00e7 alacak ki\u015fi 18 ya\u015f\u0131ndan k\u00fc\u00e7\u00fckse, yasal temsilcileri arac\u0131l\u0131\u011f\u0131yla i\u015flemler ger\u00e7ekle\u015ftirilir. Bunun yan\u0131 s\u0131ra zihinsel engelli bireyler i\u00e7in vasi atanmas\u0131 durumunda, ara\u00e7 al\u0131m i\u015flemi vasi taraf\u0131ndan y\u00fcr\u00fct\u00fcl\u00fcr.<\/p>\n\n\n\n<p><strong>Engelli raporuyla araba almak<\/strong> bireylerin hayat\u0131n\u0131 kolayla\u015ft\u0131rmak ad\u0131na sunulan de\u011ferli bir imkand\u0131r. \u00d6TV muafiyeti sayesinde ara\u00e7 fiyatlar\u0131n\u0131n d\u00fc\u015fmesi, engelli bireylerin bu imkandan daha geni\u015f bir \u015fekilde yararlanmas\u0131n\u0131 sa\u011flar. Ancak, engelli raporu al\u0131m\u0131, ara\u00e7 se\u00e7imi ve belgelerin eksiksiz tamamlanmas\u0131 gibi s\u00fcre\u00e7lerin dikkatlice y\u00fcr\u00fct\u00fclmesi gereklidir.<\/p>\n\n\n\n<p>Unutulmamal\u0131d\u0131r ki <strong>engelli raporu araba indirimi<\/strong> yaln\u0131zca belirlenen \u015fartlara uygun bireyler i\u00e7in ge\u00e7erlidir ve bu s\u00fcre\u00e7te do\u011fru bilgi edinmek b\u00fcy\u00fck \u00f6nem ta\u015f\u0131r. Engelli bireyler veya yak\u0131nlar\u0131 uygun arac\u0131 se\u00e7erek, hem hayatlar\u0131n\u0131 kolayla\u015ft\u0131rabilir hem de avantajl\u0131 bir \u015fekilde ara\u00e7 sahibi olabilirler.<\/p>\n","protected":false},"excerpt":{"rendered":"<p>Engelli raporu ile ara\u00e7 almak engelli bireylerin ula\u015f\u0131m ihtiya\u00e7lar\u0131n\u0131 kolayla\u015ft\u0131rmak ad\u0131na sunulan \u00f6nemli bir ayr\u0131cal\u0131kt\u0131r. Bu s\u00fcre\u00e7te, hem yasal \u015fartlar\u0131 yerine getirmek hem de gerekli&#46;&#46;&#46;<\/p>\n","protected":false},"author":2,"featured_media":3329,"comment_status":"open","ping_status":"open","sticky":false,"template":"","format":"standard","meta":{"footnotes":""},"categories":[8],"tags":[],"class_list":["post-3325","post","type-post","status-publish","format-standard","has-post-thumbnail","hentry","category-bilgi"],"_links":{"self":[{"href":"https:\/\/evdebakimparasimaasi.com\/blog\/wp-json\/wp\/v2\/posts\/3325","targetHints":{"allow":["GET"]}}],"collection":[{"href":"https:\/\/evdebakimparasimaasi.com\/blog\/wp-json\/wp\/v2\/posts"}],"about":[{"href":"https:\/\/evdebakimparasimaasi.com\/blog\/wp-json\/wp\/v2\/types\/post"}],"author":[{"embeddable":true,"href":"https:\/\/evdebakimparasimaasi.com\/blog\/wp-json\/wp\/v2\/users\/2"}],"replies":[{"embeddable":true,"href":"https:\/\/evdebakimparasimaasi.com\/blog\/wp-json\/wp\/v2\/comments?post=3325"}],"version-history":[{"count":1,"href":"https:\/\/evdebakimparasimaasi.com\/blog\/wp-json\/wp\/v2\/posts\/3325\/revisions"}],"predecessor-version":[{"id":3730,"href":"https:\/\/evdebakimparasimaasi.com\/blog\/wp-json\/wp\/v2\/posts\/3325\/revisions\/3730"}],"wp:featuredmedia":[{"embeddable":true,"href":"https:\/\/evdebakimparasimaasi.com\/blog\/wp-json\/wp\/v2\/media\/3329"}],"wp:attachment":[{"href":"https:\/\/evdebakimparasimaasi.com\/blog\/wp-json\/wp\/v2\/media?parent=3325"}],"wp:term":[{"taxonomy":"category","embeddable":true,"href":"https:\/\/evdebakimparasimaasi.com\/blog\/wp-json\/wp\/v2\/categories?post=3325"},{"taxonomy":"post_tag","embeddable":true,"href":"https:\/\/evdebakimparasimaasi.com\/blog\/wp-json\/wp\/v2\/tags?post=3325"}],"curies":[{"name":"wp","href":"https:\/\/api.w.org\/{rel}","templated":true}]}}