{"id":3371,"date":"2025-01-14T18:52:23","date_gmt":"2025-01-14T15:52:23","guid":{"rendered":"https:\/\/evdebakimparasimaasi.com\/blog\/?p=3371"},"modified":"2025-02-23T14:39:55","modified_gmt":"2025-02-23T11:39:55","slug":"diger-aile-yardimi-nedir-diger-aile","status":"publish","type":"post","link":"https:\/\/evdebakimparasimaasi.com\/blog\/diger-aile-yardimi-nedir-diger-aile\/","title":{"rendered":"Di\u011fer Aile Yard\u0131m\u0131 Nedir? Di\u011fer Aile Yard\u0131m\u0131 Nas\u0131l Al\u0131n\u0131r?"},"content":{"rendered":"\n<p><strong>Di\u011fer Aile Yard\u0131m\u0131<\/strong> devletin ihtiya\u00e7 sahibi ailelere sa\u011flad\u0131\u011f\u0131 bir sosyal yard\u0131m t\u00fcr\u00fcd\u00fcr. Aile ve Sosyal Hizmetler Bakanl\u0131\u011f\u0131 taraf\u0131ndan y\u00f6netilen bu program, \u00f6zellikle temel ihtiya\u00e7lar\u0131n\u0131 kar\u015f\u0131lamakta zorlanan hanelere destek olmay\u0131 hedefler. Sosyal Yard\u0131mla\u015fma ve Dayan\u0131\u015fma Vak\u0131flar\u0131 arac\u0131l\u0131\u011f\u0131yla sa\u011flanan bu yard\u0131mlar, ailelerin g\u00fcnl\u00fck ya\u015famlar\u0131n\u0131 s\u00fcrd\u00fcrebilmeleri i\u00e7in olduk\u00e7a \u00f6nemlidir.<\/p>\n\n\n\n<div id=\"ez-toc-container\" class=\"ez-toc-v2_0_82_2 counter-hierarchy ez-toc-counter ez-toc-grey ez-toc-container-direction\">\n<div class=\"ez-toc-title-container\">\n<p class=\"ez-toc-title\" style=\"cursor:inherit\">\u0130\u00e7indekiler<\/p>\n<span class=\"ez-toc-title-toggle\"><a href=\"#\" class=\"ez-toc-pull-right ez-toc-btn ez-toc-btn-xs ez-toc-btn-default ez-toc-toggle\" aria-label=\"\u0130\u00e7indekiler Tablosunu A\u00e7\/Kapat\"><span class=\"ez-toc-js-icon-con\"><span class=\"\"><span class=\"eztoc-hide\" style=\"display:none;\">Toggle<\/span><span class=\"ez-toc-icon-toggle-span\"><svg style=\"fill: #999;color:#999\" xmlns=\"http:\/\/www.w3.org\/2000\/svg\" class=\"list-377408\" width=\"20px\" height=\"20px\" viewBox=\"0 0 24 24\" fill=\"none\"><path d=\"M6 6H4v2h2V6zm14 0H8v2h12V6zM4 11h2v2H4v-2zm16 0H8v2h12v-2zM4 16h2v2H4v-2zm16 0H8v2h12v-2z\" fill=\"currentColor\"><\/path><\/svg><svg style=\"fill: #999;color:#999\" class=\"arrow-unsorted-368013\" xmlns=\"http:\/\/www.w3.org\/2000\/svg\" width=\"10px\" height=\"10px\" viewBox=\"0 0 24 24\" version=\"1.2\" baseProfile=\"tiny\"><path d=\"M18.2 9.3l-6.2-6.3-6.2 6.3c-.2.2-.3.4-.3.7s.1.5.3.7c.2.2.4.3.7.3h11c.3 0 .5-.1.7-.3.2-.2.3-.5.3-.7s-.1-.5-.3-.7zM5.8 14.7l6.2 6.3 6.2-6.3c.2-.2.3-.5.3-.7s-.1-.5-.3-.7c-.2-.2-.4-.3-.7-.3h-11c-.3 0-.5.1-.7.3-.2.2-.3.5-.3.7s.1.5.3.7z\"\/><\/svg><\/span><\/span><\/span><\/a><\/span><\/div>\n<nav><ul class='ez-toc-list ez-toc-list-level-1 ' ><li class='ez-toc-page-1 ez-toc-heading-level-2'><a class=\"ez-toc-link ez-toc-heading-1\" href=\"https:\/\/evdebakimparasimaasi.com\/blog\/diger-aile-yardimi-nedir-diger-aile\/#Diger_Aile_Yardimi_Nedir\" >Di\u011fer Aile Yard\u0131m\u0131 Nedir?<\/a><\/li><li class='ez-toc-page-1 ez-toc-heading-level-2'><a class=\"ez-toc-link ez-toc-heading-2\" href=\"https:\/\/evdebakimparasimaasi.com\/blog\/diger-aile-yardimi-nedir-diger-aile\/#Diger_Aile_Yardimi_Basvurusu_Nasil_Yapilir\" >Di\u011fer Aile Yard\u0131m\u0131 Ba\u015fvurusu Nas\u0131l Yap\u0131l\u0131r?<\/a><\/li><li class='ez-toc-page-1 ez-toc-heading-level-2'><a class=\"ez-toc-link ez-toc-heading-3\" href=\"https:\/\/evdebakimparasimaasi.com\/blog\/diger-aile-yardimi-nedir-diger-aile\/#Diger_Aile_Yardimi_Basvurusu_Yaparken_Gerekli_Belgeler\" >Di\u011fer Aile Yard\u0131m\u0131 Ba\u015fvurusu Yaparken Gerekli Belgeler<\/a><\/li><li class='ez-toc-page-1 ez-toc-heading-level-2'><a class=\"ez-toc-link ez-toc-heading-4\" href=\"https:\/\/evdebakimparasimaasi.com\/blog\/diger-aile-yardimi-nedir-diger-aile\/#Diger_Aile_Yardimi_Alma_Sartlari\" >Di\u011fer Aile Yard\u0131m\u0131 Alma \u015eartlar\u0131<\/a><\/li><li class='ez-toc-page-1 ez-toc-heading-level-2'><a class=\"ez-toc-link ez-toc-heading-5\" href=\"https:\/\/evdebakimparasimaasi.com\/blog\/diger-aile-yardimi-nedir-diger-aile\/#Diger_Aile_Yardiminin_Verildigi_Durumlar_ve_Miktari\" >Di\u011fer Aile Yard\u0131m\u0131n\u0131n Verildi\u011fi Durumlar ve Miktar\u0131<\/a><\/li><li class='ez-toc-page-1 ez-toc-heading-level-2'><a class=\"ez-toc-link ez-toc-heading-6\" href=\"https:\/\/evdebakimparasimaasi.com\/blog\/diger-aile-yardimi-nedir-diger-aile\/#Diger_Aile_Yardimi_Sorgulama\" >Di\u011fer Aile Yard\u0131m\u0131 Sorgulama<\/a><\/li><li class='ez-toc-page-1 ez-toc-heading-level-2'><a class=\"ez-toc-link ez-toc-heading-7\" href=\"https:\/\/evdebakimparasimaasi.com\/blog\/diger-aile-yardimi-nedir-diger-aile\/#Sonuc_ve_Odeme_Sureci\" >Sonu\u00e7 ve \u00d6deme S\u00fcreci<\/a><\/li><\/ul><\/nav><\/div>\n<h2 class=\"wp-block-heading\"><span class=\"ez-toc-section\" id=\"Diger_Aile_Yardimi_Nedir\"><\/span>Di\u011fer Aile Yard\u0131m\u0131 Nedir?<span class=\"ez-toc-section-end\"><\/span><\/h2>\n\n\n\n<p><strong>Di\u011fer Aile Yard\u0131m\u0131<\/strong> Aile ve Sosyal Hizmetler Bakanl\u0131\u011f\u0131&#8217;n\u0131n \u00e7e\u015fitli aile destek programlar\u0131 kapsam\u0131nda verilen bir yard\u0131md\u0131r. Yard\u0131m\u0131n amac\u0131 zorlu ekonomik ko\u015fullar alt\u0131nda ya\u015famlar\u0131n\u0131 s\u00fcrd\u00fcren ailelerin temel ihtiya\u00e7lar\u0131n\u0131 kar\u015f\u0131lamak ve sosyal deste\u011fi art\u0131rmakt\u0131r. Bu yard\u0131mlar aras\u0131nda do\u011fum yard\u0131m\u0131 \u00e7oklu do\u011fum yard\u0131m\u0131, e\u015fi vefat etmi\u015f kad\u0131nlara y\u00f6nelik yard\u0131mlar, \u00f6ks\u00fcz ve yetim yard\u0131mlar\u0131, muhta\u00e7 asker ailelerine y\u00f6nelik yard\u0131mlar, ter\u00f6r zarar\u0131 yard\u0131mlar\u0131 ve afet durumlar\u0131 i\u00e7in yap\u0131lan yard\u0131mlar yer al\u0131r.<\/p>\n\n\n\n<p>Bu yard\u0131mlar\u0131n ba\u015fvurusu Sosyal Yard\u0131mla\u015fma ve Dayan\u0131\u015fma Vak\u0131flar\u0131 \u00fczerinden yap\u0131labilir. Ayr\u0131ca <strong>di\u011fer aile yard\u0131m\u0131 ba\u015fvurusu yapmak<\/strong> isteyen vatanda\u015flar, e-devlet \u00fczerinden ya da telefonla ba\u015fvuru yapma imkan\u0131na sahiptir.<\/p>\n\n\n\n<figure class=\"wp-block-image size-large\"><img fetchpriority=\"high\" decoding=\"async\" width=\"1024\" height=\"682\" src=\"https:\/\/evdebakimparasimaasi.com\/blog\/wp-content\/uploads\/2025\/01\/Diger-Aile-Yardimi-4-1024x682.jpg\" alt=\"\" class=\"wp-image-3372\"\/><\/figure>\n\n\n\n<h2 class=\"wp-block-heading\"><span class=\"ez-toc-section\" id=\"Diger_Aile_Yardimi_Basvurusu_Nasil_Yapilir\"><\/span>Di\u011fer Aile Yard\u0131m\u0131 Ba\u015fvurusu Nas\u0131l Yap\u0131l\u0131r?<span class=\"ez-toc-section-end\"><\/span><\/h2>\n\n\n\n<p><strong>Di\u011fer aile yard\u0131m\u0131 ba\u015fvurusu<\/strong> yapabilmek i\u00e7in, ba\u015fvurulan ki\u015finin ikamet etti\u011fi il veya il\u00e7edeki Sosyal Yard\u0131mla\u015fma ve Dayan\u0131\u015fma Vakf\u0131na ba\u015fvurulmas\u0131 gerekmektedir. Bu ba\u015fvuru, kimlik belgesi ile yap\u0131labilir. Bunun yan\u0131 s\u0131ra, e-devlet kap\u0131s\u0131 \u00fczerinden de ba\u015fvuru yap\u0131lmas\u0131 m\u00fcmk\u00fcnd\u00fcr. E-devlet \u00fczerinden yap\u0131lan ba\u015fvurularda, ba\u015fvuru formu doldurulup, gerekli belgeler sisteme y\u00fcklenerek ba\u015fvuru tamamlan\u0131r.<\/p>\n\n\n\n<p>Ayr\u0131ca <strong>di\u011fer aile yard\u0131m\u0131 ba\u015fvurusu<\/strong> i\u00e7in Alo 144 ve Alo 183 Sosyal Yard\u0131m Hatt\u0131 da kullan\u0131labilir. Bu hatlar, ba\u015fvuru s\u00fcrecinde rehberlik eder ve ba\u015fvuru i\u00e7in gerekli y\u00f6nlendirmeleri yapar. Bu t\u00fcr ba\u015fvurular, ilgili vak\u0131flara y\u00f6nlendirilerek i\u015fleme al\u0131n\u0131r.<\/p>\n\n\n\n<h2 class=\"wp-block-heading\"><span class=\"ez-toc-section\" id=\"Diger_Aile_Yardimi_Basvurusu_Yaparken_Gerekli_Belgeler\"><\/span>Di\u011fer Aile Yard\u0131m\u0131 Ba\u015fvurusu Yaparken Gerekli Belgeler<span class=\"ez-toc-section-end\"><\/span><\/h2>\n\n\n\n<p>Ba\u015fvuru s\u0131ras\u0131nda belirli belgeler istenmektedir. Bunlar aras\u0131nda en \u00f6nemli olanlar, kimlik belgesi, gelir beyan\u0131 ve aileye ait di\u011fer bilgi ve belgeler yer al\u0131r. Aile ve Sosyal Hizmetler Bakanl\u0131\u011f\u0131&#8217;n\u0131n belirledi\u011fi \u015fartlara g\u00f6re, ba\u015fvurular de\u011ferlendirildikten sonra ihtiya\u00e7 sahibi haneler belirlenir. Ba\u015fvuru yap\u0131lan ki\u015finin sosyal durumu ve maddi durumu g\u00f6z \u00f6n\u00fcnde bulundurularak yard\u0131m talebi onaylanabilir ya da reddedilebilir.<\/p>\n\n\n\n<h2 class=\"wp-block-heading\"><span class=\"ez-toc-section\" id=\"Diger_Aile_Yardimi_Alma_Sartlari\"><\/span>Di\u011fer Aile Yard\u0131m\u0131 Alma \u015eartlar\u0131<span class=\"ez-toc-section-end\"><\/span><\/h2>\n\n\n\n<p><strong>Di\u011fer aile yard\u0131m\u0131 alma \u015fartlar\u0131<\/strong> Sosyal Yard\u0131mla\u015fma ve Dayan\u0131\u015fma Vak\u0131flar\u0131 taraf\u0131ndan belirlenmi\u015ftir. Yard\u0131m almak i\u00e7in, ba\u015fvurulan ailenin sosyal ve ekonomik durumunun yetersiz olmas\u0131 gerekmektedir. Yard\u0131m ba\u015fvurusu, genellikle d\u00fc\u015f\u00fck gelirli, i\u015fsiz, engelli bireyleri bulunan ve gelirinin b\u00fcy\u00fck k\u0131sm\u0131n\u0131 temel ihtiya\u00e7lara ay\u0131ran aileler i\u00e7in ge\u00e7erlidir.<\/p>\n\n\n\n<figure class=\"wp-block-image size-large\"><img decoding=\"async\" width=\"1024\" height=\"680\" src=\"https:\/\/evdebakimparasimaasi.com\/blog\/wp-content\/uploads\/2025\/01\/Diger-Aile-Yardimi-3-1024x680.jpg\" alt=\"\" class=\"wp-image-3373\"\/><\/figure>\n\n\n\n<p>Ailelerin, ihtiya\u00e7 duyduklar\u0131 deste\u011fi alabilmeleri i\u00e7in, vak\u0131flara ba\u015fvurular\u0131n\u0131 iletmeleri gerekmektedir. Ba\u015fvurular\u0131n ard\u0131ndan, hane ziyaretleri ve incelemeler yap\u0131l\u0131r. Hane ziyaretlerinde, ailenin maddi durumu ve ihtiya\u00e7lar\u0131 de\u011ferlendirilir. Sonu\u00e7 olarak, belirlenen yard\u0131mlar, ba\u015fvuru sahibine verilir.<\/p>\n\n\n\n<h2 class=\"wp-block-heading\"><span class=\"ez-toc-section\" id=\"Diger_Aile_Yardiminin_Verildigi_Durumlar_ve_Miktari\"><\/span>Di\u011fer Aile Yard\u0131m\u0131n\u0131n Verildi\u011fi Durumlar ve Miktar\u0131<span class=\"ez-toc-section-end\"><\/span><\/h2>\n\n\n\n<p><strong>Di\u011fer aile yard\u0131m\u0131<\/strong>, birden fazla t\u00fcrde sunulmaktad\u0131r. Bunlar aras\u0131nda do\u011fum yard\u0131m\u0131, \u00e7oklu do\u011fum yard\u0131m\u0131, e\u015fi vefat etmi\u015f kad\u0131nlara y\u00f6nelik d\u00fczenli yard\u0131mlar, \u00f6ks\u00fcz ve yetim yard\u0131mlar\u0131, muhta\u00e7 asker ailelerine y\u00f6nelik yard\u0131mlar ve di\u011fer \u00e7e\u015fitli sosyal destekler yer al\u0131r. 2025 y\u0131l\u0131 itibariyle baz\u0131 yard\u0131mlar \u015fu \u015fekilde belirlenmi\u015ftir:<\/p>\n\n\n\n<ul class=\"wp-block-list\">\n<li>\u0130lk \u00e7ocuk i\u00e7in 300 TL, ikinci \u00e7ocuk i\u00e7in 400 TL, \u00fc\u00e7\u00fcnc\u00fc \u00e7ocuk i\u00e7in ise 600 TL.<\/li>\n\n\n\n<li>Her canl\u0131 do\u011fum i\u00e7in 150 TL.<\/li>\n\n\n\n<li>Ayl\u0131k 4000 TL olarak belirlenmi\u015ftir.<\/li>\n\n\n\n<li>Ayl\u0131k 1500 TL ve iki ayda bir 3000 TL.<\/li>\n\n\n\n<li>Ayl\u0131k 2500 TL olarak verilmektedir.<\/li>\n<\/ul>\n\n\n\n<h2 class=\"wp-block-heading\"><span class=\"ez-toc-section\" id=\"Diger_Aile_Yardimi_Sorgulama\"><\/span>Di\u011fer Aile Yard\u0131m\u0131 Sorgulama<span class=\"ez-toc-section-end\"><\/span><\/h2>\n\n\n\n<p>Yard\u0131m ba\u015fvurusunun ard\u0131ndan ba\u015fvurular\u0131n sonu\u00e7lanma s\u00fcreci de\u011fi\u015fkenlik g\u00f6sterebilir. <strong>Di\u011fer aile yard\u0131m\u0131 sorgulama<\/strong> i\u015flemi, e-devlet kap\u0131s\u0131 \u00fczerinden veya ba\u015fvuru yap\u0131lan vak\u0131flar\u0131n ileti\u015fim numaralar\u0131ndan yap\u0131labilir. Ba\u015fvurular\u0131n durumunu \u00f6\u011frenmek i\u00e7in ba\u015fvuru sonras\u0131 verilen bilgilerle sorgulama yap\u0131labilir.<\/p>\n\n\n\n<figure class=\"wp-block-image size-large\"><img decoding=\"async\" width=\"1024\" height=\"683\" src=\"https:\/\/evdebakimparasimaasi.com\/blog\/wp-content\/uploads\/2025\/01\/Diger-Aile-Yardimi-2-1024x683.jpg\" alt=\"\" class=\"wp-image-3374\"\/><\/figure>\n\n\n\n<p>E\u011fer ba\u015fvuru sonucu hakk\u0131nda bilgi al\u0131nam\u0131yorsa, ba\u015fvurulan <a href=\"https:\/\/www.aile.gov.tr\/sygm\/genel-mudurluk\/sosyal-yardimlasma-ve-dayanisma-vakiflari\/\" rel=\"nofollow noopener\" target=\"_blank\">Sosyal Yard\u0131mla\u015fma ve Dayan\u0131\u015fma Vakf\u0131 <\/a>ile ileti\u015fime ge\u00e7ilerek detayl\u0131 bilgi al\u0131nabilir. Ayr\u0131ca Alo 144 ve Alo 183 hatlar\u0131 \u00fczerinden de ba\u015fvuru sorgulama yap\u0131labilir.<\/p>\n\n\n\n<h2 class=\"wp-block-heading\"><span class=\"ez-toc-section\" id=\"Sonuc_ve_Odeme_Sureci\"><\/span>Sonu\u00e7 ve \u00d6deme S\u00fcreci<span class=\"ez-toc-section-end\"><\/span><\/h2>\n\n\n\n<p><strong>Di\u011fer aile yard\u0131m\u0131<\/strong> ba\u015fvurusu incelemeler sonras\u0131nda ortalama 2 ila 4 hafta i\u00e7erisinde sonu\u00e7lanmaktad\u0131r. Yard\u0131m tutarlar\u0131, belirli tarihlerde <a href=\"https:\/\/evdebakimparasimaasi.com\/blog\/ptt-engelli-kredisi-nasil-cekilir\/\">PTT<\/a> ve Ziraat Bankas\u0131 hesaplar\u0131na yat\u0131r\u0131lmaktad\u0131r. Yard\u0131mlar genellikle her ay\u0131n 15-20&#8217;si aras\u0131nda hak sahiplerine ula\u015f\u0131r. Yard\u0131m\u0131n hangi tarihte yat\u0131r\u0131laca\u011f\u0131, bankac\u0131l\u0131k sistemleri veya PTT sorgulama ekranlar\u0131 arac\u0131l\u0131\u011f\u0131yla \u00f6\u011frenilebilir.<\/p>\n\n\n\n<p><strong>Di\u011fer aile yard\u0131m\u0131 alma \u015fartlar\u0131<\/strong> ve ba\u015fvuru s\u00fcreci hakk\u0131nda bilgi sahibi olarak, destek almak isteyen ailelerin gerekli ba\u015fvurular\u0131 yapmas\u0131 m\u00fcmk\u00fcnd\u00fcr. Yard\u0131mlar belirli ko\u015fullara ba\u011fl\u0131 olarak her y\u0131l de\u011fi\u015fiklik g\u00f6sterebilmektedir.<\/p>\n","protected":false},"excerpt":{"rendered":"<p>Di\u011fer Aile Yard\u0131m\u0131 devletin ihtiya\u00e7 sahibi ailelere sa\u011flad\u0131\u011f\u0131 bir sosyal yard\u0131m t\u00fcr\u00fcd\u00fcr. Aile ve Sosyal Hizmetler Bakanl\u0131\u011f\u0131 taraf\u0131ndan y\u00f6netilen bu program, \u00f6zellikle temel ihtiya\u00e7lar\u0131n\u0131 kar\u015f\u0131lamakta&#46;&#46;&#46;<\/p>\n","protected":false},"author":2,"featured_media":3375,"comment_status":"open","ping_status":"open","sticky":false,"template":"","format":"standard","meta":{"footnotes":""},"categories":[8],"tags":[],"class_list":["post-3371","post","type-post","status-publish","format-standard","has-post-thumbnail","hentry","category-bilgi"],"_links":{"self":[{"href":"https:\/\/evdebakimparasimaasi.com\/blog\/wp-json\/wp\/v2\/posts\/3371","targetHints":{"allow":["GET"]}}],"collection":[{"href":"https:\/\/evdebakimparasimaasi.com\/blog\/wp-json\/wp\/v2\/posts"}],"about":[{"href":"https:\/\/evdebakimparasimaasi.com\/blog\/wp-json\/wp\/v2\/types\/post"}],"author":[{"embeddable":true,"href":"https:\/\/evdebakimparasimaasi.com\/blog\/wp-json\/wp\/v2\/users\/2"}],"replies":[{"embeddable":true,"href":"https:\/\/evdebakimparasimaasi.com\/blog\/wp-json\/wp\/v2\/comments?post=3371"}],"version-history":[{"count":1,"href":"https:\/\/evdebakimparasimaasi.com\/blog\/wp-json\/wp\/v2\/posts\/3371\/revisions"}],"predecessor-version":[{"id":3727,"href":"https:\/\/evdebakimparasimaasi.com\/blog\/wp-json\/wp\/v2\/posts\/3371\/revisions\/3727"}],"wp:featuredmedia":[{"embeddable":true,"href":"https:\/\/evdebakimparasimaasi.com\/blog\/wp-json\/wp\/v2\/media\/3375"}],"wp:attachment":[{"href":"https:\/\/evdebakimparasimaasi.com\/blog\/wp-json\/wp\/v2\/media?parent=3371"}],"wp:term":[{"taxonomy":"category","embeddable":true,"href":"https:\/\/evdebakimparasimaasi.com\/blog\/wp-json\/wp\/v2\/categories?post=3371"},{"taxonomy":"post_tag","embeddable":true,"href":"https:\/\/evdebakimparasimaasi.com\/blog\/wp-json\/wp\/v2\/tags?post=3371"}],"curies":[{"name":"wp","href":"https:\/\/api.w.org\/{rel}","templated":true}]}}