{"id":3377,"date":"2025-01-15T21:06:51","date_gmt":"2025-01-15T18:06:51","guid":{"rendered":"https:\/\/evdebakimparasimaasi.com\/blog\/?p=3377"},"modified":"2025-02-23T14:39:54","modified_gmt":"2025-02-23T11:39:54","slug":"engelli-cocugu-ya-da-yakini-olanlar-hangi-haklardan-yararlanabilir","status":"publish","type":"post","link":"https:\/\/evdebakimparasimaasi.com\/blog\/engelli-cocugu-ya-da-yakini-olanlar-hangi-haklardan-yararlanabilir\/","title":{"rendered":"Engelli \u00c7ocu\u011fu ya da Yak\u0131n\u0131 Olanlar Hangi Haklardan Yararlanabilir?"},"content":{"rendered":"\n<p>Engelli \u00e7ocu\u011fu veya yak\u0131n\u0131 olan \u00e7al\u0131\u015fanlar\u0131n haklar\u0131 T\u00fcrkiye&#8217;de \u00e7e\u015fitli yasal d\u00fczenlemelerle g\u00fcvence alt\u0131na al\u0131nm\u0131\u015ft\u0131r. Bu haklar, engelli bireylerin ve ailelerinin ya\u015fam kalitesini art\u0131rmay\u0131 ve \u00e7al\u0131\u015fma hayat\u0131ndaki e\u015fitliklerini sa\u011flamay\u0131 ama\u00e7lar. Ancak bu haklar her \u00e7al\u0131\u015fan i\u00e7in farkl\u0131 avantajlar sunabilir. Engelli \u00e7ocu\u011fu olan\u0131n haklar\u0131, engelli yak\u0131n\u0131 olanlar\u0131n haklar\u0131 gibi kavramlar sadece \u00f6zel sekt\u00f6rde de\u011fil, kamu sekt\u00f6r\u00fcnde de belirli d\u00fczenlemelere tabidir.<\/p>\n\n\n\n<p>T\u00fcrkiye&#8217;deki yasalar, engelli yak\u0131n\u0131 haklar\u0131 konusundaki d\u00fczenlemeleri ile \u00f6nemli bir rol oynamaktad\u0131r. \u00c7al\u0131\u015fanlar, engelli yak\u0131nlar\u0131na bak\u0131m sa\u011flamak zorunda olduklar\u0131nda, devletin sundu\u011fu destekler sayesinde bu y\u00fck\u00fc daha kolay ta\u015f\u0131yabilirler.<\/p>\n\n\n\n<div id=\"ez-toc-container\" class=\"ez-toc-v2_0_82_2 counter-hierarchy ez-toc-counter ez-toc-grey ez-toc-container-direction\">\n<div class=\"ez-toc-title-container\">\n<p class=\"ez-toc-title\" style=\"cursor:inherit\">\u0130\u00e7indekiler<\/p>\n<span class=\"ez-toc-title-toggle\"><a href=\"#\" class=\"ez-toc-pull-right ez-toc-btn ez-toc-btn-xs ez-toc-btn-default ez-toc-toggle\" aria-label=\"\u0130\u00e7indekiler Tablosunu A\u00e7\/Kapat\"><span class=\"ez-toc-js-icon-con\"><span class=\"\"><span class=\"eztoc-hide\" style=\"display:none;\">Toggle<\/span><span class=\"ez-toc-icon-toggle-span\"><svg style=\"fill: #999;color:#999\" xmlns=\"http:\/\/www.w3.org\/2000\/svg\" class=\"list-377408\" width=\"20px\" height=\"20px\" viewBox=\"0 0 24 24\" fill=\"none\"><path d=\"M6 6H4v2h2V6zm14 0H8v2h12V6zM4 11h2v2H4v-2zm16 0H8v2h12v-2zM4 16h2v2H4v-2zm16 0H8v2h12v-2z\" fill=\"currentColor\"><\/path><\/svg><svg style=\"fill: #999;color:#999\" class=\"arrow-unsorted-368013\" xmlns=\"http:\/\/www.w3.org\/2000\/svg\" width=\"10px\" height=\"10px\" viewBox=\"0 0 24 24\" version=\"1.2\" baseProfile=\"tiny\"><path d=\"M18.2 9.3l-6.2-6.3-6.2 6.3c-.2.2-.3.4-.3.7s.1.5.3.7c.2.2.4.3.7.3h11c.3 0 .5-.1.7-.3.2-.2.3-.5.3-.7s-.1-.5-.3-.7zM5.8 14.7l6.2 6.3 6.2-6.3c.2-.2.3-.5.3-.7s-.1-.5-.3-.7c-.2-.2-.4-.3-.7-.3h-11c-.3 0-.5.1-.7.3-.2.2-.3.5-.3.7s.1.5.3.7z\"\/><\/svg><\/span><\/span><\/span><\/a><\/span><\/div>\n<nav><ul class='ez-toc-list ez-toc-list-level-1 ' ><li class='ez-toc-page-1 ez-toc-heading-level-2'><a class=\"ez-toc-link ez-toc-heading-1\" href=\"https:\/\/evdebakimparasimaasi.com\/blog\/engelli-cocugu-ya-da-yakini-olanlar-hangi-haklardan-yararlanabilir\/#Gelir_Vergisi_Indirimi\" >Gelir Vergisi \u0130ndirimi<\/a><\/li><li class='ez-toc-page-1 ez-toc-heading-level-2'><a class=\"ez-toc-link ez-toc-heading-2\" href=\"https:\/\/evdebakimparasimaasi.com\/blog\/engelli-cocugu-ya-da-yakini-olanlar-hangi-haklardan-yararlanabilir\/#Nobet_ve_Fazla_Mesai_Muafiyeti\" >N\u00f6bet ve Fazla Mesai Muafiyeti<\/a><\/li><li class='ez-toc-page-1 ez-toc-heading-level-2'><a class=\"ez-toc-link ez-toc-heading-3\" href=\"https:\/\/evdebakimparasimaasi.com\/blog\/engelli-cocugu-ya-da-yakini-olanlar-hangi-haklardan-yararlanabilir\/#Refakat_Izni_Engelli_Yakini_Icin_Onemli_Bir_Hak\" >Refakat \u0130zni: Engelli Yak\u0131n\u0131 \u0130\u00e7in \u00d6nemli Bir Hak<\/a><\/li><li class='ez-toc-page-1 ez-toc-heading-level-2'><a class=\"ez-toc-link ez-toc-heading-4\" href=\"https:\/\/evdebakimparasimaasi.com\/blog\/engelli-cocugu-ya-da-yakini-olanlar-hangi-haklardan-yararlanabilir\/#Mazeret_Izni_Engelli_Cocuga_Sahip_Olan_Ailelere_Kolaylik\" >Mazeret \u0130zni: Engelli \u00c7ocu\u011fa Sahip Olan Ailelere Kolayl\u0131k<\/a><\/li><li class='ez-toc-page-1 ez-toc-heading-level-2'><a class=\"ez-toc-link ez-toc-heading-5\" href=\"https:\/\/evdebakimparasimaasi.com\/blog\/engelli-cocugu-ya-da-yakini-olanlar-hangi-haklardan-yararlanabilir\/#Erken_Emeklilik_Hakki_Engelli_Cocugu_Olan_Calisan_Anneler_Icin_Avantaj\" >Erken Emeklilik Hakk\u0131: Engelli \u00c7ocu\u011fu Olan \u00c7al\u0131\u015fan Anneler \u0130\u00e7in Avantaj<\/a><\/li><li class='ez-toc-page-1 ez-toc-heading-level-2'><a class=\"ez-toc-link ez-toc-heading-6\" href=\"https:\/\/evdebakimparasimaasi.com\/blog\/engelli-cocugu-ya-da-yakini-olanlar-hangi-haklardan-yararlanabilir\/#Yillik_Izin_ve_Esneklik\" >Y\u0131ll\u0131k \u0130zin ve Esneklik<\/a><\/li><\/ul><\/nav><\/div>\n<h2 class=\"wp-block-heading\"><span class=\"ez-toc-section\" id=\"Gelir_Vergisi_Indirimi\"><\/span>Gelir Vergisi \u0130ndirimi<span class=\"ez-toc-section-end\"><\/span><\/h2>\n\n\n\n<p>T\u00fcrkiye&#8217;deki <strong>engelli yak\u0131nlar\u0131na tan\u0131nan haklar<\/strong> aras\u0131nda en bilinenlerden biri gelir vergisi indirimidir. 193 say\u0131l\u0131 Gelir Vergisi Kanunu&#8217;na g\u00f6re, engelli yak\u0131n\u0131 olan bir \u00e7al\u0131\u015fan engelli birey i\u00e7in veya kendi engellili\u011fi i\u00e7in belirli oranlarda vergi indirimi hakk\u0131na sahiptir. Engelli bireyin engellilik oran\u0131 artt\u0131k\u00e7a <a href=\"https:\/\/evdebakimparasimaasi.com\/blog\/engelli-emeklilik-vergi-indirimi-sartlari-nedir\/\">vergi<\/a> indirimi de artar. \u00d6rne\u011fin engellilik oran\u0131 %40 ile %60 aras\u0131nda olan bir ki\u015fi y\u0131ll\u0131k 1100 TL&#8217;lik vergi indirimi al\u0131rken %80 ve \u00fczerinde bir engellili\u011fi olan \u00e7al\u0131\u015fan 4400 TL&#8217;ye kadar vergi indirimi alabilir.<\/p>\n\n\n\n<figure class=\"wp-block-image size-large\"><img fetchpriority=\"high\" decoding=\"async\" width=\"1024\" height=\"512\" src=\"https:\/\/evdebakimparasimaasi.com\/blog\/wp-content\/uploads\/2025\/01\/Engelli-Cocugu4-1024x512.jpg\" alt=\"\" class=\"wp-image-3378\"\/><\/figure>\n\n\n\n<p><strong>Engelli yak\u0131n\u0131 i\u00e7in haklar<\/strong> ba\u015fvuru s\u00fcrecinde belirli evraklar\u0131n sunulmas\u0131n\u0131 gerektirir. \u00c7al\u0131\u015fan engelli oldu\u011funu veya engelli bir yak\u0131n\u0131na bakt\u0131\u011f\u0131n\u0131 belgelemek i\u00e7in sa\u011fl\u0131k raporu almak zorundad\u0131r. Bunun yan\u0131nda, i\u015fveren taraf\u0131ndan onayl\u0131 bir belge ile ba\u015fvuru yap\u0131lmas\u0131 gerekir.<\/p>\n\n\n\n<h2 class=\"wp-block-heading\"><span class=\"ez-toc-section\" id=\"Nobet_ve_Fazla_Mesai_Muafiyeti\"><\/span>N\u00f6bet ve Fazla Mesai Muafiyeti<span class=\"ez-toc-section-end\"><\/span><\/h2>\n\n\n\n<p>Kamu sekt\u00f6r\u00fcnde \u00e7al\u0131\u015fan engelli \u00e7ocu\u011fu olan bireyler baz\u0131 ekstra haklardan yararlanabilmektedir. <strong>Engelli yak\u0131n\u0131 haklar\u0131<\/strong> kapsam\u0131nda, engelli \u00e7ocu\u011fa sahip olan \u00e7al\u0131\u015fanlar n\u00f6bet tutmaktan muaf tutulabilirler. \u00d6zellikle devlet memurlar\u0131na y\u00f6nelik olarak yap\u0131lan d\u00fczenlemeler, engelli \u00e7ocu\u011fu olan \u00e7al\u0131\u015fanlar\u0131n daha esnek \u00e7al\u0131\u015fma saatlerine sahip olmalar\u0131n\u0131 sa\u011flar. Bu d\u00fczenlemeler kamu kurulu\u015flar\u0131nda engelli yak\u0131n\u0131 olan \u00e7al\u0131\u015fanlar i\u00e7in b\u00fcy\u00fck bir kolayl\u0131k sa\u011flamaktad\u0131r.<\/p>\n\n\n\n<p><a href=\"https:\/\/www.tsk.tr\/\" rel=\"nofollow noopener\" target=\"_blank\">T\u00fcrk Silahl\u0131 Kuvvetleri<\/a>\u2019nde de benzer d\u00fczenlemeler bulunmaktad\u0131r. Burada \u00e7al\u0131\u015fan engelli \u00e7ocu\u011fu olan personel i\u00e7in n\u00f6bet muafiyeti tan\u0131nm\u0131\u015f olup g\u00fcnl\u00fck bak\u0131m izni gibi avantajlar da sunulmaktad\u0131r.<\/p>\n\n\n\n<h2 class=\"wp-block-heading\"><span class=\"ez-toc-section\" id=\"Refakat_Izni_Engelli_Yakini_Icin_Onemli_Bir_Hak\"><\/span>Refakat \u0130zni: Engelli Yak\u0131n\u0131 \u0130\u00e7in \u00d6nemli Bir Hak<span class=\"ez-toc-section-end\"><\/span><\/h2>\n\n\n\n<p><strong>Engelli yak\u0131n\u0131 i\u00e7in haklar<\/strong> aras\u0131nda bir di\u011fer \u00f6nemli hak ise refakat iznidir. Bu hak engelli bireylerin veya onlar\u0131n bak\u0131ma muhta\u00e7 yak\u0131nlar\u0131n\u0131n tedavi s\u00fcre\u00e7lerinde aile \u00fcyelerine yard\u0131mc\u0131 olabilmelerini sa\u011flamak amac\u0131yla verilmi\u015ftir. E\u011fer bir \u00e7al\u0131\u015fan\u0131n bakmakla y\u00fck\u00fcml\u00fc oldu\u011fu ki\u015fi sa\u011fl\u0131k durumu gere\u011fi s\u00fcrekli bak\u0131ma muhta\u00e7 ise, sa\u011fl\u0131k raporuyla bu durum belgelendirilmelidir. \u00c7al\u0131\u015fan refakat iznini, i\u015fyerinin onay\u0131ndan sonra kullanabilir.<\/p>\n\n\n\n<p>Muvazzaf askerler de bu haktan faydalanabilmektedir. Ancak askerler i\u00e7in bu izin \u00fc\u00e7 ay ile s\u0131n\u0131rl\u0131d\u0131r ve ard\u0131ndan alt\u0131 ay boyunca ayl\u0131ks\u0131z izin hakk\u0131 verilmektedir.<\/p>\n\n\n\n<figure class=\"wp-block-image size-large\"><img decoding=\"async\" width=\"1024\" height=\"576\" src=\"https:\/\/evdebakimparasimaasi.com\/blog\/wp-content\/uploads\/2025\/01\/Engelli-Cocugu3-1024x576.jpg\" alt=\"\" class=\"wp-image-3379\"\/><\/figure>\n\n\n\n<h2 class=\"wp-block-heading\"><span class=\"ez-toc-section\" id=\"Mazeret_Izni_Engelli_Cocuga_Sahip_Olan_Ailelere_Kolaylik\"><\/span>Mazeret \u0130zni: Engelli \u00c7ocu\u011fa Sahip Olan Ailelere Kolayl\u0131k<span class=\"ez-toc-section-end\"><\/span><\/h2>\n\n\n\n<p>Bir di\u011fer \u00f6nemli hak ise mazeret iznidir. <strong>Engelli yak\u0131n\u0131 haklar\u0131<\/strong> aras\u0131nda en az %70 oran\u0131nda engelli \u00e7ocu\u011fu bulunan \u00e7al\u0131\u015fanlar, hastal\u0131k durumunda mazeret izni kullanabilirler. Bu izin bir y\u0131l i\u00e7inde toplamda on g\u00fcne kadar olabilir ve bir ebeveyn taraf\u0131ndan kullan\u0131labilir. Mazeret izni yaln\u0131zca engelli \u00e7ocuklar i\u00e7in ge\u00e7erli olup, \u00e7ocu\u011fun hastal\u0131k raporu ile talep edilmelidir.<\/p>\n\n\n\n<h2 class=\"wp-block-heading\"><span class=\"ez-toc-section\" id=\"Erken_Emeklilik_Hakki_Engelli_Cocugu_Olan_Calisan_Anneler_Icin_Avantaj\"><\/span>Erken Emeklilik Hakk\u0131: Engelli \u00c7ocu\u011fu Olan \u00c7al\u0131\u015fan Anneler \u0130\u00e7in Avantaj<span class=\"ez-toc-section-end\"><\/span><\/h2>\n\n\n\n<p>5510 say\u0131l\u0131 Sosyal Sigortalar ve Genel Sa\u011fl\u0131k Sigortas\u0131 Kanunu, <strong>engelli yak\u0131n\u0131 haklar\u0131<\/strong> aras\u0131nda \u00f6nemli bir yere sahiptir. Engelli \u00e7ocu\u011fu bulunan anneler i\u00e7in, erken emeklilik hakk\u0131 sa\u011flanmaktad\u0131r. Bu yasa engelli \u00e7ocuklar\u0131 olan annelere, belirli \u015fartlar alt\u0131nda emeklilik ya\u015f\u0131n\u0131 erkene \u00e7ekme hakk\u0131 sunar. Bu d\u00fczenlemeye g\u00f6re her 4 y\u0131l \u00e7al\u0131\u015farak ge\u00e7irilen s\u00fcrede 1 y\u0131l prim eklenir ve bu s\u00fcre sonunda \u00e7al\u0131\u015fan anne daha erken emekli olabilir.<\/p>\n\n\n\n<figure class=\"wp-block-image size-large\"><img decoding=\"async\" width=\"1024\" height=\"500\" src=\"https:\/\/evdebakimparasimaasi.com\/blog\/wp-content\/uploads\/2025\/01\/Engelli-Cocugu2-1024x500.jpg\" alt=\"\" class=\"wp-image-3380\"\/><\/figure>\n\n\n\n<h2 class=\"wp-block-heading\"><span class=\"ez-toc-section\" id=\"Yillik_Izin_ve_Esneklik\"><\/span>Y\u0131ll\u0131k \u0130zin ve Esneklik<span class=\"ez-toc-section-end\"><\/span><\/h2>\n\n\n\n<p>Engelli yak\u0131n\u0131 olan \u00e7al\u0131\u015fanlar y\u0131ll\u0131k izin kullan\u0131rken esneklik de kazanabilirler. Genelkurmay Ba\u015fkanl\u0131\u011f\u0131&#8217;n\u0131n 2010 tarihinde yay\u0131nlad\u0131\u011f\u0131 bir emre g\u00f6re, <strong>engelli yak\u0131nlar\u0131na tan\u0131nan haklar<\/strong> aras\u0131nda y\u0131ll\u0131k izinlerin par\u00e7alara b\u00f6l\u00fcnerek kullan\u0131labilmesi imk\u00e2n\u0131 sunulmaktad\u0131r. Bu sayede engelli yak\u0131n\u0131 olan \u00e7al\u0131\u015fanlar i\u015flerini ve ailevi sorumluluklar\u0131n\u0131 daha iyi dengeleyebilirler.<\/p>\n\n\n\n<p>Engelli \u00e7ocu\u011fu veya yak\u0131n\u0131 olan \u00e7al\u0131\u015fanlar\u0131n haklar\u0131 T\u00fcrkiye&#8217;de \u00e7e\u015fitli yasal d\u00fczenlemelerle korunmaktad\u0131r. <strong>Engelli yak\u0131n\u0131 i\u00e7in haklar<\/strong> \u00e7al\u0131\u015fanlar\u0131n i\u015f hayat\u0131ndaki adil muamelelerini sa\u011flamak amac\u0131yla \u00e7e\u015fitli avantajlar sunar. Bu haklar aras\u0131nda gelir vergisi indirimi, n\u00f6bet muafiyeti, refakat izni, mazeret izni, erken emeklilik hakk\u0131 ve y\u0131ll\u0131k izin esnekli\u011fi gibi \u00f6nemli d\u00fczenlemeler yer almaktad\u0131r. Engelli yak\u0131n\u0131 olan bireyler bu haklardan yararlanarak ya\u015famlar\u0131n\u0131 daha kolay ve adil bir \u015fekilde s\u00fcrd\u00fcrebilirler.<\/p>\n","protected":false},"excerpt":{"rendered":"<p>Engelli \u00e7ocu\u011fu veya yak\u0131n\u0131 olan \u00e7al\u0131\u015fanlar\u0131n haklar\u0131 T\u00fcrkiye&#8217;de \u00e7e\u015fitli yasal d\u00fczenlemelerle g\u00fcvence alt\u0131na al\u0131nm\u0131\u015ft\u0131r. Bu haklar, engelli bireylerin ve ailelerinin ya\u015fam kalitesini art\u0131rmay\u0131 ve \u00e7al\u0131\u015fma&#46;&#46;&#46;<\/p>\n","protected":false},"author":2,"featured_media":3381,"comment_status":"open","ping_status":"open","sticky":false,"template":"","format":"standard","meta":{"footnotes":""},"categories":[8],"tags":[],"class_list":["post-3377","post","type-post","status-publish","format-standard","has-post-thumbnail","hentry","category-bilgi"],"_links":{"self":[{"href":"https:\/\/evdebakimparasimaasi.com\/blog\/wp-json\/wp\/v2\/posts\/3377","targetHints":{"allow":["GET"]}}],"collection":[{"href":"https:\/\/evdebakimparasimaasi.com\/blog\/wp-json\/wp\/v2\/posts"}],"about":[{"href":"https:\/\/evdebakimparasimaasi.com\/blog\/wp-json\/wp\/v2\/types\/post"}],"author":[{"embeddable":true,"href":"https:\/\/evdebakimparasimaasi.com\/blog\/wp-json\/wp\/v2\/users\/2"}],"replies":[{"embeddable":true,"href":"https:\/\/evdebakimparasimaasi.com\/blog\/wp-json\/wp\/v2\/comments?post=3377"}],"version-history":[{"count":1,"href":"https:\/\/evdebakimparasimaasi.com\/blog\/wp-json\/wp\/v2\/posts\/3377\/revisions"}],"predecessor-version":[{"id":3726,"href":"https:\/\/evdebakimparasimaasi.com\/blog\/wp-json\/wp\/v2\/posts\/3377\/revisions\/3726"}],"wp:featuredmedia":[{"embeddable":true,"href":"https:\/\/evdebakimparasimaasi.com\/blog\/wp-json\/wp\/v2\/media\/3381"}],"wp:attachment":[{"href":"https:\/\/evdebakimparasimaasi.com\/blog\/wp-json\/wp\/v2\/media?parent=3377"}],"wp:term":[{"taxonomy":"category","embeddable":true,"href":"https:\/\/evdebakimparasimaasi.com\/blog\/wp-json\/wp\/v2\/categories?post=3377"},{"taxonomy":"post_tag","embeddable":true,"href":"https:\/\/evdebakimparasimaasi.com\/blog\/wp-json\/wp\/v2\/tags?post=3377"}],"curies":[{"name":"wp","href":"https:\/\/api.w.org\/{rel}","templated":true}]}}