{"id":3391,"date":"2025-01-17T21:38:17","date_gmt":"2025-01-17T18:38:17","guid":{"rendered":"https:\/\/evdebakimparasimaasi.com\/blog\/?p=3391"},"modified":"2025-02-23T14:39:53","modified_gmt":"2025-02-23T11:39:53","slug":"engelli-esi-vefat-eden-kadinlara-destek-2025","status":"publish","type":"post","link":"https:\/\/evdebakimparasimaasi.com\/blog\/engelli-esi-vefat-eden-kadinlara-destek-2025\/","title":{"rendered":"Engelli E\u015fi Vefat Eden Kad\u0131nlara Destek 2025"},"content":{"rendered":"\n<p>T\u00fcrkiye\u2019de <strong>e\u015fi vefat eden kad\u0131nlara destek 2025<\/strong> y\u0131l\u0131 itibar\u0131yla da devam ediyor. Dul kalan kad\u0131nlar\u0131n ya\u015famlar\u0131n\u0131 daha rahat s\u00fcrd\u00fcrebilmeleri i\u00e7in devlet taraf\u0131ndan \u00e7e\u015fitli maddi ve sosyal yard\u0131mlar sunuluyor. Bu yard\u0131mlar aras\u0131nda dul maa\u015f\u0131, sa\u011fl\u0131k hizmetleri, sosyal yard\u0131mlar ve e\u011fitim destekleri yer al\u0131yor. <strong><a href=\"https:\/\/evdebakimparasimaasi.com\/\">E\u015fi vefat eden kad\u0131nlar i\u00e7in destek<\/a><\/strong> ekonomik s\u0131k\u0131nt\u0131 ya\u015fayan bireylerin hayatlar\u0131n\u0131 kolayla\u015ft\u0131rmay\u0131 ama\u00e7lamaktad\u0131r.<\/p>\n\n\n\n<div id=\"ez-toc-container\" class=\"ez-toc-v2_0_82_2 counter-hierarchy ez-toc-counter ez-toc-grey ez-toc-container-direction\">\n<div class=\"ez-toc-title-container\">\n<p class=\"ez-toc-title\" style=\"cursor:inherit\">\u0130\u00e7indekiler<\/p>\n<span class=\"ez-toc-title-toggle\"><a href=\"#\" class=\"ez-toc-pull-right ez-toc-btn ez-toc-btn-xs ez-toc-btn-default ez-toc-toggle\" aria-label=\"\u0130\u00e7indekiler Tablosunu A\u00e7\/Kapat\"><span class=\"ez-toc-js-icon-con\"><span class=\"\"><span class=\"eztoc-hide\" style=\"display:none;\">Toggle<\/span><span class=\"ez-toc-icon-toggle-span\"><svg style=\"fill: #999;color:#999\" xmlns=\"http:\/\/www.w3.org\/2000\/svg\" class=\"list-377408\" width=\"20px\" height=\"20px\" viewBox=\"0 0 24 24\" fill=\"none\"><path d=\"M6 6H4v2h2V6zm14 0H8v2h12V6zM4 11h2v2H4v-2zm16 0H8v2h12v-2zM4 16h2v2H4v-2zm16 0H8v2h12v-2z\" fill=\"currentColor\"><\/path><\/svg><svg style=\"fill: #999;color:#999\" class=\"arrow-unsorted-368013\" xmlns=\"http:\/\/www.w3.org\/2000\/svg\" width=\"10px\" height=\"10px\" viewBox=\"0 0 24 24\" version=\"1.2\" baseProfile=\"tiny\"><path d=\"M18.2 9.3l-6.2-6.3-6.2 6.3c-.2.2-.3.4-.3.7s.1.5.3.7c.2.2.4.3.7.3h11c.3 0 .5-.1.7-.3.2-.2.3-.5.3-.7s-.1-.5-.3-.7zM5.8 14.7l6.2 6.3 6.2-6.3c.2-.2.3-.5.3-.7s-.1-.5-.3-.7c-.2-.2-.4-.3-.7-.3h-11c-.3 0-.5.1-.7.3-.2.2-.3.5-.3.7s.1.5.3.7z\"\/><\/svg><\/span><\/span><\/span><\/a><\/span><\/div>\n<nav><ul class='ez-toc-list ez-toc-list-level-1 ' ><li class='ez-toc-page-1 ez-toc-heading-level-2'><a class=\"ez-toc-link ez-toc-heading-1\" href=\"https:\/\/evdebakimparasimaasi.com\/blog\/engelli-esi-vefat-eden-kadinlara-destek-2025\/#Esi_Vefat_Eden_Kadinlar_Devlet_Yardimi_Alabilir_mi\" >E\u015fi Vefat Eden Kad\u0131nlar Devlet Yard\u0131m\u0131 Alabilir mi?<\/a><\/li><li class='ez-toc-page-1 ez-toc-heading-level-2'><a class=\"ez-toc-link ez-toc-heading-2\" href=\"https:\/\/evdebakimparasimaasi.com\/blog\/engelli-esi-vefat-eden-kadinlara-destek-2025\/#Esi_Vefat_Eden_Kadinlarin_Haklari_Nelerdir\" >E\u015fi Vefat Eden Kad\u0131nlar\u0131n Haklar\u0131 Nelerdir?<\/a><\/li><li class='ez-toc-page-1 ez-toc-heading-level-2'><a class=\"ez-toc-link ez-toc-heading-3\" href=\"https:\/\/evdebakimparasimaasi.com\/blog\/engelli-esi-vefat-eden-kadinlara-destek-2025\/#Dul_Maasi_Almak_Icin_Gereken_Sartlar_Nelerdir\" >Dul Maa\u015f\u0131 Almak \u0130\u00e7in Gereken \u015eartlar Nelerdir?<\/a><\/li><li class='ez-toc-page-1 ez-toc-heading-level-2'><a class=\"ez-toc-link ez-toc-heading-4\" href=\"https:\/\/evdebakimparasimaasi.com\/blog\/engelli-esi-vefat-eden-kadinlara-destek-2025\/#2025_Yilinda_Dul_Maasi_Ne_Kadar\" >2025 Y\u0131l\u0131nda Dul Maa\u015f\u0131 Ne Kadar?<\/a><\/li><li class='ez-toc-page-1 ez-toc-heading-level-2'><a class=\"ez-toc-link ez-toc-heading-5\" href=\"https:\/\/evdebakimparasimaasi.com\/blog\/engelli-esi-vefat-eden-kadinlara-destek-2025\/#Dul_Maasi_Basvurusu_Nasil_Yapilir\" >Dul Maa\u015f\u0131 Ba\u015fvurusu Nas\u0131l Yap\u0131l\u0131r?<\/a><\/li><li class='ez-toc-page-1 ez-toc-heading-level-2'><a class=\"ez-toc-link ez-toc-heading-6\" href=\"https:\/\/evdebakimparasimaasi.com\/blog\/engelli-esi-vefat-eden-kadinlara-destek-2025\/#Dul_Kadinlara_Sunulan_Diger_Sosyal_Yardimlar\" >Dul Kad\u0131nlara Sunulan Di\u011fer Sosyal Yard\u0131mlar<\/a><\/li><li class='ez-toc-page-1 ez-toc-heading-level-2'><a class=\"ez-toc-link ez-toc-heading-7\" href=\"https:\/\/evdebakimparasimaasi.com\/blog\/engelli-esi-vefat-eden-kadinlara-destek-2025\/#Dul_Maasi_Sorgulama_Nasil_Yapilir\" >Dul Maa\u015f\u0131 Sorgulama Nas\u0131l Yap\u0131l\u0131r?<\/a><\/li><li class='ez-toc-page-1 ez-toc-heading-level-2'><a class=\"ez-toc-link ez-toc-heading-8\" href=\"https:\/\/evdebakimparasimaasi.com\/blog\/engelli-esi-vefat-eden-kadinlara-destek-2025\/#Dul_Maasi_Basvurusunda_Gerekli_Belgeler\" >Dul Maa\u015f\u0131 Ba\u015fvurusunda Gerekli Belgeler<\/a><\/li><\/ul><\/nav><\/div>\n<h2 class=\"wp-block-heading\"><span class=\"ez-toc-section\" id=\"Esi_Vefat_Eden_Kadinlar_Devlet_Yardimi_Alabilir_mi\"><\/span>E\u015fi Vefat Eden Kad\u0131nlar Devlet Yard\u0131m\u0131 Alabilir mi?<span class=\"ez-toc-section-end\"><\/span><\/h2>\n\n\n\n<p><strong>E\u015fi vefat etmi\u015f olan kad\u0131nlara destek<\/strong> devletin sundu\u011fu \u00e7e\u015fitli sosyal yard\u0131m programlar\u0131 kapsam\u0131nda sa\u011flanmaktad\u0131r. Maddi a\u00e7\u0131dan g\u00fc\u00e7l\u00fck \u00e7eken dul kad\u0131nlara maa\u015f ba\u011flanmakta, \u00e7ocuklar\u0131 i\u00e7in e\u011fitim yard\u0131mlar\u0131 sunulmakta ve sa\u011fl\u0131k destekleri verilmektedir. Ayr\u0131ca k\u0131\u015f aylar\u0131nda yakacak yard\u0131m\u0131 ve g\u0131da deste\u011fi gibi imkanlar da sa\u011flanmaktad\u0131r.<\/p>\n\n\n\n<figure class=\"wp-block-image size-large\"><img fetchpriority=\"high\" decoding=\"async\" width=\"1024\" height=\"535\" src=\"https:\/\/evdebakimparasimaasi.com\/blog\/wp-content\/uploads\/2025\/01\/esi-vefat-eden-kadinlara-destek3-1024x535.jpg\" alt=\"\" class=\"wp-image-3393\"\/><\/figure>\n\n\n\n<h2 class=\"wp-block-heading\"><span class=\"ez-toc-section\" id=\"Esi_Vefat_Eden_Kadinlarin_Haklari_Nelerdir\"><\/span>E\u015fi Vefat Eden Kad\u0131nlar\u0131n Haklar\u0131 Nelerdir?<span class=\"ez-toc-section-end\"><\/span><\/h2>\n\n\n\n<p>Dul kalan kad\u0131nlar\u0131n yararlanabilece\u011fi yard\u0131mlar \u015funlard\u0131r:<\/p>\n\n\n\n<ul class=\"wp-block-list\">\n<li>Dul maa\u015f\u0131 (\u00f6l\u00fcm ayl\u0131\u011f\u0131): Vefat eden e\u015fin sigortal\u0131 olmas\u0131 halinde ba\u011flan\u0131r.<\/li>\n\n\n\n<li>Yetim ayl\u0131\u011f\u0131: \u00c7ocuklar i\u00e7in ayr\u0131ca maddi destek sa\u011flan\u0131r.<\/li>\n\n\n\n<li>Sosyal yard\u0131mlar: G\u0131da, yakacak, bar\u0131nma gibi ihtiya\u00e7lara y\u00f6nelik destekler sunulur.<\/li>\n\n\n\n<li>Sa\u011fl\u0131k hizmetleri: \u00dccretsiz sa\u011fl\u0131k hizmetlerinden faydalanma hakk\u0131 tan\u0131n\u0131r.<\/li>\n<\/ul>\n\n\n\n<p><strong>E\u015fi vefat eden kad\u0131nlara destek<\/strong> belirlenen kriterleri kar\u015f\u0131layan ki\u015filere sunulmaktad\u0131r. Bu nedenle, ba\u015fvuruda bulunmadan \u00f6nce \u015fartlar\u0131 detayl\u0131 bir \u015fekilde incelemek \u00f6nemlidir.<\/p>\n\n\n\n<h2 class=\"wp-block-heading\"><span class=\"ez-toc-section\" id=\"Dul_Maasi_Almak_Icin_Gereken_Sartlar_Nelerdir\"><\/span>Dul Maa\u015f\u0131 Almak \u0130\u00e7in Gereken \u015eartlar Nelerdir?<span class=\"ez-toc-section-end\"><\/span><\/h2>\n\n\n\n<p>Devletin sundu\u011fu dul maa\u015f\u0131n\u0131 alabilmek i\u00e7in baz\u0131 ko\u015fullara uyulmas\u0131 gerekmektedir:<\/p>\n\n\n\n<ul class=\"wp-block-list\">\n<li><strong>Sigortal\u0131 e\u015fin vefat etmi\u015f olmas\u0131:<\/strong> \u00d6len ki\u015finin sigortal\u0131 olmas\u0131 ve gerekli prim g\u00fcn say\u0131s\u0131n\u0131 doldurmu\u015f olmas\u0131 gerekir.<\/li>\n\n\n\n<li><strong>Gelir durumu:<\/strong> Dul kalan ki\u015finin ek bir geliri bulunmamal\u0131 ya da gelir seviyesi \u00e7ok d\u00fc\u015f\u00fck olmal\u0131d\u0131r.<\/li>\n\n\n\n<li><strong>Yeniden evlenmeme:<\/strong> Dul maa\u015f\u0131 alan ki\u015fi e\u011fer yeniden evlenirse maa\u015f\u0131 kesilir.<\/li>\n<\/ul>\n\n\n\n<p>Bu \u015fartlar\u0131 kar\u015f\u0131layan ki\u015filer, ilgili kurumlara ba\u015fvurarak dul maa\u015f\u0131 alabilirler.<\/p>\n\n\n\n<h2 class=\"wp-block-heading\"><span class=\"ez-toc-section\" id=\"2025_Yilinda_Dul_Maasi_Ne_Kadar\"><\/span>2025 Y\u0131l\u0131nda Dul Maa\u015f\u0131 Ne Kadar?<span class=\"ez-toc-section-end\"><\/span><\/h2>\n\n\n\n<p><strong>E\u015fi vefat eden kad\u0131nlara destek 2025<\/strong> y\u0131l\u0131 itibar\u0131yla da devam etmekte olup dul maa\u015f\u0131 olarak belirlenen tutar 2 bin 407 TL&#8217;dir. Dul kalan kad\u0131nlar\u0131n ekonomik olarak daha rahat bir ya\u015fam s\u00fcrebilmesi i\u00e7in verilen bu destek SGK taraf\u0131ndan d\u00fczenli olarak \u00f6denmektedir.<\/p>\n\n\n\n<h2 class=\"wp-block-heading\"><span class=\"ez-toc-section\" id=\"Dul_Maasi_Basvurusu_Nasil_Yapilir\"><\/span>Dul Maa\u015f\u0131 Ba\u015fvurusu Nas\u0131l Yap\u0131l\u0131r?<span class=\"ez-toc-section-end\"><\/span><\/h2>\n\n\n\n<p>Dul maa\u015f\u0131 almak i\u00e7in a\u015fa\u011f\u0131daki ad\u0131mlar\u0131 takip ederek ba\u015fvuruda bulunabilirsiniz:<\/p>\n\n\n\n<ul class=\"wp-block-list\">\n<li><a href=\"https:\/\/www.turkiye.gov.tr\/\" rel=\"nofollow noopener\" target=\"_blank\">e-Devlet <\/a>\u00fczerinden ba\u015fvuru yapabilirsiniz.<\/li>\n\n\n\n<li>\u0130l veya il\u00e7e Sosyal Yard\u0131mla\u015fma ve Dayan\u0131\u015fma Vak\u0131flar\u0131na (SYDV) giderek ba\u015fvuruda bulunabilirsiniz.<\/li>\n\n\n\n<li>Kimlik belgesi, vefat belgesi ve gelir durumunu g\u00f6steren belgeleri haz\u0131rlayarak ilgili kurumlara teslim etmeniz gerekmektedir.<\/li>\n<\/ul>\n\n\n\n<p>Ba\u015fvurular genellikle birka\u00e7 hafta i\u00e7inde de\u011ferlendirilmekte ve uygun g\u00f6r\u00fclen ki\u015filere maa\u015f ba\u011flanmaktad\u0131r.<\/p>\n\n\n\n<figure class=\"wp-block-image size-large\"><img decoding=\"async\" width=\"1024\" height=\"576\" src=\"https:\/\/evdebakimparasimaasi.com\/blog\/wp-content\/uploads\/2025\/01\/esi-vefat-eden-kadinlara-destek2-1024x576.jpg\" alt=\"\" class=\"wp-image-3394\"\/><\/figure>\n\n\n\n<h2 class=\"wp-block-heading\"><span class=\"ez-toc-section\" id=\"Dul_Kadinlara_Sunulan_Diger_Sosyal_Yardimlar\"><\/span>Dul Kad\u0131nlara Sunulan Di\u011fer Sosyal Yard\u0131mlar<span class=\"ez-toc-section-end\"><\/span><\/h2>\n\n\n\n<p>Devletin sundu\u011fu yard\u0131mlar yaln\u0131zca<a href=\"https:\/\/evdebakimparasimaasi.com\/blog\/engelli-maasi-ve-evde-bakim-maasi-hangi-durumlarda-kesilir\/\"> maa\u015f<\/a> ile s\u0131n\u0131rl\u0131 de\u011fildir. <strong>E\u015fi vefat eden kad\u0131nlar i\u00e7in destek<\/strong> farkl\u0131 alanlarda da devam etmektedir:<\/p>\n\n\n\n<ul class=\"wp-block-list\">\n<li><strong>Yakacak yard\u0131m\u0131:<\/strong> K\u0131\u015f aylar\u0131nda \u00fccretsiz k\u00f6m\u00fcr veya do\u011falgaz deste\u011fi sa\u011flanmaktad\u0131r.<\/li>\n\n\n\n<li><strong>E\u011fitim yard\u0131mlar\u0131:<\/strong> \u00c7ocuklar\u0131 e\u011fitim hayat\u0131na devam eden dul kad\u0131nlara, okul masraflar\u0131n\u0131 kar\u015f\u0131layabilmeleri i\u00e7in destek verilmektedir.<\/li>\n\n\n\n<li><strong>Sa\u011fl\u0131k hizmetleri:<\/strong> Genel sa\u011fl\u0131k sigortas\u0131 kapsam\u0131nda \u00fccretsiz sa\u011fl\u0131k hizmetlerinden yararlan\u0131lmaktad\u0131r.<\/li>\n<\/ul>\n\n\n\n<p>Bu yard\u0131mlardan faydalanabilmek i\u00e7in <strong>Aile ve Sosyal Hizmetler Bakanl\u0131\u011f\u0131<\/strong> veya <strong>Sosyal Yard\u0131mla\u015fma ve Dayan\u0131\u015fma Vak\u0131flar\u0131<\/strong> ile ileti\u015fime ge\u00e7ilmelidir.<\/p>\n\n\n\n<h2 class=\"wp-block-heading\"><span class=\"ez-toc-section\" id=\"Dul_Maasi_Sorgulama_Nasil_Yapilir\"><\/span>Dul Maa\u015f\u0131 Sorgulama Nas\u0131l Yap\u0131l\u0131r?<span class=\"ez-toc-section-end\"><\/span><\/h2>\n\n\n\n<p>Dul maa\u015f\u0131 sorgulama i\u015flemi olduk\u00e7a basittir. Bunun i\u00e7in:<\/p>\n\n\n\n<ul class=\"wp-block-list\">\n<li>e-Devlet sistemine giri\u015f yaparak &#8220;\u00d6l\u00fcm Yard\u0131m\u0131 ve Dul Yetim Ayl\u0131\u011f\u0131 Talebi&#8221; sayfas\u0131ndan sorgulama yapabilirsiniz.<\/li>\n\n\n\n<li>Bulundu\u011funuz il veya il\u00e7edeki Sosyal Yard\u0131mla\u015fma ve Dayan\u0131\u015fma Vak\u0131flar\u0131na giderek bilgi alabilirsiniz.<\/li>\n<\/ul>\n\n\n\n<h2 class=\"wp-block-heading\"><span class=\"ez-toc-section\" id=\"Dul_Maasi_Basvurusunda_Gerekli_Belgeler\"><\/span>Dul Maa\u015f\u0131 Ba\u015fvurusunda Gerekli Belgeler<span class=\"ez-toc-section-end\"><\/span><\/h2>\n\n\n\n<p>Ba\u015fvuru s\u0131ras\u0131nda baz\u0131 belgelerin eksiksiz \u015fekilde teslim edilmesi gerekmektedir:<\/p>\n\n\n\n<ul class=\"wp-block-list\">\n<li>Kimlik Belgesi<\/li>\n\n\n\n<li>Vefat Belgesi<\/li>\n\n\n\n<li>Gelir Durumu Belgesi<\/li>\n<\/ul>\n\n\n\n<p>Baz\u0131 durumlarda ek belgeler de talep edilebilmektedir. Bu nedenle, ba\u015fvuru s\u00fcrecinin h\u0131zlanmas\u0131 i\u00e7in belgelerin eksiksiz bir \u015fekilde haz\u0131rlanmas\u0131 \u00f6nerilir.<\/p>\n\n\n\n<figure class=\"wp-block-image size-large\"><img decoding=\"async\" width=\"1024\" height=\"618\" src=\"https:\/\/evdebakimparasimaasi.com\/blog\/wp-content\/uploads\/2025\/01\/esi-vefat-eden-kadinlara-destek-1024x618.jpg\" alt=\"\" class=\"wp-image-3395\"\/><\/figure>\n\n\n\n<p><strong>E\u015fi vefat eden kad\u0131nlara destek<\/strong> 2025 y\u0131l\u0131nda da devam eden bir devlet politikas\u0131d\u0131r. Dul maa\u015f\u0131, sosyal yard\u0131mlar, sa\u011fl\u0131k hizmetleri ve e\u011fitim destekleri gibi imkanlar, dul kad\u0131nlar\u0131n hayatlar\u0131n\u0131 s\u00fcrd\u00fcrebilmeleri i\u00e7in b\u00fcy\u00fck \u00f6nem ta\u015f\u0131maktad\u0131r. <strong>E\u015fi vefat etmi\u015f olan kad\u0131nlara destek<\/strong> sunan bu sistem sayesinde, zor durumda kalan bireylerin ekonomik ve sosyal g\u00fcvenceleri sa\u011flanmaktad\u0131r. Ba\u015fvuru s\u00fcreci hakk\u0131nda detayl\u0131 bilgi almak i\u00e7in <strong>Aile ve Sosyal Hizmetler Bakanl\u0131\u011f\u0131<\/strong> veya <strong>SGK<\/strong> ile ileti\u015fime ge\u00e7ebilirsiniz. Ayr\u0131ca bahsedilen t\u00fcm noktalar sadece engelli e\u015fi vefat edenler i\u00e7in de\u011fil engelli olmayan e\u015f durumunda da ge\u00e7erlidir. Ba\u015fka bir deyi\u015fle engelli olmayan e\u015flerinin vefat\u0131 halinde de kad\u0131nlar yard\u0131mdan yararlanabilir.<\/p>\n","protected":false},"excerpt":{"rendered":"<p>T\u00fcrkiye\u2019de e\u015fi vefat eden kad\u0131nlara destek 2025 y\u0131l\u0131 itibar\u0131yla da devam ediyor. Dul kalan kad\u0131nlar\u0131n ya\u015famlar\u0131n\u0131 daha rahat s\u00fcrd\u00fcrebilmeleri i\u00e7in devlet taraf\u0131ndan \u00e7e\u015fitli maddi ve&#46;&#46;&#46;<\/p>\n","protected":false},"author":2,"featured_media":3392,"comment_status":"open","ping_status":"open","sticky":false,"template":"","format":"standard","meta":{"footnotes":""},"categories":[8],"tags":[],"class_list":["post-3391","post","type-post","status-publish","format-standard","has-post-thumbnail","hentry","category-bilgi"],"_links":{"self":[{"href":"https:\/\/evdebakimparasimaasi.com\/blog\/wp-json\/wp\/v2\/posts\/3391","targetHints":{"allow":["GET"]}}],"collection":[{"href":"https:\/\/evdebakimparasimaasi.com\/blog\/wp-json\/wp\/v2\/posts"}],"about":[{"href":"https:\/\/evdebakimparasimaasi.com\/blog\/wp-json\/wp\/v2\/types\/post"}],"author":[{"embeddable":true,"href":"https:\/\/evdebakimparasimaasi.com\/blog\/wp-json\/wp\/v2\/users\/2"}],"replies":[{"embeddable":true,"href":"https:\/\/evdebakimparasimaasi.com\/blog\/wp-json\/wp\/v2\/comments?post=3391"}],"version-history":[{"count":1,"href":"https:\/\/evdebakimparasimaasi.com\/blog\/wp-json\/wp\/v2\/posts\/3391\/revisions"}],"predecessor-version":[{"id":3724,"href":"https:\/\/evdebakimparasimaasi.com\/blog\/wp-json\/wp\/v2\/posts\/3391\/revisions\/3724"}],"wp:featuredmedia":[{"embeddable":true,"href":"https:\/\/evdebakimparasimaasi.com\/blog\/wp-json\/wp\/v2\/media\/3392"}],"wp:attachment":[{"href":"https:\/\/evdebakimparasimaasi.com\/blog\/wp-json\/wp\/v2\/media?parent=3391"}],"wp:term":[{"taxonomy":"category","embeddable":true,"href":"https:\/\/evdebakimparasimaasi.com\/blog\/wp-json\/wp\/v2\/categories?post=3391"},{"taxonomy":"post_tag","embeddable":true,"href":"https:\/\/evdebakimparasimaasi.com\/blog\/wp-json\/wp\/v2\/tags?post=3391"}],"curies":[{"name":"wp","href":"https:\/\/api.w.org\/{rel}","templated":true}]}}