{"id":3404,"date":"2025-01-18T20:59:47","date_gmt":"2025-01-18T17:59:47","guid":{"rendered":"https:\/\/evdebakimparasimaasi.com\/blog\/?p=3404"},"modified":"2025-02-23T14:39:52","modified_gmt":"2025-02-23T11:39:52","slug":"kronik-hastalara-elektrik-yardimi","status":"publish","type":"post","link":"https:\/\/evdebakimparasimaasi.com\/blog\/kronik-hastalara-elektrik-yardimi\/","title":{"rendered":"Kronik Hastalara Elektrik Yard\u0131m\u0131 Nas\u0131l Al\u0131n\u0131r? 2025 G\u00fcncel Ba\u015fvuru \u015eartlar\u0131"},"content":{"rendered":"\n<p>Aile ve Sosyal Hizmetler Bakanl\u0131\u011f\u0131, cihazlara ba\u011fl\u0131 kronik hastalar i\u00e7in \u00f6nemli bir destek olan <strong>hastalara elektrik yard\u0131m\u0131<\/strong> program\u0131n\u0131 hayata ge\u00e7irmi\u015ftir.<\/p>\n\n\n\n<p>Aile ve Sosyal Hizmetler Bakanl\u0131\u011f\u0131, muhta\u00e7 durumda olan vatanda\u015flara \u00e7e\u015fitli sosyal yard\u0131mlar sunmaya devam ediyor. Bu yard\u0131mlar aras\u0131nda g\u0131da ve erzak deste\u011fi, yakacak yard\u0131mlar\u0131, \u00e7ocuklar i\u00e7in e\u011fitim ve sa\u011fl\u0131k yard\u0131mlar\u0131 yer al\u0131rken \u00f6zellikle <strong>kronik hastalara elektrik yard\u0131m\u0131<\/strong> da dikkat \u00e7ekiyor. Elektrik t\u00fcketim deste\u011fi cihazlara ba\u011fl\u0131 olarak ya\u015famak zorunda olan kronik hastalar i\u00e7in hayati bir \u00f6neme sahip.<\/p>\n\n\n\n<div id=\"ez-toc-container\" class=\"ez-toc-v2_0_82_2 counter-hierarchy ez-toc-counter ez-toc-grey ez-toc-container-direction\">\n<div class=\"ez-toc-title-container\">\n<p class=\"ez-toc-title\" style=\"cursor:inherit\">\u0130\u00e7indekiler<\/p>\n<span class=\"ez-toc-title-toggle\"><a href=\"#\" class=\"ez-toc-pull-right ez-toc-btn ez-toc-btn-xs ez-toc-btn-default ez-toc-toggle\" aria-label=\"\u0130\u00e7indekiler Tablosunu A\u00e7\/Kapat\"><span class=\"ez-toc-js-icon-con\"><span class=\"\"><span class=\"eztoc-hide\" style=\"display:none;\">Toggle<\/span><span class=\"ez-toc-icon-toggle-span\"><svg style=\"fill: #999;color:#999\" xmlns=\"http:\/\/www.w3.org\/2000\/svg\" class=\"list-377408\" width=\"20px\" height=\"20px\" viewBox=\"0 0 24 24\" fill=\"none\"><path d=\"M6 6H4v2h2V6zm14 0H8v2h12V6zM4 11h2v2H4v-2zm16 0H8v2h12v-2zM4 16h2v2H4v-2zm16 0H8v2h12v-2z\" fill=\"currentColor\"><\/path><\/svg><svg style=\"fill: #999;color:#999\" class=\"arrow-unsorted-368013\" xmlns=\"http:\/\/www.w3.org\/2000\/svg\" width=\"10px\" height=\"10px\" viewBox=\"0 0 24 24\" version=\"1.2\" baseProfile=\"tiny\"><path d=\"M18.2 9.3l-6.2-6.3-6.2 6.3c-.2.2-.3.4-.3.7s.1.5.3.7c.2.2.4.3.7.3h11c.3 0 .5-.1.7-.3.2-.2.3-.5.3-.7s-.1-.5-.3-.7zM5.8 14.7l6.2 6.3 6.2-6.3c.2-.2.3-.5.3-.7s-.1-.5-.3-.7c-.2-.2-.4-.3-.7-.3h-11c-.3 0-.5.1-.7.3-.2.2-.3.5-.3.7s.1.5.3.7z\"\/><\/svg><\/span><\/span><\/span><\/a><\/span><\/div>\n<nav><ul class='ez-toc-list ez-toc-list-level-1 ' ><li class='ez-toc-page-1 ez-toc-heading-level-2'><a class=\"ez-toc-link ez-toc-heading-1\" href=\"https:\/\/evdebakimparasimaasi.com\/blog\/kronik-hastalara-elektrik-yardimi\/#Hastalara_Elektrik_Yardimi_Nedir\" >Hastalara Elektrik Yard\u0131m\u0131 Nedir?<\/a><\/li><li class='ez-toc-page-1 ez-toc-heading-level-2'><a class=\"ez-toc-link ez-toc-heading-2\" href=\"https:\/\/evdebakimparasimaasi.com\/blog\/kronik-hastalara-elektrik-yardimi\/#Elektrik_Yardimi_Basvuru_Sartlari\" >Elektrik Yard\u0131m\u0131 Ba\u015fvuru \u015eartlar\u0131<\/a><\/li><li class='ez-toc-page-1 ez-toc-heading-level-2'><a class=\"ez-toc-link ez-toc-heading-3\" href=\"https:\/\/evdebakimparasimaasi.com\/blog\/kronik-hastalara-elektrik-yardimi\/#Basvuru_Sureci_Nasil_Isler\" >Ba\u015fvuru S\u00fcreci Nas\u0131l \u0130\u015fler?<\/a><\/li><li class='ez-toc-page-1 ez-toc-heading-level-2'><a class=\"ez-toc-link ez-toc-heading-4\" href=\"https:\/\/evdebakimparasimaasi.com\/blog\/kronik-hastalara-elektrik-yardimi\/#E-Devlet_Uzerinden_Elektrik_Yardimi_Basvurusu\" >E-Devlet \u00dczerinden Elektrik Yard\u0131m\u0131 Ba\u015fvurusu<\/a><\/li><li class='ez-toc-page-1 ez-toc-heading-level-2'><a class=\"ez-toc-link ez-toc-heading-5\" href=\"https:\/\/evdebakimparasimaasi.com\/blog\/kronik-hastalara-elektrik-yardimi\/#Gerekli_Belgeler_Nelerdir\" >Gerekli Belgeler Nelerdir?<\/a><\/li><li class='ez-toc-page-1 ez-toc-heading-level-2'><a class=\"ez-toc-link ez-toc-heading-6\" href=\"https:\/\/evdebakimparasimaasi.com\/blog\/kronik-hastalara-elektrik-yardimi\/#Elektrik_Yardimi_Ne_Kadar\" >Elektrik Yard\u0131m\u0131 Ne Kadar?<\/a><\/li><li class='ez-toc-page-1 ez-toc-heading-level-2'><a class=\"ez-toc-link ez-toc-heading-7\" href=\"https:\/\/evdebakimparasimaasi.com\/blog\/kronik-hastalara-elektrik-yardimi\/#Elektrik_Yardimindan_Kimler_Yararlanabilir\" >Elektrik Yard\u0131m\u0131ndan Kimler Yararlanabilir?<\/a><\/li><\/ul><\/nav><\/div>\n<h2 class=\"wp-block-heading\"><span class=\"ez-toc-section\" id=\"Hastalara_Elektrik_Yardimi_Nedir\"><\/span>Hastalara Elektrik Yard\u0131m\u0131 Nedir?<span class=\"ez-toc-section-end\"><\/span><\/h2>\n\n\n\n<p>Elektrik t\u00fcketim deste\u011fi cihaz kullan\u0131m\u0131 nedeniyle y\u00fcksek elektrik faturalar\u0131yla kar\u015f\u0131 kar\u015f\u0131ya kalan kronik hastalar\u0131n bu y\u00fck\u00fcn\u00fc hafifletmek i\u00e7in verilen bir destektir. Aile ve Sosyal Hizmetler Bakanl\u0131\u011f\u0131 taraf\u0131ndan y\u00fcr\u00fct\u00fclen bu program kapsam\u0131nda hastalar, ayl\u0131k 260 TL\u2019ye kadar bir elektrik faturas\u0131 indirimi alabilir. Ayr\u0131ca ge\u00e7mi\u015f d\u00f6nem elektrik faturas\u0131 bor\u00e7lar\u0131 da tek seferlik olmak \u00fczere kar\u015f\u0131lanabilir.<\/p>\n\n\n\n<figure class=\"wp-block-image size-large\"><img fetchpriority=\"high\" decoding=\"async\" width=\"1024\" height=\"576\" src=\"https:\/\/evdebakimparasimaasi.com\/blog\/wp-content\/uploads\/2025\/01\/Kronik-Hastalara-Elektrik-Yardimi-Nasil-Alinir4-1024x576.jpg\" alt=\"\" class=\"wp-image-3405\"\/><\/figure>\n\n\n\n<p>Elektrik kesintilerine kar\u015f\u0131 bir \u00f6nlem olarak, baz\u0131 kronik hastalara <strong>engelliye elektrik yard\u0131m\u0131<\/strong> \u00e7er\u00e7evesinde kesintisiz g\u00fc\u00e7 kayna\u011f\u0131 da sa\u011flanmaktad\u0131r. Bu cihaz sayesinde elektrik kesintisi olsa dahi hastan\u0131n ya\u015fam\u0131n\u0131 s\u00fcrd\u00fcrebilmesi i\u00e7in gerekli cihazlar \u00e7al\u0131\u015fmaya devam eder.<\/p>\n\n\n\n<h2 class=\"wp-block-heading\"><span class=\"ez-toc-section\" id=\"Elektrik_Yardimi_Basvuru_Sartlari\"><\/span>Elektrik Yard\u0131m\u0131 Ba\u015fvuru \u015eartlar\u0131<span class=\"ez-toc-section-end\"><\/span><\/h2>\n\n\n\n<p>Hastalara y\u00f6nelik bu yard\u0131mdan faydalanabilmek i\u00e7in belirli kriterlerin sa\u011flanmas\u0131 gerekmektedir:<\/p>\n\n\n\n<ul class=\"wp-block-list\">\n<li>Muhta\u00e7l\u0131k S\u0131n\u0131r\u0131 Alt\u0131nda Olmak: Ayl\u0131k ki\u015fi ba\u015f\u0131 geliri, asgari \u00fccretin \u00fc\u00e7te birinden az olan aileler bu yard\u0131mdan yararlanabilir.<\/li>\n\n\n\n<li>Cihaz Kullan\u0131m\u0131: Hastan\u0131n ya\u015fam\u0131n\u0131 devam ettirebilmek i\u00e7in cihazlara ba\u011fl\u0131 olmas\u0131 gerekir.<\/li>\n\n\n\n<li>Sa\u011fl\u0131k Kurulu Raporu: Kronik hastal\u0131\u011f\u0131n devlet hastanesinden al\u0131nm\u0131\u015f bir sa\u011fl\u0131k raporuyla belgelenmesi \u015fartt\u0131r.<\/li>\n\n\n\n<li>Ba\u015fka Yard\u0131m Almama: 2828 say\u0131l\u0131 kanun kapsam\u0131nda evde bak\u0131m yard\u0131m\u0131 alan ki\u015filer bu yard\u0131mdan yararlanamaz.<\/li>\n<\/ul>\n\n\n\n<p>E\u011fer hane bireylerinin \u00fczerine gelir getirici nitelikte ta\u015f\u0131nmaz, ara\u00e7 ya da ba\u015fka bir mal varl\u0131\u011f\u0131 kay\u0131tl\u0131ysa ba\u015fvurular reddedilir.<\/p>\n\n\n\n<h2 class=\"wp-block-heading\"><span class=\"ez-toc-section\" id=\"Basvuru_Sureci_Nasil_Isler\"><\/span>Ba\u015fvuru S\u00fcreci Nas\u0131l \u0130\u015fler?<span class=\"ez-toc-section-end\"><\/span><\/h2>\n\n\n\n<p><strong>Hastalar i\u00e7in engelli yard\u0131mlar\u0131<\/strong> \u00e7er\u00e7evesinde sunulan elektrik t\u00fcketim deste\u011fi ba\u015fvurular\u0131, ikamet edilen yerdeki sosyal yard\u0131mla\u015fma ve dayan\u0131\u015fma vakf\u0131 arac\u0131l\u0131\u011f\u0131yla yap\u0131labilir. Ba\u015fvuru s\u0131ras\u0131nda bir form doldurulmas\u0131 ve gerekli belgelerin teslim edilmesi gerekmektedir.<\/p>\n\n\n\n<figure class=\"wp-block-image size-large\"><img decoding=\"async\" width=\"1024\" height=\"697\" src=\"https:\/\/evdebakimparasimaasi.com\/blog\/wp-content\/uploads\/2025\/01\/Kronik-Hastalara-Elektrik-Yardimi-Nasil-Alinir3-1024x697.jpg\" alt=\"\" class=\"wp-image-3406\"\/><\/figure>\n\n\n\n<p>E\u011fer hasta, fiziksel durumu nedeniyle ba\u015fvuruya \u015fahsen gidemeyecek durumda ise, bu i\u015flem hasta ad\u0131na velisi, vasisi veya vekili taraf\u0131ndan yap\u0131labilir. B\u00f6yle bir durumun m\u00fcmk\u00fcn olmad\u0131\u011f\u0131 hallerde, ALO183 ya da ALO144 sosyal destek hatlar\u0131 aranarak ev ziyareti talep edilebilir. Vak\u0131f personeli, hastan\u0131n evine giderek ba\u015fvuru i\u015flemlerini tamamlamas\u0131na yard\u0131mc\u0131 olur.<\/p>\n\n\n\n<h2 class=\"wp-block-heading\"><span class=\"ez-toc-section\" id=\"E-Devlet_Uzerinden_Elektrik_Yardimi_Basvurusu\"><\/span>E-Devlet \u00dczerinden Elektrik Yard\u0131m\u0131 Ba\u015fvurusu<span class=\"ez-toc-section-end\"><\/span><\/h2>\n\n\n\n<p>Elektrik t\u00fcketim deste\u011fi ba\u015fvurular\u0131 e-devlet \u00fczerinden de yap\u0131labilir. Ancak bu t\u00fcr ba\u015fvurular, yaln\u0131zca \u00f6n ba\u015fvuru niteli\u011fi ta\u015f\u0131r. \u00d6n ba\u015fvurunun onaylanmas\u0131 durumunda, ba\u015fvuru sahibi ilgili sosyal yard\u0131mla\u015fma vakf\u0131na bizzat giderek i\u015flemleri tamamlamal\u0131d\u0131r.<\/p>\n\n\n\n<p>E-devlet \u00fczerinden ba\u015fvuru yapmak i\u00e7in <a href=\"https:\/\/www.turkiye.gov.tr\/ashb-sosyal-ekonomik-destek-on-basvuru\" rel=\"nofollow noopener\" target=\"_blank\">buraya t\u0131klayabilirsiniz<\/a>. Bu platform ayn\u0131 zamanda di\u011fer sosyal yard\u0131mlar i\u00e7in de ba\u015fvuru imkan\u0131 sunmaktad\u0131r.<\/p>\n\n\n\n<h2 class=\"wp-block-heading\"><span class=\"ez-toc-section\" id=\"Gerekli_Belgeler_Nelerdir\"><\/span>Gerekli Belgeler Nelerdir?<span class=\"ez-toc-section-end\"><\/span><\/h2>\n\n\n\n<p>Ba\u015fvuru s\u0131ras\u0131nda teslim edilmesi gereken belgeler \u015funlard\u0131r:<\/p>\n\n\n\n<ul class=\"wp-block-list\">\n<li>T.C. kimlik kart\u0131 asl\u0131 ve fotokopisi<\/li>\n\n\n\n<li>Muhtarl\u0131k onayl\u0131 fakirlik belgesi<\/li>\n\n\n\n<li>\u0130kametgah belgesi<\/li>\n\n\n\n<li>Vukuatl\u0131 n\u00fcfus kay\u0131t \u00f6rne\u011fi<\/li>\n\n\n\n<li>Hane bireylerinin gelir durumu belgeleri<\/li>\n\n\n\n<li>Kira s\u00f6zle\u015fmesi (varsa)<\/li>\n<\/ul>\n\n\n\n<p>Hane bireylerinden biri engelli ise, engellilik durumunu belgeleyen raporun da sunulmas\u0131 gerekmektedir. Dul bireyler i\u00e7in ise e\u015fin \u00f6l\u00fcm belgesi talep edilebilir. Ek belge gerekip gerekmedi\u011fini \u00f6\u011frenmek i\u00e7in ALO183 hatt\u0131n\u0131 arayabilirsiniz.<\/p>\n\n\n\n<h2 class=\"wp-block-heading\"><span class=\"ez-toc-section\" id=\"Elektrik_Yardimi_Ne_Kadar\"><\/span>Elektrik Yard\u0131m\u0131 Ne Kadar?<span class=\"ez-toc-section-end\"><\/span><\/h2>\n\n\n\n<p>Elektrik t\u00fcketim yard\u0131m\u0131 nakit olarak verilmemekte, do\u011frudan faturalarda indirim olarak sa\u011flanmaktad\u0131r. Kronik hastalar, ayl\u0131k elektrik faturalar\u0131nda 260 TL\u2019ye kadar indirim alabilir. Ancak bu indirimin ge\u00e7erli olmas\u0131 i\u00e7in faturalar\u0131n mutlaka PTT \u015fubelerinden \u00f6denmesi gerekmektedir.<\/p>\n\n\n\n<p><a href=\"https:\/\/evdebakimparasimaasi.com\/blog\/ptt-engelli-kredisi-nasil-cekilir\/\">PTT<\/a> d\u0131\u015f\u0131nda yap\u0131lan \u00f6demelerde indirim uygulanmamaktad\u0131r. Bu nedenle hastalar\u0131n faturalar\u0131n\u0131 \u00f6derken bu detaya dikkat etmeleri \u00f6nemlidir.<\/p>\n\n\n\n<figure class=\"wp-block-image size-large\"><img decoding=\"async\" width=\"1024\" height=\"682\" src=\"https:\/\/evdebakimparasimaasi.com\/blog\/wp-content\/uploads\/2025\/01\/Kronik-Hastalara-Elektrik-Yardimi-Nasil-Alinir2-1024x682.jpg\" alt=\"\" class=\"wp-image-3407\"\/><\/figure>\n\n\n\n<h2 class=\"wp-block-heading\"><span class=\"ez-toc-section\" id=\"Elektrik_Yardimindan_Kimler_Yararlanabilir\"><\/span>Elektrik Yard\u0131m\u0131ndan Kimler Yararlanabilir?<span class=\"ez-toc-section-end\"><\/span><\/h2>\n\n\n\n<p>Elektrik t\u00fcketim deste\u011fi sadece belirli kriterleri ta\u015f\u0131yan kronik hastalar i\u00e7in sunulmaktad\u0131r. Muhta\u00e7l\u0131k s\u0131n\u0131r\u0131 alt\u0131nda ya\u015fayan ve cihazlara ba\u011f\u0131ml\u0131 olan ki\u015filerin yan\u0131 s\u0131ra, evde bak\u0131m yard\u0131m\u0131 almayan hastalar bu yard\u0131mdan faydalanabilir. Ayn\u0131 zamanda, ba\u015fvuru sahibinin ya da hane bireylerinin \u00fczerine gelir getirici ta\u015f\u0131nmaz ya da ara\u00e7 bulunmamas\u0131 gereklidir.<\/p>\n\n\n\n<p>S\u00f6z konusu bu destek muhta\u00e7 durumdaki vatanda\u015flar\u0131n hayatlar\u0131n\u0131 daha konforlu bir \u015fekilde s\u00fcrd\u00fcrebilmelerine katk\u0131da bulunmay\u0131 ama\u00e7lamaktad\u0131r. Gerekli \u015fartlar\u0131 ta\u015f\u0131yan herkes, vakit kaybetmeden ba\u011fl\u0131 oldu\u011fu sosyal yard\u0131mla\u015fma vakf\u0131na ya da e-devlet \u00fczerinden ba\u015fvurusunu ger\u00e7ekle\u015ftirebilir.<\/p>\n","protected":false},"excerpt":{"rendered":"<p>Aile ve Sosyal Hizmetler Bakanl\u0131\u011f\u0131, cihazlara ba\u011fl\u0131 kronik hastalar i\u00e7in \u00f6nemli bir destek olan hastalara elektrik yard\u0131m\u0131 program\u0131n\u0131 hayata ge\u00e7irmi\u015ftir. Aile ve Sosyal Hizmetler Bakanl\u0131\u011f\u0131,&#46;&#46;&#46;<\/p>\n","protected":false},"author":2,"featured_media":3408,"comment_status":"open","ping_status":"open","sticky":false,"template":"","format":"standard","meta":{"footnotes":""},"categories":[8],"tags":[],"class_list":["post-3404","post","type-post","status-publish","format-standard","has-post-thumbnail","hentry","category-bilgi"],"_links":{"self":[{"href":"https:\/\/evdebakimparasimaasi.com\/blog\/wp-json\/wp\/v2\/posts\/3404","targetHints":{"allow":["GET"]}}],"collection":[{"href":"https:\/\/evdebakimparasimaasi.com\/blog\/wp-json\/wp\/v2\/posts"}],"about":[{"href":"https:\/\/evdebakimparasimaasi.com\/blog\/wp-json\/wp\/v2\/types\/post"}],"author":[{"embeddable":true,"href":"https:\/\/evdebakimparasimaasi.com\/blog\/wp-json\/wp\/v2\/users\/2"}],"replies":[{"embeddable":true,"href":"https:\/\/evdebakimparasimaasi.com\/blog\/wp-json\/wp\/v2\/comments?post=3404"}],"version-history":[{"count":1,"href":"https:\/\/evdebakimparasimaasi.com\/blog\/wp-json\/wp\/v2\/posts\/3404\/revisions"}],"predecessor-version":[{"id":3723,"href":"https:\/\/evdebakimparasimaasi.com\/blog\/wp-json\/wp\/v2\/posts\/3404\/revisions\/3723"}],"wp:featuredmedia":[{"embeddable":true,"href":"https:\/\/evdebakimparasimaasi.com\/blog\/wp-json\/wp\/v2\/media\/3408"}],"wp:attachment":[{"href":"https:\/\/evdebakimparasimaasi.com\/blog\/wp-json\/wp\/v2\/media?parent=3404"}],"wp:term":[{"taxonomy":"category","embeddable":true,"href":"https:\/\/evdebakimparasimaasi.com\/blog\/wp-json\/wp\/v2\/categories?post=3404"},{"taxonomy":"post_tag","embeddable":true,"href":"https:\/\/evdebakimparasimaasi.com\/blog\/wp-json\/wp\/v2\/tags?post=3404"}],"curies":[{"name":"wp","href":"https:\/\/api.w.org\/{rel}","templated":true}]}}