{"id":3412,"date":"2025-01-19T21:00:24","date_gmt":"2025-01-19T18:00:24","guid":{"rendered":"https:\/\/evdebakimparasimaasi.com\/blog\/?p=3412"},"modified":"2025-02-23T14:39:51","modified_gmt":"2025-02-23T11:39:51","slug":"engelli-aracini-kullanmak-nasil-olur","status":"publish","type":"post","link":"https:\/\/evdebakimparasimaasi.com\/blog\/engelli-aracini-kullanmak-nasil-olur\/","title":{"rendered":"Engelli Arac\u0131n\u0131 Kullanmak Nas\u0131l Olur? Kimler Kullanabilir?"},"content":{"rendered":"\n<p><strong>Engelli arac\u0131n\u0131 kullanmak<\/strong> ile ilgili kurallar engelli bireyin sahip oldu\u011fu sa\u011fl\u0131k raporundaki engellilik derecesine ba\u011fl\u0131 olarak de\u011fi\u015fiklik g\u00f6stermektedir. Engelli bireylerin \u00d6TV muafiyetiyle ara\u00e7 al\u0131m\u0131 ve bu ara\u00e7lar\u0131n kimler taraf\u0131ndan kullan\u0131labilece\u011fi konusunda belirli d\u00fczenlemeler bulunmaktad\u0131r. 23.12.2022 tarihinde Hazine ve Maliye Bakanl\u0131\u011f\u0131 Gelir \u0130daresi Ba\u015fkanl\u0131\u011f\u0131 taraf\u0131ndan yay\u0131mlanan genelge, bu konuda \u00e7e\u015fitli d\u00fczenlemeler getirmi\u015ftir. Bu d\u00fczenlemeler engelli bireylerin ihtiya\u00e7lar\u0131na y\u00f6nelik hassasiyetle haz\u0131rlanm\u0131\u015ft\u0131r.<\/p>\n\n\n\n<div id=\"ez-toc-container\" class=\"ez-toc-v2_0_82_2 counter-hierarchy ez-toc-counter ez-toc-grey ez-toc-container-direction\">\n<div class=\"ez-toc-title-container\">\n<p class=\"ez-toc-title\" style=\"cursor:inherit\">\u0130\u00e7indekiler<\/p>\n<span class=\"ez-toc-title-toggle\"><a href=\"#\" class=\"ez-toc-pull-right ez-toc-btn ez-toc-btn-xs ez-toc-btn-default ez-toc-toggle\" aria-label=\"\u0130\u00e7indekiler Tablosunu A\u00e7\/Kapat\"><span class=\"ez-toc-js-icon-con\"><span class=\"\"><span class=\"eztoc-hide\" style=\"display:none;\">Toggle<\/span><span class=\"ez-toc-icon-toggle-span\"><svg style=\"fill: #999;color:#999\" xmlns=\"http:\/\/www.w3.org\/2000\/svg\" class=\"list-377408\" width=\"20px\" height=\"20px\" viewBox=\"0 0 24 24\" fill=\"none\"><path d=\"M6 6H4v2h2V6zm14 0H8v2h12V6zM4 11h2v2H4v-2zm16 0H8v2h12v-2zM4 16h2v2H4v-2zm16 0H8v2h12v-2z\" fill=\"currentColor\"><\/path><\/svg><svg style=\"fill: #999;color:#999\" class=\"arrow-unsorted-368013\" xmlns=\"http:\/\/www.w3.org\/2000\/svg\" width=\"10px\" height=\"10px\" viewBox=\"0 0 24 24\" version=\"1.2\" baseProfile=\"tiny\"><path d=\"M18.2 9.3l-6.2-6.3-6.2 6.3c-.2.2-.3.4-.3.7s.1.5.3.7c.2.2.4.3.7.3h11c.3 0 .5-.1.7-.3.2-.2.3-.5.3-.7s-.1-.5-.3-.7zM5.8 14.7l6.2 6.3 6.2-6.3c.2-.2.3-.5.3-.7s-.1-.5-.3-.7c-.2-.2-.4-.3-.7-.3h-11c-.3 0-.5.1-.7.3-.2.2-.3.5-.3.7s.1.5.3.7z\"\/><\/svg><\/span><\/span><\/span><\/a><\/span><\/div>\n<nav><ul class='ez-toc-list ez-toc-list-level-1 ' ><li class='ez-toc-page-1 ez-toc-heading-level-2'><a class=\"ez-toc-link ez-toc-heading-1\" href=\"https:\/\/evdebakimparasimaasi.com\/blog\/engelli-aracini-kullanmak-nasil-olur\/#90in_Altinda_Engellilik_Oranina_Sahip_Bireylerin_Araclari\" >%90\u2019\u0131n Alt\u0131nda Engellilik Oran\u0131na Sahip Bireylerin Ara\u00e7lar\u0131<\/a><\/li><li class='ez-toc-page-1 ez-toc-heading-level-2'><a class=\"ez-toc-link ez-toc-heading-2\" href=\"https:\/\/evdebakimparasimaasi.com\/blog\/engelli-aracini-kullanmak-nasil-olur\/#COZGER_Raporuyla_Alinan_Araclar\" >\u00c7\u00d6ZGER Raporuyla Al\u0131nan Ara\u00e7lar<\/a><\/li><li class='ez-toc-page-1 ez-toc-heading-level-2'><a class=\"ez-toc-link ez-toc-heading-3\" href=\"https:\/\/evdebakimparasimaasi.com\/blog\/engelli-aracini-kullanmak-nasil-olur\/#Akrabalik_Dereceleri_ve_Sihri_Hisimlik\" >Akrabal\u0131k Dereceleri ve S\u0131hri H\u0131s\u0131ml\u0131k<\/a><\/li><li class='ez-toc-page-1 ez-toc-heading-level-2'><a class=\"ez-toc-link ez-toc-heading-4\" href=\"https:\/\/evdebakimparasimaasi.com\/blog\/engelli-aracini-kullanmak-nasil-olur\/#90_ve_Uzeri_Engellilik_Oranina_Sahip_Bireylerin_Araclari\" >%90 ve \u00dczeri Engellilik Oran\u0131na Sahip Bireylerin Ara\u00e7lar\u0131<\/a><\/li><li class='ez-toc-page-1 ez-toc-heading-level-2'><a class=\"ez-toc-link ez-toc-heading-5\" href=\"https:\/\/evdebakimparasimaasi.com\/blog\/engelli-aracini-kullanmak-nasil-olur\/#Torunlarin_Arac_Kullanma_Durumu\" >Torunlar\u0131n Ara\u00e7 Kullanma Durumu<\/a><\/li><li class='ez-toc-page-1 ez-toc-heading-level-2'><a class=\"ez-toc-link ez-toc-heading-6\" href=\"https:\/\/evdebakimparasimaasi.com\/blog\/engelli-aracini-kullanmak-nasil-olur\/#Engelli_Bireyin_Aracta_Olmadigi_Durumlar\" >Engelli Bireyin Ara\u00e7ta Olmad\u0131\u011f\u0131 Durumlar<\/a><\/li><li class='ez-toc-page-1 ez-toc-heading-level-2'><a class=\"ez-toc-link ez-toc-heading-7\" href=\"https:\/\/evdebakimparasimaasi.com\/blog\/engelli-aracini-kullanmak-nasil-olur\/#Ayni_Ilde_Ikamet_Zorunlulugu\" >Ayn\u0131 \u0130lde \u0130kamet Zorunlulu\u011fu<\/a><\/li><li class='ez-toc-page-1 ez-toc-heading-level-2'><a class=\"ez-toc-link ez-toc-heading-8\" href=\"https:\/\/evdebakimparasimaasi.com\/blog\/engelli-aracini-kullanmak-nasil-olur\/#Sehir_Disinda_Engelli_Aracini_Kullanmak\" >\u015eehir D\u0131\u015f\u0131nda Engelli Arac\u0131n\u0131 Kullanmak<\/a><\/li><li class='ez-toc-page-1 ez-toc-heading-level-2'><a class=\"ez-toc-link ez-toc-heading-9\" href=\"https:\/\/evdebakimparasimaasi.com\/blog\/engelli-aracini-kullanmak-nasil-olur\/#Engelli_Arac_Alimi_Icin_Gerekli_Belgeler_Nelerdir\" >Engelli Ara\u00e7 Al\u0131m\u0131 \u0130\u00e7in Gerekli Belgeler Nelerdir?<\/a><\/li><\/ul><\/nav><\/div>\n<h2 class=\"wp-block-heading\"><span class=\"ez-toc-section\" id=\"90in_Altinda_Engellilik_Oranina_Sahip_Bireylerin_Araclari\"><\/span>%90\u2019\u0131n Alt\u0131nda Engellilik Oran\u0131na Sahip Bireylerin Ara\u00e7lar\u0131<span class=\"ez-toc-section-end\"><\/span><\/h2>\n\n\n\n<p>Engellilik oran\u0131 %90\u2019\u0131n alt\u0131nda olan bireylerin \u00d6TV muafiyetiyle ald\u0131\u011f\u0131 ara\u00e7lar, sadece engelli bireyin kendisi taraf\u0131ndan kullan\u0131labilir. Bu ara\u00e7lar\u0131 kullanma hakk\u0131 engelli bireyin e\u015fi, \u00e7ocuklar\u0131, anne veya babas\u0131na tan\u0131nmam\u0131\u015ft\u0131r. <strong>Engelli arac\u0131n\u0131 kullanabilecekler<\/strong> aras\u0131nda engelli birey d\u0131\u015f\u0131nda kimse yer almamaktad\u0131r. Bu konuda herhangi bir istisna bulunmamaktad\u0131r. Dolay\u0131s\u0131yla bu t\u00fcr bir araca sahip engelli birey, arac\u0131 kendisi kullanmak zorundad\u0131r.<\/p>\n\n\n\n<h2 class=\"wp-block-heading\"><span class=\"ez-toc-section\" id=\"COZGER_Raporuyla_Alinan_Araclar\"><\/span>\u00c7\u00d6ZGER Raporuyla Al\u0131nan Ara\u00e7lar<span class=\"ez-toc-section-end\"><\/span><\/h2>\n\n\n\n<p>\u00c7ocuklar i\u00e7in \u00d6zel Gereksinim Raporu (<a href=\"https:\/\/erapor.saglik.gov.tr\/portal\/detay\/cocuklar-icin-ozel-gereksinim-raporu-cozger-13\" rel=\"nofollow noopener\" target=\"_blank\">\u00c7\u00d6ZGER<\/a>) ile al\u0131nan ara\u00e7larda farkl\u0131 bir d\u00fczenleme bulunmaktad\u0131r. Bu ara\u00e7lar\u0131; engelli bireyin kendisiyle ayn\u0131 ilde ikamet eden birinci dereceye kadar h\u0131s\u0131mlar\u0131, s\u0131hri h\u0131s\u0131mlar\u0131 ve karde\u015fleri kullanabilir. Ayr\u0131ca engelli bireyin ailesine ba\u011fl\u0131 olarak \u00e7al\u0131\u015fan ve i\u015f akdiyle g\u00f6revli olan s\u00fcr\u00fcc\u00fcler de bu ara\u00e7lar\u0131 kullanma hakk\u0131na sahiptir. Burada dikkat edilmesi gereken bir husus ayn\u0131 ilde ikamet zorunlulu\u011fudur. Bu durum, engelli bireyin ve arac\u0131 kullanacak ki\u015finin adres bilgilerinin ba\u015fvuru s\u0131ras\u0131nda Vergi Dairesi M\u00fcd\u00fcrl\u00fc\u011f\u00fc\u2019ne sunulmas\u0131 gereklili\u011fi ile de belirlenmi\u015ftir.<\/p>\n\n\n\n<figure class=\"wp-block-image size-large\"><img fetchpriority=\"high\" decoding=\"async\" width=\"1024\" height=\"683\" src=\"https:\/\/evdebakimparasimaasi.com\/blog\/wp-content\/uploads\/2025\/01\/Engelli-Aracini-Kullanmak-4-1024x683.jpg\" alt=\"\" class=\"wp-image-3413\"\/><\/figure>\n\n\n\n<h2 class=\"wp-block-heading\"><span class=\"ez-toc-section\" id=\"Akrabalik_Dereceleri_ve_Sihri_Hisimlik\"><\/span>Akrabal\u0131k Dereceleri ve S\u0131hri H\u0131s\u0131ml\u0131k<span class=\"ez-toc-section-end\"><\/span><\/h2>\n\n\n\n<p>Engelli bireyin arac\u0131n\u0131 kullanma hakk\u0131na sahip olan ki\u015filer aras\u0131nda akrabal\u0131k dereceleri \u00f6nem ta\u015f\u0131maktad\u0131r. \u00d6rne\u011fin karde\u015f birinci derece de\u011fil, ikinci dereceden akraba say\u0131lmaktad\u0131r. Bunun yan\u0131 s\u0131ra, s\u0131hri h\u0131s\u0131ml\u0131k da d\u00fczenlemelerde yer almaktad\u0131r. S\u0131hri h\u0131s\u0131ml\u0131k, kan ba\u011f\u0131yla de\u011fil yasal yollarla olu\u015fan h\u0131s\u0131ml\u0131kt\u0131r. T\u00fcrk Medeni Kanunu\u2019na g\u00f6re, e\u015flerden birinin kan ba\u011f\u0131yla olan h\u0131s\u0131mlar\u0131, di\u011fer e\u015fin s\u0131hri h\u0131sm\u0131 olarak kabul edilir. \u00d6rne\u011fin e\u015finizin karde\u015fi sizin s\u0131hri h\u0131sm\u0131n\u0131z say\u0131l\u0131r.<\/p>\n\n\n\n<h2 class=\"wp-block-heading\"><span class=\"ez-toc-section\" id=\"90_ve_Uzeri_Engellilik_Oranina_Sahip_Bireylerin_Araclari\"><\/span>%90 ve \u00dczeri Engellilik Oran\u0131na Sahip Bireylerin Ara\u00e7lar\u0131<span class=\"ez-toc-section-end\"><\/span><\/h2>\n\n\n\n<p>Engellilik oran\u0131 %90 ve \u00fczerinde olan bireylerin \u00d6TV muafiyetiyle ald\u0131\u011f\u0131 ara\u00e7lar i\u00e7in kullan\u0131m haklar\u0131 daha geni\u015ftir. Bu ara\u00e7lar\u0131; engelli bireyin birinci dereceye kadar h\u0131s\u0131mlar\u0131, s\u0131hri h\u0131s\u0131mlar\u0131, karde\u015fleri ya da engelli bireyin i\u015f akdiyle \u00e7al\u0131\u015ft\u0131rd\u0131\u011f\u0131 s\u00fcr\u00fcc\u00fcler kullanabilir. <strong>Engelli arac\u0131n\u0131 kimler s\u00fcrer<\/strong> sorusunun yan\u0131t\u0131 bu kapsamda geni\u015ftir. \u00d6rne\u011fin, engelli bireyin annesi, babas\u0131, \u00e7ocuklar\u0131 veya karde\u015fleri bu arac\u0131 kullanabilir. Ayr\u0131ca engelli bireyin vasisi, velisi veya kanuni temsilcisi de bu ara\u00e7lar\u0131 kullanma yetkisine sahiptir.<\/p>\n\n\n\n<h2 class=\"wp-block-heading\"><span class=\"ez-toc-section\" id=\"Torunlarin_Arac_Kullanma_Durumu\"><\/span>Torunlar\u0131n Ara\u00e7 Kullanma Durumu<span class=\"ez-toc-section-end\"><\/span><\/h2>\n\n\n\n<p>Engelli bireyin torunlar\u0131n\u0131n <a href=\"https:\/\/evdebakimparasimaasi.com\/blog\/engelli-raporu-ile-arac-nasil-alinir\/\">\u00d6TV<\/a> muafiyetiyle al\u0131nan arac\u0131 kullanma hakk\u0131 bulunmamaktad\u0131r. Torunlar, birinci derece akraba say\u0131lmad\u0131klar\u0131 i\u00e7in bu hakka sahip de\u011fildir. Ara\u00e7 kullan\u0131m\u0131na ili\u015fkin d\u00fczenlemeler yaln\u0131zca belirlenen akrabal\u0131k derecelerini kapsamaktad\u0131r.<\/p>\n\n\n\n<h2 class=\"wp-block-heading\"><span class=\"ez-toc-section\" id=\"Engelli_Bireyin_Aracta_Olmadigi_Durumlar\"><\/span>Engelli Bireyin Ara\u00e7ta Olmad\u0131\u011f\u0131 Durumlar<span class=\"ez-toc-section-end\"><\/span><\/h2>\n\n\n\n<p>Engelli bireyin ara\u00e7ta olmad\u0131\u011f\u0131 durumlarda arac\u0131 kullanma hakk\u0131 olan ki\u015filer bu arac\u0131 rahatl\u0131kla kullanabilir. Ancak bunun i\u00e7in ba\u015fvuru s\u0131ras\u0131nda Vergi Dairesi M\u00fcd\u00fcrl\u00fc\u011f\u00fcne gerekli taahh\u00fctnamenin verilmi\u015f olmas\u0131 gerekmektedir. S\u00f6z konusu taahh\u00fctnamede, arac\u0131 kullanabilecek ki\u015filerin isimlerinin yer almas\u0131 zorunludur. Bu nedenle engelli bireyin bulunmad\u0131\u011f\u0131 bir durumda arac\u0131 kullanman\u0131zda yasal bir engel yoktur.<\/p>\n\n\n\n<figure class=\"wp-block-image size-large\"><img decoding=\"async\" width=\"1024\" height=\"703\" src=\"https:\/\/evdebakimparasimaasi.com\/blog\/wp-content\/uploads\/2025\/01\/Engelli-Aracini-Kullanmak-3-1024x703.jpg\" alt=\"\" class=\"wp-image-3414\"\/><\/figure>\n\n\n\n<h2 class=\"wp-block-heading\"><span class=\"ez-toc-section\" id=\"Ayni_Ilde_Ikamet_Zorunlulugu\"><\/span>Ayn\u0131 \u0130lde \u0130kamet Zorunlulu\u011fu<span class=\"ez-toc-section-end\"><\/span><\/h2>\n\n\n\n<p>Engelli bireye ait bir arac\u0131 kullanmak i\u00e7in engelli bireyle ayn\u0131 ilde ikamet etme \u015fart\u0131 bulunmaktad\u0131r. Bu zorunluluk ara\u00e7 al\u0131m\u0131 s\u0131ras\u0131nda verilen dilek\u00e7e ve taahh\u00fctname ile kay\u0131t alt\u0131na al\u0131nmaktad\u0131r. \u0130kamet adresleri Vergi Dairesi M\u00fcd\u00fcrl\u00fc\u011f\u00fc taraf\u0131ndan kontrol edilmekte ve bu \u015fart\u0131n sa\u011flanmas\u0131 zorunlu hale gelmektedir.<\/p>\n\n\n\n<h2 class=\"wp-block-heading\"><span class=\"ez-toc-section\" id=\"Sehir_Disinda_Engelli_Aracini_Kullanmak\"><\/span>\u015eehir D\u0131\u015f\u0131nda Engelli Arac\u0131n\u0131 Kullanmak<span class=\"ez-toc-section-end\"><\/span><\/h2>\n\n\n\n<p>Taahh\u00fctnamede ismi bulunan ki\u015filer engelli bireye ait arac\u0131 \u015fehir d\u0131\u015f\u0131nda da kullanabilir. Bu konuda herhangi bir s\u0131n\u0131rlama bulunmamaktad\u0131r. <strong>Engelli arac\u0131n\u0131 kullanabilecekler<\/strong>, \u015fehir d\u0131\u015f\u0131nda da bu haklar\u0131n\u0131 yasal \u00e7er\u00e7evede kullanabilirler. Ancak ara\u00e7 kullanma hakk\u0131na sahip olmayan ki\u015filerin bu arac\u0131 kullanmas\u0131 yasakt\u0131r.<\/p>\n\n\n\n<p>Bu d\u00fczenlemeler hem engelli bireylerin ya\u015famlar\u0131n\u0131 kolayla\u015ft\u0131rmay\u0131 hem de ara\u00e7lar\u0131n kullan\u0131m\u0131n\u0131 yasal bir \u00e7er\u00e7eveye oturtmay\u0131 hedeflemektedir. \u00d6zellikle engelli bireyin ihtiya\u00e7lar\u0131na g\u00f6re \u015fekillenen bu kurallar, ara\u00e7lar\u0131n kullan\u0131m\u0131nda herhangi bir karma\u015faya mahal vermemek ad\u0131na belirlenmi\u015ftir.<\/p>\n\n\n\n<figure class=\"wp-block-image size-large\"><img decoding=\"async\" width=\"1024\" height=\"605\" src=\"https:\/\/evdebakimparasimaasi.com\/blog\/wp-content\/uploads\/2025\/01\/Engelli-Aracini-Kullanmak-2-1024x605.jpg\" alt=\"\" class=\"wp-image-3415\"\/><\/figure>\n\n\n\n<h2 class=\"wp-block-heading\"><span class=\"ez-toc-section\" id=\"Engelli_Arac_Alimi_Icin_Gerekli_Belgeler_Nelerdir\"><\/span>Engelli Ara\u00e7 Al\u0131m\u0131 \u0130\u00e7in Gerekli Belgeler Nelerdir?<span class=\"ez-toc-section-end\"><\/span><\/h2>\n\n\n\n<p>Engelli bireylerin ara\u00e7 al\u0131rken indirimlerden yararlanabilmesi i\u00e7in belirli evraklar\u0131 haz\u0131rlamalar\u0131 gerekmektedir. Bu belgeler i\u015flemin sorunsuz bir \u015fekilde ilerlemesi i\u00e7in olduk\u00e7a \u00f6nemlidir. Engelli indirim oranlar\u0131ndan faydalanarak s\u0131f\u0131r kilometre ara\u00e7 almak isteyen ki\u015filer a\u015fa\u011f\u0131daki belgeleri temin etmelidir:<\/p>\n\n\n\n<ul class=\"wp-block-list\">\n<li>Engelli ki\u015fiye ait n\u00fcfus c\u00fczdan\u0131<\/li>\n\n\n\n<li>18 ya\u015f\u0131ndan k\u00fc\u00e7\u00fck engelli birey i\u00e7in vasi karar\u0131n\u0131 i\u00e7eren belge<\/li>\n\n\n\n<li>\u00d6zel ba\u015fvuru formu<\/li>\n\n\n\n<li>\u0130mzal\u0131 ve onayl\u0131 muayene belgesi<\/li>\n\n\n\n<li>Engelli s\u00fcr\u00fcc\u00fc belgesi<\/li>\n\n\n\n<li>Engel durumu ve oran\u0131n\u0131 belirten sa\u011fl\u0131k raporu<\/li>\n<\/ul>\n\n\n\n<p>Engelli bireylerin ara\u00e7 al\u0131m\u0131nda sa\u011fl\u0131k raporlar\u0131 b\u00fcy\u00fck bir \u00f6neme sahiptir. Bu raporun engel durumunu ve oran\u0131n\u0131 a\u00e7\u0131k\u00e7a belirtmesi gerekmektedir. Belgelerin eksiksiz ve do\u011fru bir \u015fekilde tamamlanmas\u0131 i\u015flemlerin h\u0131zl\u0131 bir \u015fekilde tamamlanmas\u0131na yard\u0131mc\u0131 olur.<\/p>\n","protected":false},"excerpt":{"rendered":"<p>Engelli arac\u0131n\u0131 kullanmak ile ilgili kurallar engelli bireyin sahip oldu\u011fu sa\u011fl\u0131k raporundaki engellilik derecesine ba\u011fl\u0131 olarak de\u011fi\u015fiklik g\u00f6stermektedir. Engelli bireylerin \u00d6TV muafiyetiyle ara\u00e7 al\u0131m\u0131 ve&#46;&#46;&#46;<\/p>\n","protected":false},"author":2,"featured_media":3416,"comment_status":"open","ping_status":"open","sticky":false,"template":"","format":"standard","meta":{"footnotes":""},"categories":[8],"tags":[],"class_list":["post-3412","post","type-post","status-publish","format-standard","has-post-thumbnail","hentry","category-bilgi"],"_links":{"self":[{"href":"https:\/\/evdebakimparasimaasi.com\/blog\/wp-json\/wp\/v2\/posts\/3412","targetHints":{"allow":["GET"]}}],"collection":[{"href":"https:\/\/evdebakimparasimaasi.com\/blog\/wp-json\/wp\/v2\/posts"}],"about":[{"href":"https:\/\/evdebakimparasimaasi.com\/blog\/wp-json\/wp\/v2\/types\/post"}],"author":[{"embeddable":true,"href":"https:\/\/evdebakimparasimaasi.com\/blog\/wp-json\/wp\/v2\/users\/2"}],"replies":[{"embeddable":true,"href":"https:\/\/evdebakimparasimaasi.com\/blog\/wp-json\/wp\/v2\/comments?post=3412"}],"version-history":[{"count":1,"href":"https:\/\/evdebakimparasimaasi.com\/blog\/wp-json\/wp\/v2\/posts\/3412\/revisions"}],"predecessor-version":[{"id":3722,"href":"https:\/\/evdebakimparasimaasi.com\/blog\/wp-json\/wp\/v2\/posts\/3412\/revisions\/3722"}],"wp:featuredmedia":[{"embeddable":true,"href":"https:\/\/evdebakimparasimaasi.com\/blog\/wp-json\/wp\/v2\/media\/3416"}],"wp:attachment":[{"href":"https:\/\/evdebakimparasimaasi.com\/blog\/wp-json\/wp\/v2\/media?parent=3412"}],"wp:term":[{"taxonomy":"category","embeddable":true,"href":"https:\/\/evdebakimparasimaasi.com\/blog\/wp-json\/wp\/v2\/categories?post=3412"},{"taxonomy":"post_tag","embeddable":true,"href":"https:\/\/evdebakimparasimaasi.com\/blog\/wp-json\/wp\/v2\/tags?post=3412"}],"curies":[{"name":"wp","href":"https:\/\/api.w.org\/{rel}","templated":true}]}}