{"id":3419,"date":"2025-01-20T22:24:15","date_gmt":"2025-01-20T19:24:15","guid":{"rendered":"https:\/\/evdebakimparasimaasi.com\/blog\/?p=3419"},"modified":"2025-02-23T14:39:51","modified_gmt":"2025-02-23T11:39:51","slug":"engelli-dostu-sehir-ne-demek-niye-onemli","status":"publish","type":"post","link":"https:\/\/evdebakimparasimaasi.com\/blog\/engelli-dostu-sehir-ne-demek-niye-onemli\/","title":{"rendered":"Engelli Dostu \u015eehir Ne Demek? Niye \u00d6nemli?"},"content":{"rendered":"\n<p><strong>Engelli dostu \u015fehir<\/strong> engelli bireylerin g\u00fcnl\u00fck ya\u015famlar\u0131n\u0131 kolayla\u015ft\u0131rmay\u0131, topluma tam anlam\u0131yla kat\u0131lmalar\u0131n\u0131 sa\u011flamay\u0131 ve ya\u015fam kalitelerini art\u0131rmay\u0131 hedefleyen bir \u015fehir anlay\u0131\u015f\u0131d\u0131r. Bu t\u00fcr \u015fehirlerde engellilerin sosyal hayat\u0131n her alan\u0131nda aktif bir \u015fekilde yer alabilmeleri i\u00e7in ula\u015f\u0131m, eri\u015fim, e\u011fitim ve istihdam gibi konularda \u00e7e\u015fitli d\u00fczenlemeler yap\u0131l\u0131r. Bu d\u00fczenlemeler hem bireylerin haklar\u0131n\u0131 g\u00fcvence alt\u0131na almay\u0131 hem de toplumsal e\u015fitli\u011fi sa\u011flamay\u0131 ama\u00e7lar.<\/p>\n\n\n\n<div id=\"ez-toc-container\" class=\"ez-toc-v2_0_82_2 counter-hierarchy ez-toc-counter ez-toc-grey ez-toc-container-direction\">\n<div class=\"ez-toc-title-container\">\n<p class=\"ez-toc-title\" style=\"cursor:inherit\">\u0130\u00e7indekiler<\/p>\n<span class=\"ez-toc-title-toggle\"><a href=\"#\" class=\"ez-toc-pull-right ez-toc-btn ez-toc-btn-xs ez-toc-btn-default ez-toc-toggle\" aria-label=\"\u0130\u00e7indekiler Tablosunu A\u00e7\/Kapat\"><span class=\"ez-toc-js-icon-con\"><span class=\"\"><span class=\"eztoc-hide\" style=\"display:none;\">Toggle<\/span><span class=\"ez-toc-icon-toggle-span\"><svg style=\"fill: #999;color:#999\" xmlns=\"http:\/\/www.w3.org\/2000\/svg\" class=\"list-377408\" width=\"20px\" height=\"20px\" viewBox=\"0 0 24 24\" fill=\"none\"><path d=\"M6 6H4v2h2V6zm14 0H8v2h12V6zM4 11h2v2H4v-2zm16 0H8v2h12v-2zM4 16h2v2H4v-2zm16 0H8v2h12v-2z\" fill=\"currentColor\"><\/path><\/svg><svg style=\"fill: #999;color:#999\" class=\"arrow-unsorted-368013\" xmlns=\"http:\/\/www.w3.org\/2000\/svg\" width=\"10px\" height=\"10px\" viewBox=\"0 0 24 24\" version=\"1.2\" baseProfile=\"tiny\"><path d=\"M18.2 9.3l-6.2-6.3-6.2 6.3c-.2.2-.3.4-.3.7s.1.5.3.7c.2.2.4.3.7.3h11c.3 0 .5-.1.7-.3.2-.2.3-.5.3-.7s-.1-.5-.3-.7zM5.8 14.7l6.2 6.3 6.2-6.3c.2-.2.3-.5.3-.7s-.1-.5-.3-.7c-.2-.2-.4-.3-.7-.3h-11c-.3 0-.5.1-.7.3-.2.2-.3.5-.3.7s.1.5.3.7z\"\/><\/svg><\/span><\/span><\/span><\/a><\/span><\/div>\n<nav><ul class='ez-toc-list ez-toc-list-level-1 ' ><li class='ez-toc-page-1 ez-toc-heading-level-2'><a class=\"ez-toc-link ez-toc-heading-1\" href=\"https:\/\/evdebakimparasimaasi.com\/blog\/engelli-dostu-sehir-ne-demek-niye-onemli\/#Engelli_Dostu_Sehir_Ne_Demek\" >Engelli Dostu \u015eehir Ne Demek?<\/a><\/li><li class='ez-toc-page-1 ez-toc-heading-level-2'><a class=\"ez-toc-link ez-toc-heading-2\" href=\"https:\/\/evdebakimparasimaasi.com\/blog\/engelli-dostu-sehir-ne-demek-niye-onemli\/#Avrupa_Birligi_ve_Engelli_Dostu_Sehirler\" >Avrupa Birli\u011fi ve Engelli Dostu \u015eehirler<\/a><\/li><li class='ez-toc-page-1 ez-toc-heading-level-2'><a class=\"ez-toc-link ez-toc-heading-3\" href=\"https:\/\/evdebakimparasimaasi.com\/blog\/engelli-dostu-sehir-ne-demek-niye-onemli\/#Turkiyede_Engelli_Dostu_Sehirler\" >T\u00fcrkiye\u2019de Engelli Dostu \u015eehirler<\/a><\/li><li class='ez-toc-page-1 ez-toc-heading-level-2'><a class=\"ez-toc-link ez-toc-heading-4\" href=\"https:\/\/evdebakimparasimaasi.com\/blog\/engelli-dostu-sehir-ne-demek-niye-onemli\/#Erisilebilir_Kent_Protokolu\" >Eri\u015filebilir Kent Protokol\u00fc<\/a><\/li><li class='ez-toc-page-1 ez-toc-heading-level-2'><a class=\"ez-toc-link ez-toc-heading-5\" href=\"https:\/\/evdebakimparasimaasi.com\/blog\/engelli-dostu-sehir-ne-demek-niye-onemli\/#Engelli_Dostu_Sehirlerin_Ozellikleri\" >Engelli Dostu \u015eehirlerin \u00d6zellikleri<\/a><\/li><li class='ez-toc-page-1 ez-toc-heading-level-2'><a class=\"ez-toc-link ez-toc-heading-6\" href=\"https:\/\/evdebakimparasimaasi.com\/blog\/engelli-dostu-sehir-ne-demek-niye-onemli\/#Gelecekte_Daha_Engelsiz_Sehirler\" >Gelecekte Daha Engelsiz \u015eehirler<\/a><\/li><\/ul><\/nav><\/div>\n<h2 class=\"wp-block-heading\"><span class=\"ez-toc-section\" id=\"Engelli_Dostu_Sehir_Ne_Demek\"><\/span>Engelli Dostu \u015eehir Ne Demek?<span class=\"ez-toc-section-end\"><\/span><\/h2>\n\n\n\n<p>Engelli dostu \u015fehir ne demek diye soruldu\u011funda, bu kavram\u0131n temelinde eri\u015filebilirlik ve kapsay\u0131c\u0131l\u0131k oldu\u011funu s\u00f6ylemek m\u00fcmk\u00fcnd\u00fcr. Her bireyin ihtiya\u00e7lar\u0131na g\u00f6re d\u00fczenlenen kamusal alanlar, engelsiz toplu ta\u015f\u0131ma hizmetleri ve sosyal destek mekanizmalar\u0131, bu \u015fehir anlay\u0131\u015f\u0131n\u0131n temel ta\u015flar\u0131n\u0131 olu\u015fturur. Avrupa Birli\u011fi\u2019nin 2010 y\u0131l\u0131ndan bu yana her y\u0131l d\u00fczenledi\u011fi \u201cAccess City Award\u201d yar\u0131\u015fmas\u0131, engelli dostu \u015fehirler konusunda fark\u0131ndal\u0131k olu\u015fturmay\u0131 ve bu anlay\u0131\u015f\u0131 te\u015fvik etmeyi hedeflemektedir.<\/p>\n\n\n\n<figure class=\"wp-block-image size-full\"><img fetchpriority=\"high\" decoding=\"async\" width=\"1023\" height=\"683\" src=\"https:\/\/evdebakimparasimaasi.com\/blog\/wp-content\/uploads\/2025\/01\/Engelli-Dostu-Sehir4.jpg\" alt=\"\" class=\"wp-image-3420\"\/><\/figure>\n\n\n\n<p>Engelli dostu \u015fehirler toplumun her bireyine e\u015fit f\u0131rsatlar sunan eri\u015filebilir ve kapsay\u0131c\u0131 alanlar yaratmay\u0131 ama\u00e7lar. Bu t\u00fcr \u015fehirler engelli bireylerin g\u00fcnl\u00fck ya\u015famlar\u0131n\u0131 daha ba\u011f\u0131ms\u0131z ve rahat bir \u015fekilde s\u00fcrd\u00fcrebilmelerini sa\u011flar. Fiziksel engellerin yan\u0131 s\u0131ra toplumsal engelleri de ortadan kald\u0131rarak engelli bireylerin sosyal hayata kat\u0131l\u0131mlar\u0131n\u0131 art\u0131r\u0131r. Eri\u015filebilir yollar, engelli rampalar\u0131, uygun toplu ta\u015f\u0131ma se\u00e7enekleri ve g\u00fcvenli alanlar, engelli bireylerin daha fazla \u00f6zg\u00fcrl\u00fck ve f\u0131rsat elde etmelerine yard\u0131mc\u0131 olur. Ayr\u0131ca engelli dostu \u015fehirler toplumda fark\u0131ndal\u0131k yarat\u0131r, ayr\u0131mc\u0131l\u0131\u011f\u0131 azalt\u0131r ve t\u00fcm bireylerin ya\u015fam kalitesini y\u00fckseltir. Bu da daha adil ve dengeli bir toplumun in\u015fas\u0131na katk\u0131 sa\u011flar.<\/p>\n\n\n\n<h2 class=\"wp-block-heading\"><span class=\"ez-toc-section\" id=\"Avrupa_Birligi_ve_Engelli_Dostu_Sehirler\"><\/span>Avrupa Birli\u011fi ve Engelli Dostu \u015eehirler<span class=\"ez-toc-section-end\"><\/span><\/h2>\n\n\n\n<p>Avrupa Birli\u011fi taraf\u0131ndan verilen \u201cAccess City Award\u201d \u00f6d\u00fclleri, \u015fehirlerin eri\u015filebilirlik konusundaki ba\u015far\u0131lar\u0131n\u0131 onurland\u0131rmaktad\u0131r. \u00d6d\u00fcl de\u011ferlendirmesinde a\u015fa\u011f\u0131daki kriterler dikkate al\u0131n\u0131r:<\/p>\n\n\n\n<ul class=\"wp-block-list\">\n<li>Kamusal alanlar\u0131n herkes i\u00e7in eri\u015filebilir olmas\u0131,<\/li>\n\n\n\n<li>Toplu ta\u015f\u0131ma sistemlerinin engelli bireylerin kullan\u0131m\u0131na uygun \u015fekilde d\u00fczenlenmesi,<\/li>\n\n\n\n<li>Bilgi ve ileti\u015fim teknolojilerine eri\u015fim kolayl\u0131\u011f\u0131,<\/li>\n\n\n\n<li>Sosyal hizmetlerin ve ya\u015fam alanlar\u0131n\u0131n kapsay\u0131c\u0131 \u015fekilde tasarlanmas\u0131,<\/li>\n\n\n\n<li>Di\u011fer \u015fehirler i\u00e7in \u00f6rnek te\u015fkil edecek projelerin hayata ge\u00e7irilmesi.<\/li>\n<\/ul>\n\n\n\n<p>Bu \u00f6d\u00fcller engelli dostu \u015fehirlerin tan\u0131nmas\u0131n\u0131 ve di\u011fer kentlerin bu \u00f6rneklerden ilham almas\u0131n\u0131 sa\u011flamaktad\u0131r.<\/p>\n\n\n\n<h2 class=\"wp-block-heading\"><span class=\"ez-toc-section\" id=\"Turkiyede_Engelli_Dostu_Sehirler\"><\/span>T\u00fcrkiye\u2019de Engelli Dostu \u015eehirler<span class=\"ez-toc-section-end\"><\/span><\/h2>\n\n\n\n<p>T\u00fcrkiye\u2019de 5 milyondan fazla engelli birey ya\u015famaktad\u0131r ve bu ki\u015filerin sosyal hayata kat\u0131l\u0131m\u0131 konusunda h\u00e2l\u00e2 bir\u00e7ok eksik bulunmaktad\u0131r. Ancak baz\u0131 \u015fehirler bu alanda \u00f6nemli ad\u0131mlar atarak engelli dostu \u015fehirler aras\u0131nda yer almaya ba\u015flam\u0131\u015ft\u0131r. \u00d6rne\u011fin, Isparta, Ankara, Bolu, \u0130stanbul, Yalova, Eski\u015fehir, \u0130zmir, Kocaeli, Bilecik ve \u00c7anakkale bu konuda \u00f6ne \u00e7\u0131kan \u015fehirler aras\u0131ndad\u0131r.<\/p>\n\n\n\n<p><a href=\"https:\/\/evdebakimparasimaasi.com\/blog\/engelli-bakim-maasi-hesaplama\/\">Engelli <\/a>dostu \u015fehir \u00f6zellikleri aras\u0131nda, kamusal alanlar\u0131n engelsiz d\u00fczenlenmesi, toplu ta\u015f\u0131ma sistemlerinin eri\u015filebilir hale getirilmesi ve sosyal hizmetlerin engelli bireylerin ihtiya\u00e7lar\u0131na uygun \u015fekilde sunulmas\u0131 yer almaktad\u0131r. T\u00fcrkiye\u2019de bu alanlarda yap\u0131lan \u00e7al\u0131\u015fmalar giderek artmakta, ancak h\u00e2l\u00e2 yap\u0131lmas\u0131 gereken \u00e7ok \u015fey oldu\u011fu bir ger\u00e7ektir.<\/p>\n\n\n\n<h2 class=\"wp-block-heading\"><span class=\"ez-toc-section\" id=\"Erisilebilir_Kent_Protokolu\"><\/span>Eri\u015filebilir Kent Protokol\u00fc<span class=\"ez-toc-section-end\"><\/span><\/h2>\n\n\n\n<p>T\u00fcrkiye&#8217;de engelli bireylerin ya\u015fam\u0131n\u0131 kolayla\u015ft\u0131rmak amac\u0131yla hayata ge\u00e7irilen \u00f6nemli projelerden biri de Eri\u015filebilir Kent Protokol\u00fc\u2019d\u00fcr. <a href=\"https:\/\/www.engellilerkonfederasyonu.org.tr\/\" rel=\"nofollow noopener\" target=\"_blank\">Engelliler Konfederasyonu<\/a> ve T\u00fcrkiye Engelliler Meclisi taraf\u0131ndan haz\u0131rlanan bu protokol, 31 Mart 2019 yerel se\u00e7imlerinde belediye ba\u015fkan adaylar\u0131na sunulmu\u015f ve \u015fehirlerin engelsiz hale getirilmesi konusunda bir \u00e7a\u011fr\u0131 yap\u0131lm\u0131\u015ft\u0131r. \u201cEngelleri kald\u0131rmak bir imza ile m\u00fcmk\u00fcn\u201d mottosuyla yola \u00e7\u0131kan bu giri\u015fim, belediyelere engelli bireyler i\u00e7in kapsay\u0131c\u0131 projeler geli\u015ftirme \u00e7a\u011fr\u0131s\u0131nda bulunmu\u015ftur.<\/p>\n\n\n\n<figure class=\"wp-block-image size-full\"><img decoding=\"async\" width=\"1000\" height=\"667\" src=\"https:\/\/evdebakimparasimaasi.com\/blog\/wp-content\/uploads\/2025\/01\/Engelli-Dostu-Sehir3.jpg\" alt=\"\" class=\"wp-image-3421\"\/><\/figure>\n\n\n\n<h2 class=\"wp-block-heading\"><span class=\"ez-toc-section\" id=\"Engelli_Dostu_Sehirlerin_Ozellikleri\"><\/span>Engelli Dostu \u015eehirlerin \u00d6zellikleri<span class=\"ez-toc-section-end\"><\/span><\/h2>\n\n\n\n<p><strong>Engelli dostu \u015fehir \u00f6zellikleri<\/strong>, bireylerin g\u00fcnl\u00fck ya\u015famlar\u0131n\u0131 kolayla\u015ft\u0131ran pek \u00e7ok unsuru i\u00e7ermektedir. Bu \u00f6zelliklerden baz\u0131lar\u0131 \u015funlard\u0131r:<\/p>\n\n\n\n<ul class=\"wp-block-list\">\n<li>Eri\u015filebilir Ula\u015f\u0131m: Toplu ta\u015f\u0131ma ara\u00e7lar\u0131, istasyonlar ve duraklar engelli bireylerin kullan\u0131m\u0131na uygun \u015fekilde tasarlan\u0131r. Rampalar, asans\u00f6rler ve g\u00f6rme engelliler i\u00e7in k\u0131lavuz yollar gibi unsurlar, bu alanlarda yayg\u0131n olarak kullan\u0131l\u0131r.<\/li>\n\n\n\n<li>Engelsiz Altyap\u0131: Kald\u0131r\u0131mlar, yollar ve kamuya a\u00e7\u0131k alanlar, tekerlekli sandalye kullan\u0131c\u0131lar\u0131 ve di\u011fer engelli bireyler i\u00e7in engelsiz hale getirilir.<\/li>\n\n\n\n<li>Engelli Dostu Hizmetler: Sa\u011fl\u0131k, e\u011fitim ve istihdam alanlar\u0131nda engelli bireylere y\u00f6nelik \u00f6zel hizmetler sunulur. \u00d6rne\u011fin istihdam destek programlar\u0131 ve eri\u015filebilir e\u011fitim f\u0131rsatlar\u0131 bu kapsamda de\u011ferlendirilebilir.<\/li>\n\n\n\n<li>Toplumsal Fark\u0131ndal\u0131k: Engellilik konusunda toplumun bilin\u00e7lenmesi i\u00e7in fark\u0131ndal\u0131k kampanyalar\u0131 ve e\u011fitim programlar\u0131 d\u00fczenlenir.<\/li>\n<\/ul>\n\n\n\n<figure class=\"wp-block-image size-large\"><img decoding=\"async\" width=\"1024\" height=\"733\" src=\"https:\/\/evdebakimparasimaasi.com\/blog\/wp-content\/uploads\/2025\/01\/Engelli-Dostu-Sehir2-1024x733.jpg\" alt=\"\" class=\"wp-image-3422\"\/><\/figure>\n\n\n\n<h2 class=\"wp-block-heading\"><span class=\"ez-toc-section\" id=\"Gelecekte_Daha_Engelsiz_Sehirler\"><\/span>Gelecekte Daha Engelsiz \u015eehirler<span class=\"ez-toc-section-end\"><\/span><\/h2>\n\n\n\n<p>T\u00fcrkiye\u2019de engelli dostu \u015fehirler olu\u015fturma konusunda artan bir fark\u0131ndal\u0131k mevcuttur. Bu fark\u0131ndal\u0131k, \u015fehirlerin sadece fiziksel de\u011fil, ayn\u0131 zamanda sosyal ve ekonomik anlamda da daha kapsay\u0131c\u0131 hale gelmesini sa\u011flamaktad\u0131r. Ancak bu hedeflere ula\u015fmak i\u00e7in uzun vadeli planlamalar, toplumun t\u00fcm kesimlerinin deste\u011fi ve kararl\u0131 bir yakla\u015f\u0131m gerekmektedir.<\/p>\n\n\n\n<p><strong>Engelli dostu \u015fehir nedir<\/strong> sorusuna verilecek yan\u0131t herkes i\u00e7in e\u015fit ya\u015fam ko\u015fullar\u0131n\u0131n sa\u011fland\u0131\u011f\u0131 bir \u015fehir modeli olacakt\u0131r. Bu anlay\u0131\u015f\u0131n yayg\u0131nla\u015fmas\u0131, hem engelli bireyler hem de toplumun geneli i\u00e7in daha iyi bir gelecek anlam\u0131na gelir. Engellerin ortadan kalkt\u0131\u011f\u0131, eri\u015filebilir ve kapsay\u0131c\u0131 \u015fehirler yaratmak i\u00e7in \u00e7al\u0131\u015fmalar\u0131n artarak devam etmesi gerekmektedir.<\/p>\n","protected":false},"excerpt":{"rendered":"<p>Engelli dostu \u015fehir engelli bireylerin g\u00fcnl\u00fck ya\u015famlar\u0131n\u0131 kolayla\u015ft\u0131rmay\u0131, topluma tam anlam\u0131yla kat\u0131lmalar\u0131n\u0131 sa\u011flamay\u0131 ve ya\u015fam kalitelerini art\u0131rmay\u0131 hedefleyen bir \u015fehir anlay\u0131\u015f\u0131d\u0131r. Bu t\u00fcr \u015fehirlerde engellilerin&#46;&#46;&#46;<\/p>\n","protected":false},"author":2,"featured_media":3423,"comment_status":"open","ping_status":"open","sticky":false,"template":"","format":"standard","meta":{"footnotes":""},"categories":[8],"tags":[],"class_list":["post-3419","post","type-post","status-publish","format-standard","has-post-thumbnail","hentry","category-bilgi"],"_links":{"self":[{"href":"https:\/\/evdebakimparasimaasi.com\/blog\/wp-json\/wp\/v2\/posts\/3419","targetHints":{"allow":["GET"]}}],"collection":[{"href":"https:\/\/evdebakimparasimaasi.com\/blog\/wp-json\/wp\/v2\/posts"}],"about":[{"href":"https:\/\/evdebakimparasimaasi.com\/blog\/wp-json\/wp\/v2\/types\/post"}],"author":[{"embeddable":true,"href":"https:\/\/evdebakimparasimaasi.com\/blog\/wp-json\/wp\/v2\/users\/2"}],"replies":[{"embeddable":true,"href":"https:\/\/evdebakimparasimaasi.com\/blog\/wp-json\/wp\/v2\/comments?post=3419"}],"version-history":[{"count":1,"href":"https:\/\/evdebakimparasimaasi.com\/blog\/wp-json\/wp\/v2\/posts\/3419\/revisions"}],"predecessor-version":[{"id":3721,"href":"https:\/\/evdebakimparasimaasi.com\/blog\/wp-json\/wp\/v2\/posts\/3419\/revisions\/3721"}],"wp:featuredmedia":[{"embeddable":true,"href":"https:\/\/evdebakimparasimaasi.com\/blog\/wp-json\/wp\/v2\/media\/3423"}],"wp:attachment":[{"href":"https:\/\/evdebakimparasimaasi.com\/blog\/wp-json\/wp\/v2\/media?parent=3419"}],"wp:term":[{"taxonomy":"category","embeddable":true,"href":"https:\/\/evdebakimparasimaasi.com\/blog\/wp-json\/wp\/v2\/categories?post=3419"},{"taxonomy":"post_tag","embeddable":true,"href":"https:\/\/evdebakimparasimaasi.com\/blog\/wp-json\/wp\/v2\/tags?post=3419"}],"curies":[{"name":"wp","href":"https:\/\/api.w.org\/{rel}","templated":true}]}}