{"id":3425,"date":"2025-01-21T21:16:13","date_gmt":"2025-01-21T18:16:13","guid":{"rendered":"https:\/\/evdebakimparasimaasi.com\/blog\/?p=3425"},"modified":"2025-02-23T14:39:50","modified_gmt":"2025-02-23T11:39:50","slug":"engellilere-ev-alirken-indirim","status":"publish","type":"post","link":"https:\/\/evdebakimparasimaasi.com\/blog\/engellilere-ev-alirken-indirim\/","title":{"rendered":"Engellilere Ev Al\u0131rken \u0130ndirim Yap\u0131l\u0131yor mu?"},"content":{"rendered":"\n<p>Engelli bireyler i\u00e7in hayat\u0131 kolayla\u015ft\u0131ran pek \u00e7ok sosyal destek bulunmaktad\u0131r. Bunlar\u0131n aras\u0131nda \u00f6zellikle konut al\u0131mlar\u0131 s\u0131ras\u0131nda sunulan <strong>engellilere ev al\u0131rken indirim<\/strong> deste\u011fi dikkat \u00e7eker. Bu avantaj sayesinde engelli bireyler ekonomik ko\u015fullarda ev sahibi olabilir ve daha rahat bir ya\u015fam alan\u0131na kavu\u015fabilir. Ancak bu f\u0131rsatlardan yararlanabilmek i\u00e7in belirli kriterlerin sa\u011flanmas\u0131 ve prosed\u00fcrlerin do\u011fru bir \u015fekilde takip edilmesi gerekir.<\/p>\n\n\n\n<div id=\"ez-toc-container\" class=\"ez-toc-v2_0_82_2 counter-hierarchy ez-toc-counter ez-toc-grey ez-toc-container-direction\">\n<div class=\"ez-toc-title-container\">\n<p class=\"ez-toc-title\" style=\"cursor:inherit\">\u0130\u00e7indekiler<\/p>\n<span class=\"ez-toc-title-toggle\"><a href=\"#\" class=\"ez-toc-pull-right ez-toc-btn ez-toc-btn-xs ez-toc-btn-default ez-toc-toggle\" aria-label=\"\u0130\u00e7indekiler Tablosunu A\u00e7\/Kapat\"><span class=\"ez-toc-js-icon-con\"><span class=\"\"><span class=\"eztoc-hide\" style=\"display:none;\">Toggle<\/span><span class=\"ez-toc-icon-toggle-span\"><svg style=\"fill: #999;color:#999\" xmlns=\"http:\/\/www.w3.org\/2000\/svg\" class=\"list-377408\" width=\"20px\" height=\"20px\" viewBox=\"0 0 24 24\" fill=\"none\"><path d=\"M6 6H4v2h2V6zm14 0H8v2h12V6zM4 11h2v2H4v-2zm16 0H8v2h12v-2zM4 16h2v2H4v-2zm16 0H8v2h12v-2z\" fill=\"currentColor\"><\/path><\/svg><svg style=\"fill: #999;color:#999\" class=\"arrow-unsorted-368013\" xmlns=\"http:\/\/www.w3.org\/2000\/svg\" width=\"10px\" height=\"10px\" viewBox=\"0 0 24 24\" version=\"1.2\" baseProfile=\"tiny\"><path d=\"M18.2 9.3l-6.2-6.3-6.2 6.3c-.2.2-.3.4-.3.7s.1.5.3.7c.2.2.4.3.7.3h11c.3 0 .5-.1.7-.3.2-.2.3-.5.3-.7s-.1-.5-.3-.7zM5.8 14.7l6.2 6.3 6.2-6.3c.2-.2.3-.5.3-.7s-.1-.5-.3-.7c-.2-.2-.4-.3-.7-.3h-11c-.3 0-.5.1-.7.3-.2.2-.3.5-.3.7s.1.5.3.7z\"\/><\/svg><\/span><\/span><\/span><\/a><\/span><\/div>\n<nav><ul class='ez-toc-list ez-toc-list-level-1 ' ><li class='ez-toc-page-1 ez-toc-heading-level-2'><a class=\"ez-toc-link ez-toc-heading-1\" href=\"https:\/\/evdebakimparasimaasi.com\/blog\/engellilere-ev-alirken-indirim\/#Engellilere_Ev_Alirken_Uygulanan_Indirimler\" >Engellilere Ev Al\u0131rken Uygulanan \u0130ndirimler<\/a><\/li><li class='ez-toc-page-1 ez-toc-heading-level-2'><a class=\"ez-toc-link ez-toc-heading-2\" href=\"https:\/\/evdebakimparasimaasi.com\/blog\/engellilere-ev-alirken-indirim\/#Engelliye_Ev_Alirken_Indirim_Sartlari\" >Engelliye Ev Al\u0131rken \u0130ndirim \u015eartlar\u0131<\/a><\/li><li class='ez-toc-page-1 ez-toc-heading-level-2'><a class=\"ez-toc-link ez-toc-heading-3\" href=\"https:\/\/evdebakimparasimaasi.com\/blog\/engellilere-ev-alirken-indirim\/#Engellilere_Saglanan_Su_Faturasi_Indirimi\" >Engellilere Sa\u011flanan Su Faturas\u0131 \u0130ndirimi<\/a><\/li><li class='ez-toc-page-1 ez-toc-heading-level-2'><a class=\"ez-toc-link ez-toc-heading-4\" href=\"https:\/\/evdebakimparasimaasi.com\/blog\/engellilere-ev-alirken-indirim\/#Arac_Aliminda_Engelli_Indirimi\" >Ara\u00e7 Al\u0131m\u0131nda Engelli \u0130ndirimi<\/a><\/li><li class='ez-toc-page-1 ez-toc-heading-level-2'><a class=\"ez-toc-link ez-toc-heading-5\" href=\"https:\/\/evdebakimparasimaasi.com\/blog\/engellilere-ev-alirken-indirim\/#Engelli_Calisanlar_ve_Vergi_Indirimi\" >Engelli \u00c7al\u0131\u015fanlar ve Vergi \u0130ndirimi<\/a><\/li><li class='ez-toc-page-1 ez-toc-heading-level-2'><a class=\"ez-toc-link ez-toc-heading-6\" href=\"https:\/\/evdebakimparasimaasi.com\/blog\/engellilere-ev-alirken-indirim\/#Engelli_Cocugu_Olan_Aileler_Icin_Vergi_Indirimi\" >Engelli \u00c7ocu\u011fu Olan Aileler \u0130\u00e7in Vergi \u0130ndirimi<\/a><\/li><li class='ez-toc-page-1 ez-toc-heading-level-2'><a class=\"ez-toc-link ez-toc-heading-7\" href=\"https:\/\/evdebakimparasimaasi.com\/blog\/engellilere-ev-alirken-indirim\/#Telefon_ve_Elektrik_Faturalarinda_Engelli_Indirimi\" >Telefon ve Elektrik Faturalar\u0131nda Engelli \u0130ndirimi<\/a><\/li><\/ul><\/nav><\/div>\n<h2 class=\"wp-block-heading\"><span class=\"ez-toc-section\" id=\"Engellilere_Ev_Alirken_Uygulanan_Indirimler\"><\/span>Engellilere Ev Al\u0131rken Uygulanan \u0130ndirimler<span class=\"ez-toc-section-end\"><\/span><\/h2>\n\n\n\n<p>Konut sahibi olmak isteyen engelli bireyler i\u00e7in <strong>engelliye ev indirimi<\/strong> b\u00fcy\u00fck bir kolayl\u0131k sa\u011flamaktad\u0131r. Ancak bu indirimden yararlanmak i\u00e7in al\u0131nacak konutun b\u00fcy\u00fckl\u00fc\u011f\u00fc \u00f6nem ta\u015f\u0131r. T\u00fcrkiye\u2019de ge\u00e7erli d\u00fczenlemelere g\u00f6re 200 metrekarenin alt\u0131ndaki konutlar i\u00e7in emlak vergisinden muafiyet sa\u011flanmaktad\u0131r. E\u011fer sat\u0131n al\u0131nacak ev bu \u00f6l\u00e7\u00fcn\u00fcn \u00fczerindeyse indirim hakk\u0131 ge\u00e7erli olmayabilir.<\/p>\n\n\n\n<figure class=\"wp-block-image size-large\"><img fetchpriority=\"high\" decoding=\"async\" width=\"1024\" height=\"658\" src=\"https:\/\/evdebakimparasimaasi.com\/blog\/wp-content\/uploads\/2025\/01\/engellilere-ev-alirken-indirim-4-1024x658.jpg\" alt=\"\" class=\"wp-image-3426\"\/><\/figure>\n\n\n\n<p>Engelli bireylerin indirimden faydalanabilmeleri i\u00e7in emlak i\u015flemleri s\u0131ras\u0131nda <a href=\"https:\/\/www.turkiye.gov.tr\/ashb-engelliler-icin-kimlik-karti-basvurusu\" rel=\"nofollow noopener\" target=\"_blank\">engelli kimlik<\/a> kartlar\u0131n\u0131 ya da sa\u011fl\u0131k raporlar\u0131n\u0131 ilgili birimlere sunmalar\u0131 gerekir. \u0130lgili belgeler sunulmad\u0131\u011f\u0131 takdirde avantajlardan yararlanma imk\u00e2n\u0131 ortadan kalkabilir. Bu nedenle ev al\u0131m s\u00fcrecinde belgelerin eksiksiz olmas\u0131 olduk\u00e7a \u00f6nemlidir.<\/p>\n\n\n\n<h2 class=\"wp-block-heading\"><span class=\"ez-toc-section\" id=\"Engelliye_Ev_Alirken_Indirim_Sartlari\"><\/span>Engelliye Ev Al\u0131rken \u0130ndirim \u015eartlar\u0131<span class=\"ez-toc-section-end\"><\/span><\/h2>\n\n\n\n<p>Engelli bireyler i\u00e7in sunulan emlak vergisi muafiyetinden yararlanmak ad\u0131na baz\u0131 kriterlere uyulmas\u0131 gerekir:<\/p>\n\n\n\n<ul class=\"wp-block-list\">\n<li><strong>Engelli i\u00e7in ev indirimi<\/strong> kapsam\u0131nda de\u011ferlendirilen konutlar en fazla 200 metrekare olmal\u0131d\u0131r.<\/li>\n\n\n\n<li>\u0130ndirimden faydalanmak isteyen bireyler %40 ve \u00fczeri engel oran\u0131n\u0131 belgeleyen sa\u011fl\u0131k raporuna sahip olmal\u0131d\u0131r.<\/li>\n\n\n\n<li>Engelli bireyin ad\u0131na kay\u0131tl\u0131 ba\u015fka bir konut bulunmamas\u0131 \u00f6nemlidir.<\/li>\n<\/ul>\n\n\n\n<p>\u0130ndirim hakk\u0131nda detayl\u0131 bilgi almak isteyenler, Aile ve Sosyal Hizmetler Bakanl\u0131\u011f\u0131\u2019na ba\u015fvurabilir ya da belediyelerden rehberlik hizmeti talep edebilir.<\/p>\n\n\n\n<h2 class=\"wp-block-heading\"><span class=\"ez-toc-section\" id=\"Engellilere_Saglanan_Su_Faturasi_Indirimi\"><\/span>Engellilere Sa\u011flanan Su Faturas\u0131 \u0130ndirimi<span class=\"ez-toc-section-end\"><\/span><\/h2>\n\n\n\n<p>Ev al\u0131m\u0131 d\u0131\u015f\u0131nda engelli bireyler su faturalar\u0131nda da \u00f6nemli oranlarda indirimlerden faydalanabilir. <strong>Engelliler i\u00e7in ev indirimleri<\/strong> gibi bu avantajdan yararlanmak i\u00e7in de en az %40 oran\u0131nda bir engel raporu gereklidir. \u0130ndirim ba\u015fvurusu belediyelere ya da sosyal hizmet birimlerine yap\u0131labilir. Ba\u015fvuru onayland\u0131\u011f\u0131nda, su faturas\u0131 deste\u011fi d\u00fczenli olarak sa\u011flan\u0131r.<\/p>\n\n\n\n<p>Bu destek genellikle hanede ya\u015fayan ki\u015fi say\u0131s\u0131na g\u00f6re de\u011fi\u015fiklik g\u00f6sterir ve her y\u0131l g\u00fcncellenen oranlar \u00fczerinden hesaplan\u0131r. Engelli bireylerin bu destekten yararlanabilmesi i\u00e7in mutlaka ba\u015fvuruda bulunmalar\u0131 ve ilgili belgeleri eksiksiz teslim etmeleri gerekmektedir.<\/p>\n\n\n\n<h2 class=\"wp-block-heading\"><span class=\"ez-toc-section\" id=\"Arac_Aliminda_Engelli_Indirimi\"><\/span>Ara\u00e7 Al\u0131m\u0131nda Engelli \u0130ndirimi<span class=\"ez-toc-section-end\"><\/span><\/h2>\n\n\n\n<p>Engelli bireylerin bir di\u011fer \u00f6nemli avantaj\u0131 ise ara\u00e7 al\u0131m\u0131nda sa\u011flanan indirimlerdir. \u00d6zel T\u00fcketim Vergisi (\u00d6TV) muafiyeti, engelli vatanda\u015flar\u0131n ara\u00e7 al\u0131m\u0131n\u0131 kolayla\u015ft\u0131rmaktad\u0131r. Bu kapsamda, s\u0131f\u0131r kilometre ara\u00e7 sat\u0131n al\u0131mlar\u0131nda %100 <a href=\"https:\/\/evdebakimparasimaasi.com\/blog\/otv-muafiyeti-ile-yeni-engelli-arac-alim-sartlari-2025\/\">\u00d6TV<\/a> indirimi uygulan\u0131r. Ancak bu indirim yaln\u0131zca %40 ve \u00fczeri engel raporu olan bireyler i\u00e7in ge\u00e7erlidir.<\/p>\n\n\n\n<p>Ara\u00e7 al\u0131m\u0131nda dikkat edilmesi gereken bir di\u011fer husus, sat\u0131n al\u0131nan arac\u0131n engelli bireyin kullan\u0131m\u0131na uygun ekipmanlarla donat\u0131lmas\u0131d\u0131r. Bu d\u00fczenleme hem kanuni bir zorunluluk hem de engelli bireyin konforunu art\u0131rmak ad\u0131na \u00f6nemli bir detayd\u0131r.<\/p>\n\n\n\n<figure class=\"wp-block-image size-large\"><img decoding=\"async\" width=\"1024\" height=\"683\" src=\"https:\/\/evdebakimparasimaasi.com\/blog\/wp-content\/uploads\/2025\/01\/engellilere-ev-alirken-indirim-3-1024x683.jpg\" alt=\"\" class=\"wp-image-3427\"\/><\/figure>\n\n\n\n<h2 class=\"wp-block-heading\"><span class=\"ez-toc-section\" id=\"Engelli_Calisanlar_ve_Vergi_Indirimi\"><\/span>Engelli \u00c7al\u0131\u015fanlar ve Vergi \u0130ndirimi<span class=\"ez-toc-section-end\"><\/span><\/h2>\n\n\n\n<p>\u00c7al\u0131\u015fan engelliler de vergi indirimi avantaj\u0131ndan yararlanabilir. Bu indirim, maa\u015flardan al\u0131nan gelir vergisini azaltarak engelli bireylerin ekonomik y\u00fck\u00fcn\u00fc hafifletir. Vergi indirimi oran\u0131 ki\u015finin engel durumuna ba\u011fl\u0131 olarak farkl\u0131l\u0131k g\u00f6sterebilir ve i\u015fverenin vergi beyannamesi \u00fczerinden uygulan\u0131r.<\/p>\n\n\n\n<h2 class=\"wp-block-heading\"><span class=\"ez-toc-section\" id=\"Engelli_Cocugu_Olan_Aileler_Icin_Vergi_Indirimi\"><\/span>Engelli \u00c7ocu\u011fu Olan Aileler \u0130\u00e7in Vergi \u0130ndirimi<span class=\"ez-toc-section-end\"><\/span><\/h2>\n\n\n\n<p>Engelli bireylerin yaln\u0131zca kendileri de\u011fil, ayn\u0131 zamanda engelli \u00e7ocu\u011fu bulunan ebeveynleri de vergi indirimi avantajlar\u0131ndan faydalanabilir. Ancak bu indirimden yararlanmak i\u00e7in engelli \u00e7ocu\u011fun 18 ya\u015f\u0131n alt\u0131nda olmas\u0131 ve engel durumunu belgeleyen bir raporun sunulmas\u0131 gereklidir.<\/p>\n\n\n\n<h2 class=\"wp-block-heading\"><span class=\"ez-toc-section\" id=\"Telefon_ve_Elektrik_Faturalarinda_Engelli_Indirimi\"><\/span>Telefon ve Elektrik Faturalar\u0131nda Engelli \u0130ndirimi<span class=\"ez-toc-section-end\"><\/span><\/h2>\n\n\n\n<p>Engelli bireyler belirli oranlarda telefon ve elektrik faturas\u0131 indirimlerinden yararlanabilir. Telefon faturas\u0131 indirimleri genellikle %30 oran\u0131nda olup, yaln\u0131zca bir aile bireyi i\u00e7in ge\u00e7erlidir. Elektrik faturas\u0131 indirimi ise hanede ya\u015fayan ki\u015fi say\u0131s\u0131na g\u00f6re de\u011fi\u015fiklik g\u00f6sterir ve ba\u015fvuru yap\u0131lmad\u0131k\u00e7a aktif edilmez.<\/p>\n\n\n\n<p>Ba\u015fvuru s\u0131ras\u0131nda engelli kimlik kart\u0131, engel raporu ve ikametgah bilgileri gibi belgelerin eksiksiz sunulmas\u0131 \u015fartt\u0131r. Onaylanan ba\u015fvurular\u0131n ard\u0131ndan indirim bir sonraki fatura d\u00f6neminde uygulanmaya ba\u015flar.<\/p>\n\n\n\n<figure class=\"wp-block-image size-large\"><img decoding=\"async\" width=\"1024\" height=\"744\" src=\"https:\/\/evdebakimparasimaasi.com\/blog\/wp-content\/uploads\/2025\/01\/engellilere-ev-alirken-indirim-2-1024x744.jpg\" alt=\"\" class=\"wp-image-3428\"\/><\/figure>\n\n\n\n<p><strong>Engelliye ev al\u0131rken indirim<\/strong> ve di\u011fer sosyal destekler engelli bireylerin ya\u015fam ko\u015fullar\u0131n\u0131 iyile\u015ftirmeyi hedeflemektedir. Emlak vergisi muafiyetinden su faturas\u0131 deste\u011fine ara\u00e7 al\u0131m\u0131nda \u00d6TV indirimi avantaj\u0131ndan elektrik faturas\u0131 indirimine kadar sunulan bu kolayl\u0131klar bireylerin daha ekonomik \u015fartlarda ya\u015famlar\u0131n\u0131 s\u00fcrd\u00fcrmelerine olanak tan\u0131r. Bu desteklerden faydalanmak i\u00e7in gerekli belgelerin eksiksiz bir \u015fekilde haz\u0131rlanmas\u0131 ve ilgili birimlere ba\u015fvurulmas\u0131 yeterlidir. Engelli bireyler ve aileleri, bu haklar\u0131ndan yararlanarak hem ekonomik hem de sosyal anlamda daha rahat bir ya\u015fam s\u00fcrebilir.<\/p>\n","protected":false},"excerpt":{"rendered":"<p>Engelli bireyler i\u00e7in hayat\u0131 kolayla\u015ft\u0131ran pek \u00e7ok sosyal destek bulunmaktad\u0131r. Bunlar\u0131n aras\u0131nda \u00f6zellikle konut al\u0131mlar\u0131 s\u0131ras\u0131nda sunulan engellilere ev al\u0131rken indirim deste\u011fi dikkat \u00e7eker. Bu&#46;&#46;&#46;<\/p>\n","protected":false},"author":2,"featured_media":3429,"comment_status":"open","ping_status":"open","sticky":false,"template":"","format":"standard","meta":{"footnotes":""},"categories":[8],"tags":[],"class_list":["post-3425","post","type-post","status-publish","format-standard","has-post-thumbnail","hentry","category-bilgi"],"_links":{"self":[{"href":"https:\/\/evdebakimparasimaasi.com\/blog\/wp-json\/wp\/v2\/posts\/3425","targetHints":{"allow":["GET"]}}],"collection":[{"href":"https:\/\/evdebakimparasimaasi.com\/blog\/wp-json\/wp\/v2\/posts"}],"about":[{"href":"https:\/\/evdebakimparasimaasi.com\/blog\/wp-json\/wp\/v2\/types\/post"}],"author":[{"embeddable":true,"href":"https:\/\/evdebakimparasimaasi.com\/blog\/wp-json\/wp\/v2\/users\/2"}],"replies":[{"embeddable":true,"href":"https:\/\/evdebakimparasimaasi.com\/blog\/wp-json\/wp\/v2\/comments?post=3425"}],"version-history":[{"count":1,"href":"https:\/\/evdebakimparasimaasi.com\/blog\/wp-json\/wp\/v2\/posts\/3425\/revisions"}],"predecessor-version":[{"id":3720,"href":"https:\/\/evdebakimparasimaasi.com\/blog\/wp-json\/wp\/v2\/posts\/3425\/revisions\/3720"}],"wp:featuredmedia":[{"embeddable":true,"href":"https:\/\/evdebakimparasimaasi.com\/blog\/wp-json\/wp\/v2\/media\/3429"}],"wp:attachment":[{"href":"https:\/\/evdebakimparasimaasi.com\/blog\/wp-json\/wp\/v2\/media?parent=3425"}],"wp:term":[{"taxonomy":"category","embeddable":true,"href":"https:\/\/evdebakimparasimaasi.com\/blog\/wp-json\/wp\/v2\/categories?post=3425"},{"taxonomy":"post_tag","embeddable":true,"href":"https:\/\/evdebakimparasimaasi.com\/blog\/wp-json\/wp\/v2\/tags?post=3425"}],"curies":[{"name":"wp","href":"https:\/\/api.w.org\/{rel}","templated":true}]}}