{"id":3431,"date":"2025-01-22T21:55:59","date_gmt":"2025-01-22T18:55:59","guid":{"rendered":"https:\/\/evdebakimparasimaasi.com\/blog\/?p=3431"},"modified":"2025-02-23T14:39:49","modified_gmt":"2025-02-23T11:39:49","slug":"malulen-emeklilik-2025-ne-kadar-oldu","status":"publish","type":"post","link":"https:\/\/evdebakimparasimaasi.com\/blog\/malulen-emeklilik-2025-ne-kadar-oldu\/","title":{"rendered":"Malulen Emeklilik 2025 Ne Kadar Oldu?"},"content":{"rendered":"\n<p>Malulen emeklilik sigortal\u0131 \u00e7al\u0131\u015fanlar\u0131n i\u015fe ba\u015flad\u0131ktan sonra \u00e7al\u0131\u015fma kapasitelerinde ciddi bir kay\u0131p ya\u015famalar\u0131 durumunda devreye giren \u00f6zel bir emeklilik t\u00fcr\u00fcd\u00fcr. Bu t\u00fcr bir emeklilik, \u00e7al\u0131\u015fanlar\u0131n sa\u011fl\u0131k sorunlar\u0131, meslek hastal\u0131klar\u0131 veya i\u015f kazalar\u0131 nedeniyle i\u015f g\u00fcc\u00fcnde en az %60 oran\u0131nda kay\u0131p ya\u015fad\u0131klar\u0131n\u0131n belgelenmesi halinde uygulanmaktad\u0131r. <strong>Malulen emeklilik maa\u015f\u0131<\/strong> bu durumda ma\u011fduriyet ya\u015fayan bireylerin sosyal ve ekonomik a\u00e7\u0131dan desteklenmesini ama\u00e7layan \u00f6nemli bir sosyal g\u00fcvenlik hakk\u0131d\u0131r. Bu sistem, sigortal\u0131 bireylerin \u00e7al\u0131\u015fma kapasitelerindeki kay\u0131p nedeniyle i\u015flerini s\u00fcrd\u00fcrememeleri ya da ba\u015fka bir i\u015f bulmalar\u0131n\u0131n zorla\u015fmas\u0131 durumunda devreye girer.<\/p>\n\n\n\n<div id=\"ez-toc-container\" class=\"ez-toc-v2_0_82_2 counter-hierarchy ez-toc-counter ez-toc-grey ez-toc-container-direction\">\n<div class=\"ez-toc-title-container\">\n<p class=\"ez-toc-title\" style=\"cursor:inherit\">\u0130\u00e7indekiler<\/p>\n<span class=\"ez-toc-title-toggle\"><a href=\"#\" class=\"ez-toc-pull-right ez-toc-btn ez-toc-btn-xs ez-toc-btn-default ez-toc-toggle\" aria-label=\"\u0130\u00e7indekiler Tablosunu A\u00e7\/Kapat\"><span class=\"ez-toc-js-icon-con\"><span class=\"\"><span class=\"eztoc-hide\" style=\"display:none;\">Toggle<\/span><span class=\"ez-toc-icon-toggle-span\"><svg style=\"fill: #999;color:#999\" xmlns=\"http:\/\/www.w3.org\/2000\/svg\" class=\"list-377408\" width=\"20px\" height=\"20px\" viewBox=\"0 0 24 24\" fill=\"none\"><path d=\"M6 6H4v2h2V6zm14 0H8v2h12V6zM4 11h2v2H4v-2zm16 0H8v2h12v-2zM4 16h2v2H4v-2zm16 0H8v2h12v-2z\" fill=\"currentColor\"><\/path><\/svg><svg style=\"fill: #999;color:#999\" class=\"arrow-unsorted-368013\" xmlns=\"http:\/\/www.w3.org\/2000\/svg\" width=\"10px\" height=\"10px\" viewBox=\"0 0 24 24\" version=\"1.2\" baseProfile=\"tiny\"><path d=\"M18.2 9.3l-6.2-6.3-6.2 6.3c-.2.2-.3.4-.3.7s.1.5.3.7c.2.2.4.3.7.3h11c.3 0 .5-.1.7-.3.2-.2.3-.5.3-.7s-.1-.5-.3-.7zM5.8 14.7l6.2 6.3 6.2-6.3c.2-.2.3-.5.3-.7s-.1-.5-.3-.7c-.2-.2-.4-.3-.7-.3h-11c-.3 0-.5.1-.7.3-.2.2-.3.5-.3.7s.1.5.3.7z\"\/><\/svg><\/span><\/span><\/span><\/a><\/span><\/div>\n<nav><ul class='ez-toc-list ez-toc-list-level-1 ' ><li class='ez-toc-page-1 ez-toc-heading-level-2'><a class=\"ez-toc-link ez-toc-heading-1\" href=\"https:\/\/evdebakimparasimaasi.com\/blog\/malulen-emeklilik-2025-ne-kadar-oldu\/#Malulen_Emeklilik_ile_Engelli_Emeklilik_Arasindaki_Fark\" >Malulen Emeklilik ile Engelli Emeklilik Aras\u0131ndaki Fark<\/a><\/li><li class='ez-toc-page-1 ez-toc-heading-level-2'><a class=\"ez-toc-link ez-toc-heading-2\" href=\"https:\/\/evdebakimparasimaasi.com\/blog\/malulen-emeklilik-2025-ne-kadar-oldu\/#2025_Yili_Malulen_Emeklilik_Sartlari\" >2025 Y\u0131l\u0131 Malulen Emeklilik \u015eartlar\u0131<\/a><\/li><li class='ez-toc-page-1 ez-toc-heading-level-2'><a class=\"ez-toc-link ez-toc-heading-3\" href=\"https:\/\/evdebakimparasimaasi.com\/blog\/malulen-emeklilik-2025-ne-kadar-oldu\/#Malulen_Emeklilik_Icin_Saglik_Raporu\" >Malulen Emeklilik \u0130\u00e7in Sa\u011fl\u0131k Raporu<\/a><\/li><li class='ez-toc-page-1 ez-toc-heading-level-2'><a class=\"ez-toc-link ez-toc-heading-4\" href=\"https:\/\/evdebakimparasimaasi.com\/blog\/malulen-emeklilik-2025-ne-kadar-oldu\/#3600_Gunle_Malulen_Emeklilik\" >3600 G\u00fcnle Malulen Emeklilik<\/a><\/li><li class='ez-toc-page-1 ez-toc-heading-level-2'><a class=\"ez-toc-link ez-toc-heading-5\" href=\"https:\/\/evdebakimparasimaasi.com\/blog\/malulen-emeklilik-2025-ne-kadar-oldu\/#Kadinlar_Icin_Malulen_Emeklilik_Sartlari\" >Kad\u0131nlar \u0130\u00e7in Malulen Emeklilik \u015eartlar\u0131<\/a><\/li><li class='ez-toc-page-1 ez-toc-heading-level-2'><a class=\"ez-toc-link ez-toc-heading-6\" href=\"https:\/\/evdebakimparasimaasi.com\/blog\/malulen-emeklilik-2025-ne-kadar-oldu\/#Basvuru_Sureci_ve_Gerekli_Belgeler\" >Ba\u015fvuru S\u00fcreci ve Gerekli Belgeler<\/a><\/li><li class='ez-toc-page-1 ez-toc-heading-level-2'><a class=\"ez-toc-link ez-toc-heading-7\" href=\"https:\/\/evdebakimparasimaasi.com\/blog\/malulen-emeklilik-2025-ne-kadar-oldu\/#Malulen_Emekli_Maasi_Hesaplama\" >Malulen Emekli Maa\u015f\u0131 Hesaplama<\/a><\/li><li class='ez-toc-page-1 ez-toc-heading-level-2'><a class=\"ez-toc-link ez-toc-heading-8\" href=\"https:\/\/evdebakimparasimaasi.com\/blog\/malulen-emeklilik-2025-ne-kadar-oldu\/#Yeni_Duzenlemeler\" >Yeni D\u00fczenlemeler<\/a><\/li><\/ul><\/nav><\/div>\n<h2 class=\"wp-block-heading\"><span class=\"ez-toc-section\" id=\"Malulen_Emeklilik_ile_Engelli_Emeklilik_Arasindaki_Fark\"><\/span>Malulen Emeklilik ile Engelli Emeklilik Aras\u0131ndaki Fark<span class=\"ez-toc-section-end\"><\/span><\/h2>\n\n\n\n<p>Malulen emeklilik ile engelli emeklilik aras\u0131nda \u00f6nemli farkl\u0131l\u0131klar bulunmaktad\u0131r. <strong>Malulen emeklilik maa\u015f\u0131<\/strong> bireyin i\u015fe ba\u015flad\u0131ktan sonra sa\u011fl\u0131k sorunlar\u0131 nedeniyle \u00e7al\u0131\u015fma kapasitesinin azald\u0131\u011f\u0131 durumlarda devreye girerken, engelli emeklili\u011fi bireyin do\u011fu\u015ftan ya da i\u015fe ba\u015flamadan \u00f6nce sahip oldu\u011fu bir engel durumuna dayal\u0131d\u0131r. Malulen emeklilik, 5510 say\u0131l\u0131 Sosyal Sigortalar ve Genel Sa\u011fl\u0131k Sigortas\u0131 Kanunu\u2019nun 4. B\u00f6l\u00fcm\u00fc ve 25. maddesi uyar\u0131nca d\u00fczenlenmi\u015ftir. Bu kapsamda, bireyin maluliyet durumu, SGK taraf\u0131ndan yetkilendirilen sa\u011fl\u0131k kurullar\u0131nca haz\u0131rlanan raporlar ve ilgili belgeler \u0131\u015f\u0131\u011f\u0131nda de\u011ferlendirilir.<\/p>\n\n\n\n<figure class=\"wp-block-image size-large\"><img fetchpriority=\"high\" decoding=\"async\" width=\"1024\" height=\"725\" src=\"https:\/\/evdebakimparasimaasi.com\/blog\/wp-content\/uploads\/2025\/01\/Malulen-Emeklilik-4-1024x725.jpg\" alt=\"\" class=\"wp-image-3432\"\/><\/figure>\n\n\n\n<h2 class=\"wp-block-heading\"><span class=\"ez-toc-section\" id=\"2025_Yili_Malulen_Emeklilik_Sartlari\"><\/span>2025 Y\u0131l\u0131 Malulen Emeklilik \u015eartlar\u0131<span class=\"ez-toc-section-end\"><\/span><\/h2>\n\n\n\n<p>Malulen <a href=\"https:\/\/evdebakimparasimaasi.com\/blog\/engelli-emeklilik-vergi-indirimi-sartlari-nedir\/\">emekli <\/a>olabilmek i\u00e7in iki temel \u015fart aranmaktad\u0131r:<\/p>\n\n\n\n<ul class=\"wp-block-list\">\n<li><strong>Sigortal\u0131l\u0131k S\u00fcresi ve Prim \u015eart\u0131<\/strong><\/li>\n<\/ul>\n\n\n\n<p>Sigortal\u0131 bireyin en az 10 y\u0131l \u00e7al\u0131\u015fm\u0131\u015f olmas\u0131 ve toplamda 1800 g\u00fcn prim \u00f6demesi gerekmektedir. S\u00fcrekli bir ba\u015fkas\u0131n\u0131n bak\u0131m\u0131na muhta\u00e7 ki\u015filer i\u00e7in bu prim \u015fart\u0131 900 g\u00fcn olarak belirlenmi\u015ftir.<\/p>\n\n\n\n<ul class=\"wp-block-list\">\n<li><strong>Sa\u011fl\u0131k Durumu \u015eart\u0131<\/strong><\/li>\n<\/ul>\n\n\n\n<p>\u00c7al\u0131\u015fma kapasitesinde en az %60 oran\u0131nda kay\u0131p bulunmal\u0131d\u0131r. Bu kay\u0131p, fiziksel, zihinsel veya ruhsal sa\u011fl\u0131k sorunlar\u0131ndan kaynaklanabilir. Sa\u011fl\u0131k kurulu raporuyla bu durumun belgelenmesi zorunludur.<\/p>\n\n\n\n<h2 class=\"wp-block-heading\"><span class=\"ez-toc-section\" id=\"Malulen_Emeklilik_Icin_Saglik_Raporu\"><\/span>Malulen Emeklilik \u0130\u00e7in Sa\u011fl\u0131k Raporu<span class=\"ez-toc-section-end\"><\/span><\/h2>\n\n\n\n<p>Malulen emekli olabilmek i\u00e7in, SGK\u2019n\u0131n yetkilendirdi\u011fi sa\u011fl\u0131k kurumlar\u0131ndan al\u0131nacak sa\u011fl\u0131k raporunda bireyin \u00e7al\u0131\u015fma g\u00fcc\u00fcn\u00fc en az %60 oran\u0131nda kaybetti\u011fi tespit edilmelidir. Bu kay\u0131p oran\u0131, bireyin mevcut i\u015fini ya da herhangi bir i\u015fi yapmas\u0131n\u0131 engelleyecek d\u00fczeyde olmal\u0131d\u0131r.<\/p>\n\n\n\n<h2 class=\"wp-block-heading\"><span class=\"ez-toc-section\" id=\"3600_Gunle_Malulen_Emeklilik\"><\/span>3600 G\u00fcnle Malulen Emeklilik<span class=\"ez-toc-section-end\"><\/span><\/h2>\n\n\n\n<p>2025 itibar\u0131yla 3600 g\u00fcn prim \u00f6deme \u015fart\u0131n\u0131 yerine getiren sigortal\u0131lar, \u00e7al\u0131\u015fma g\u00fcc\u00fcnde en az %60 kay\u0131p ya\u015famalar\u0131 durumunda malulen emekli olabilmektedir. Bu t\u00fcr emeklilikte ya\u015f \u015fart\u0131 aranmaz. Ancak sigortal\u0131l\u0131k s\u00fcresinin en az 10 y\u0131l olmas\u0131 gereklidir. <strong>Malulen emekli maa\u015f\u0131<\/strong>, prim \u00f6deme g\u00fcn say\u0131s\u0131 ve sigortal\u0131l\u0131k s\u00fcresi dikkate al\u0131narak hesaplan\u0131r.<\/p>\n\n\n\n<h2 class=\"wp-block-heading\"><span class=\"ez-toc-section\" id=\"Kadinlar_Icin_Malulen_Emeklilik_Sartlari\"><\/span>Kad\u0131nlar \u0130\u00e7in Malulen Emeklilik \u015eartlar\u0131<span class=\"ez-toc-section-end\"><\/span><\/h2>\n\n\n\n<p>Kad\u0131nlar\u0131n malulen emeklilik ba\u015fvurusunda dikkat etmesi gerekenler \u015funlard\u0131r:<\/p>\n\n\n\n<ul class=\"wp-block-list\">\n<li>Sigortal\u0131l\u0131k s\u00fcresi en az 10 y\u0131l ve 1800 g\u00fcn prim \u00f6denmi\u015f olmal\u0131d\u0131r.<\/li>\n\n\n\n<li>Sa\u011fl\u0131k raporunda \u00e7al\u0131\u015fma g\u00fcc\u00fcn\u00fcn en az %60 oran\u0131nda kaybedildi\u011fi belirtilmelidir.<\/li>\n\n\n\n<li>Ba\u015fvuru evraklar\u0131 eksiksiz haz\u0131rlanmal\u0131 ve SGK\u2019ya sunulmal\u0131d\u0131r.<\/li>\n<\/ul>\n\n\n\n<p>Kad\u0131nlar i\u00e7in bu emeklilik t\u00fcr\u00fc, \u00f6zellikle \u00e7al\u0131\u015fma hayat\u0131nda ya\u015fad\u0131klar\u0131 sa\u011fl\u0131k sorunlar\u0131n\u0131n ard\u0131ndan ekonomik g\u00fcvence sa\u011flayan bir destek mekanizmas\u0131d\u0131r.<\/p>\n\n\n\n<figure class=\"wp-block-image size-large\"><img decoding=\"async\" width=\"1024\" height=\"682\" src=\"https:\/\/evdebakimparasimaasi.com\/blog\/wp-content\/uploads\/2025\/01\/Malulen-Emeklilik-3-1024x682.jpg\" alt=\"\" class=\"wp-image-3433\"\/><\/figure>\n\n\n\n<h2 class=\"wp-block-heading\"><span class=\"ez-toc-section\" id=\"Basvuru_Sureci_ve_Gerekli_Belgeler\"><\/span>Ba\u015fvuru S\u00fcreci ve Gerekli Belgeler<span class=\"ez-toc-section-end\"><\/span><\/h2>\n\n\n\n<p>Malulen emeklilik ba\u015fvurusu, sigortal\u0131n\u0131n ba\u011fl\u0131 oldu\u011fu <a href=\"https:\/\/www.sgk.gov.tr\/Home\/Index2\/\" rel=\"nofollow noopener\" target=\"_blank\">Sosyal G\u00fcvenlik \u0130l M\u00fcd\u00fcrl\u00fc\u011f\u00fc <\/a>veya Merkezine yap\u0131lmaktad\u0131r. Ba\u015fvuru s\u0131ras\u0131nda a\u015fa\u011f\u0131daki belgeler gereklidir:<\/p>\n\n\n\n<ul class=\"wp-block-list\">\n<li>Ba\u015fvuru dilek\u00e7esi<\/li>\n\n\n\n<li>Sigortal\u0131l\u0131k durumunu g\u00f6steren belgeler<\/li>\n\n\n\n<li>Sa\u011fl\u0131k kurulu raporu<\/li>\n\n\n\n<li>Gerekli di\u011fer belgeler (\u00f6rne\u011fin i\u015f kazas\u0131 durumlar\u0131nda kaza tespit tutana\u011f\u0131)<\/li>\n<\/ul>\n\n\n\n<p>Ba\u015fvuru i\u015flemi bizzat yap\u0131labilir ya da posta yoluyla g\u00f6nderilebilir. SGK, ba\u015fvuruyu de\u011ferlendirerek maluliyet durumunun kriterlere uygun olup olmad\u0131\u011f\u0131na karar verir. Ba\u015fvurunun kabul edilmesi halinde bireye <strong>malulen emekli maa\u015f\u0131<\/strong> ba\u011flan\u0131r.<\/p>\n\n\n\n<h2 class=\"wp-block-heading\"><span class=\"ez-toc-section\" id=\"Malulen_Emekli_Maasi_Hesaplama\"><\/span>Malulen Emekli Maa\u015f\u0131 Hesaplama<span class=\"ez-toc-section-end\"><\/span><\/h2>\n\n\n\n<p>Malulen emeklilik maa\u015f\u0131, sigortal\u0131n\u0131n prim \u00f6deme g\u00fcn say\u0131s\u0131, toplam \u00e7al\u0131\u015fma s\u00fcresi ve prime esas kazan\u00e7lar\u0131na g\u00f6re hesaplanmaktad\u0131r. \u00d6zellikle uzun s\u00fcreli \u00e7al\u0131\u015fma ge\u00e7mi\u015fine ve y\u00fcksek prim \u00f6demelerine sahip bireyler, daha y\u00fcksek <strong>malulen emeklilik maa\u015f\u0131<\/strong> alabilir. 2025 itibariyle bu tutar 14.500 TL olmu\u015ftur.<\/p>\n\n\n\n<figure class=\"wp-block-image size-large\"><img decoding=\"async\" width=\"1024\" height=\"648\" src=\"https:\/\/evdebakimparasimaasi.com\/blog\/wp-content\/uploads\/2025\/01\/Malulen-Emeklilik-2-1024x648.jpg\" alt=\"\" class=\"wp-image-3434\"\/><\/figure>\n\n\n\n<h2 class=\"wp-block-heading\"><span class=\"ez-toc-section\" id=\"Yeni_Duzenlemeler\"><\/span>Yeni D\u00fczenlemeler<span class=\"ez-toc-section-end\"><\/span><\/h2>\n\n\n\n<p>2025 itibar\u0131yla s\u00fcrekli bir ba\u015fkas\u0131n\u0131n bak\u0131m\u0131na muhta\u00e7 ki\u015filerin malulen emeklilik \u015fartlar\u0131nda baz\u0131 de\u011fi\u015fiklikler yap\u0131lm\u0131\u015ft\u0131r. Bu bireyler i\u00e7in gerekli olan prim \u00f6deme s\u00fcresi 900 g\u00fcnden 1800 g\u00fcne \u00e7\u0131kar\u0131lm\u0131\u015ft\u0131r. Bu d\u00fczenleme, bireylerin sosyal g\u00fcvenlik sistemi i\u00e7erisinde daha uzun s\u00fcreli bir \u00e7al\u0131\u015fma ge\u00e7mi\u015fine sahip olmalar\u0131n\u0131 hedeflemektedir.<\/p>\n\n\n\n<p>Malulen emeklilik, bireylerin sa\u011fl\u0131k sorunlar\u0131 nedeniyle ekonomik anlamda zor durumda kalmalar\u0131n\u0131 \u00f6nleyen \u00f6nemli bir hakt\u0131r. Ba\u015fvuru s\u00fcrecinde do\u011fru belgelerin eksiksiz bir \u015fekilde haz\u0131rlanmas\u0131 ve gerekli \u015fartlar\u0131n kar\u015f\u0131lanmas\u0131 olduk\u00e7a \u00f6nemlidir. \u00d6zellikle <strong>engelli emekli maa\u015f\u0131<\/strong> ve <strong>malulen emekli maa\u015f\u0131<\/strong> gibi sosyal g\u00fcvenlik destekleri, bireylerin ya\u015fam kalitesini art\u0131rmay\u0131 ve ekonomik ba\u011f\u0131ms\u0131zl\u0131klar\u0131n\u0131 sa\u011flamay\u0131 ama\u00e7lar.<\/p>\n","protected":false},"excerpt":{"rendered":"<p>Malulen emeklilik sigortal\u0131 \u00e7al\u0131\u015fanlar\u0131n i\u015fe ba\u015flad\u0131ktan sonra \u00e7al\u0131\u015fma kapasitelerinde ciddi bir kay\u0131p ya\u015famalar\u0131 durumunda devreye giren \u00f6zel bir emeklilik t\u00fcr\u00fcd\u00fcr. Bu t\u00fcr bir emeklilik, \u00e7al\u0131\u015fanlar\u0131n&#46;&#46;&#46;<\/p>\n","protected":false},"author":2,"featured_media":3435,"comment_status":"open","ping_status":"open","sticky":false,"template":"","format":"standard","meta":{"footnotes":""},"categories":[8],"tags":[],"class_list":["post-3431","post","type-post","status-publish","format-standard","has-post-thumbnail","hentry","category-bilgi"],"_links":{"self":[{"href":"https:\/\/evdebakimparasimaasi.com\/blog\/wp-json\/wp\/v2\/posts\/3431","targetHints":{"allow":["GET"]}}],"collection":[{"href":"https:\/\/evdebakimparasimaasi.com\/blog\/wp-json\/wp\/v2\/posts"}],"about":[{"href":"https:\/\/evdebakimparasimaasi.com\/blog\/wp-json\/wp\/v2\/types\/post"}],"author":[{"embeddable":true,"href":"https:\/\/evdebakimparasimaasi.com\/blog\/wp-json\/wp\/v2\/users\/2"}],"replies":[{"embeddable":true,"href":"https:\/\/evdebakimparasimaasi.com\/blog\/wp-json\/wp\/v2\/comments?post=3431"}],"version-history":[{"count":1,"href":"https:\/\/evdebakimparasimaasi.com\/blog\/wp-json\/wp\/v2\/posts\/3431\/revisions"}],"predecessor-version":[{"id":3719,"href":"https:\/\/evdebakimparasimaasi.com\/blog\/wp-json\/wp\/v2\/posts\/3431\/revisions\/3719"}],"wp:featuredmedia":[{"embeddable":true,"href":"https:\/\/evdebakimparasimaasi.com\/blog\/wp-json\/wp\/v2\/media\/3435"}],"wp:attachment":[{"href":"https:\/\/evdebakimparasimaasi.com\/blog\/wp-json\/wp\/v2\/media?parent=3431"}],"wp:term":[{"taxonomy":"category","embeddable":true,"href":"https:\/\/evdebakimparasimaasi.com\/blog\/wp-json\/wp\/v2\/categories?post=3431"},{"taxonomy":"post_tag","embeddable":true,"href":"https:\/\/evdebakimparasimaasi.com\/blog\/wp-json\/wp\/v2\/tags?post=3431"}],"curies":[{"name":"wp","href":"https:\/\/api.w.org\/{rel}","templated":true}]}}