{"id":3477,"date":"2025-01-28T21:56:30","date_gmt":"2025-01-28T18:56:30","guid":{"rendered":"https:\/\/evdebakimparasimaasi.com\/blog\/?p=3477"},"modified":"2025-02-23T14:39:44","modified_gmt":"2025-02-23T11:39:44","slug":"engelliden-engelliye-arac-nasil","status":"publish","type":"post","link":"https:\/\/evdebakimparasimaasi.com\/blog\/engelliden-engelliye-arac-nasil\/","title":{"rendered":"Engelliden Engelliye Ara\u00e7 Nas\u0131l Sat\u0131l\u0131r?"},"content":{"rendered":"\n<p><strong>Engelliden engelliye ara\u00e7 sat\u0131\u015f\u0131<\/strong> T\u00fcrkiye\u2019de \u00d6zel T\u00fcketim Vergisi (\u00d6TV) muafiyetiyle al\u0131nan ara\u00e7lar\u0131n el de\u011fi\u015ftirme s\u00fcrecinde dikkat edilmesi gereken \u00f6nemli yasal prosed\u00fcrleri kapsar. Bu s\u00fcre\u00e7 hem al\u0131c\u0131 hem de sat\u0131c\u0131 i\u00e7in belirli kurallara tabidir ve farkl\u0131 senaryolar dahilinde ele al\u0131nabilir. \u00d6TV muafiyeti kapsam\u0131nda yap\u0131lan ara\u00e7 sat\u0131\u015flar\u0131; \u00f6zel tertibatl\u0131 ara\u00e7lar, \u00f6zel donan\u0131ma sahip olmayan standart ara\u00e7lar ve \u00d6TV indirimli bir arac\u0131n engelsiz birine sat\u0131lmas\u0131 gibi \u00e7e\u015fitli kategorilere ayr\u0131l\u0131r.<\/p>\n\n\n\n<div id=\"ez-toc-container\" class=\"ez-toc-v2_0_82_2 counter-hierarchy ez-toc-counter ez-toc-grey ez-toc-container-direction\">\n<div class=\"ez-toc-title-container\">\n<p class=\"ez-toc-title\" style=\"cursor:inherit\">\u0130\u00e7indekiler<\/p>\n<span class=\"ez-toc-title-toggle\"><a href=\"#\" class=\"ez-toc-pull-right ez-toc-btn ez-toc-btn-xs ez-toc-btn-default ez-toc-toggle\" aria-label=\"\u0130\u00e7indekiler Tablosunu A\u00e7\/Kapat\"><span class=\"ez-toc-js-icon-con\"><span class=\"\"><span class=\"eztoc-hide\" style=\"display:none;\">Toggle<\/span><span class=\"ez-toc-icon-toggle-span\"><svg style=\"fill: #999;color:#999\" xmlns=\"http:\/\/www.w3.org\/2000\/svg\" class=\"list-377408\" width=\"20px\" height=\"20px\" viewBox=\"0 0 24 24\" fill=\"none\"><path d=\"M6 6H4v2h2V6zm14 0H8v2h12V6zM4 11h2v2H4v-2zm16 0H8v2h12v-2zM4 16h2v2H4v-2zm16 0H8v2h12v-2z\" fill=\"currentColor\"><\/path><\/svg><svg style=\"fill: #999;color:#999\" class=\"arrow-unsorted-368013\" xmlns=\"http:\/\/www.w3.org\/2000\/svg\" width=\"10px\" height=\"10px\" viewBox=\"0 0 24 24\" version=\"1.2\" baseProfile=\"tiny\"><path d=\"M18.2 9.3l-6.2-6.3-6.2 6.3c-.2.2-.3.4-.3.7s.1.5.3.7c.2.2.4.3.7.3h11c.3 0 .5-.1.7-.3.2-.2.3-.5.3-.7s-.1-.5-.3-.7zM5.8 14.7l6.2 6.3 6.2-6.3c.2-.2.3-.5.3-.7s-.1-.5-.3-.7c-.2-.2-.4-.3-.7-.3h-11c-.3 0-.5.1-.7.3-.2.2-.3.5-.3.7s.1.5.3.7z\"\/><\/svg><\/span><\/span><\/span><\/a><\/span><\/div>\n<nav><ul class='ez-toc-list ez-toc-list-level-1 ' ><li class='ez-toc-page-1 ez-toc-heading-level-2'><a class=\"ez-toc-link ez-toc-heading-1\" href=\"https:\/\/evdebakimparasimaasi.com\/blog\/engelliden-engelliye-arac-nasil\/#Ozel_Tertibatli_Araclarin_Satisi\" >\u00d6zel Tertibatl\u0131 Ara\u00e7lar\u0131n Sat\u0131\u015f\u0131<\/a><\/li><li class='ez-toc-page-1 ez-toc-heading-level-2'><a class=\"ez-toc-link ez-toc-heading-2\" href=\"https:\/\/evdebakimparasimaasi.com\/blog\/engelliden-engelliye-arac-nasil\/#Ozel_Donanimli_Olmayan_Araclarin_Satisi\" >\u00d6zel Donan\u0131ml\u0131 Olmayan Ara\u00e7lar\u0131n Sat\u0131\u015f\u0131<\/a><\/li><li class='ez-toc-page-1 ez-toc-heading-level-2'><a class=\"ez-toc-link ez-toc-heading-3\" href=\"https:\/\/evdebakimparasimaasi.com\/blog\/engelliden-engelliye-arac-nasil\/#Engelliye_Arac_Satisi_Kurallari\" >Engelliye Ara\u00e7 Sat\u0131\u015f\u0131 Kurallar\u0131<\/a><\/li><li class='ez-toc-page-1 ez-toc-heading-level-2'><a class=\"ez-toc-link ez-toc-heading-4\" href=\"https:\/\/evdebakimparasimaasi.com\/blog\/engelliden-engelliye-arac-nasil\/#OTV_Muafiyetiyle_Alinan_Araclarin_Engelsiz_Kisilere_Satisi\" >\u00d6TV Muafiyetiyle Al\u0131nan Ara\u00e7lar\u0131n Engelsiz Ki\u015filere Sat\u0131\u015f\u0131<\/a><\/li><li class='ez-toc-page-1 ez-toc-heading-level-2'><a class=\"ez-toc-link ez-toc-heading-5\" href=\"https:\/\/evdebakimparasimaasi.com\/blog\/engelliden-engelliye-arac-nasil\/#Vasi_Karari_ile_Engellinin_Aracini_Satmasi\" >Vasi Karar\u0131 ile Engellinin Arac\u0131n\u0131 Satmas\u0131<\/a><\/li><li class='ez-toc-page-1 ez-toc-heading-level-2'><a class=\"ez-toc-link ez-toc-heading-6\" href=\"https:\/\/evdebakimparasimaasi.com\/blog\/engelliden-engelliye-arac-nasil\/#Vefat_Halinde_Engelli_Aracinin_Durumu\" >Vefat Halinde Engelli Arac\u0131n\u0131n Durumu<\/a><\/li><\/ul><\/nav><\/div>\n<h2 class=\"wp-block-heading\"><span class=\"ez-toc-section\" id=\"Ozel_Tertibatli_Araclarin_Satisi\"><\/span>\u00d6zel Tertibatl\u0131 Ara\u00e7lar\u0131n Sat\u0131\u015f\u0131<span class=\"ez-toc-section-end\"><\/span><\/h2>\n\n\n\n<p>Engelliler i\u00e7in \u00f6zel tertibatl\u0131 ara\u00e7lar engelli bireyin ihtiya\u00e7lar\u0131na uygun \u015fekilde modifiye edilmi\u015f ara\u00e7lard\u0131r. Bu ara\u00e7lar ba\u015fka bir engelli bireye sat\u0131lmak istendi\u011finde herhangi bir s\u00fcre k\u0131s\u0131tlamas\u0131 olmaks\u0131z\u0131n sat\u0131\u015fa konu olabilir. Ancak sat\u0131\u015f\u0131n tamamlanmas\u0131n\u0131n ard\u0131ndan yeni ara\u00e7 sahibi farkl\u0131 bir \u00f6zel tertibat talep ediyorsa bu talebe uygun bir tadilat projesi haz\u0131rlanmal\u0131d\u0131r. Tadilat i\u015flemi tamamland\u0131ktan sonra arac\u0131n yeni belgeleri Trafik Tescil Kurumundan al\u0131nabilir.<\/p>\n\n\n\n<figure class=\"wp-block-image size-large\"><img fetchpriority=\"high\" decoding=\"async\" width=\"1024\" height=\"576\" src=\"https:\/\/evdebakimparasimaasi.com\/blog\/wp-content\/uploads\/2025\/01\/engelliye-arac4-1024x576.jpg\" alt=\"\" class=\"wp-image-3478\"\/><\/figure>\n\n\n\n<h2 class=\"wp-block-heading\"><span class=\"ez-toc-section\" id=\"Ozel_Donanimli_Olmayan_Araclarin_Satisi\"><\/span>\u00d6zel Donan\u0131ml\u0131 Olmayan Ara\u00e7lar\u0131n Sat\u0131\u015f\u0131<span class=\"ez-toc-section-end\"><\/span><\/h2>\n\n\n\n<p>\u00d6TV muafiyetiyle al\u0131nan ancak \u00f6zel bir tertibata sahip olmayan ara\u00e7lar\u0131n sat\u0131\u015f\u0131 da benzer \u015fekilde engelli bireyler aras\u0131nda serbest\u00e7e yap\u0131labilir. <strong>Engelliye ara\u00e7 sat\u0131\u015f\u0131 yapmak<\/strong> isteyen ki\u015filerin al\u0131c\u0131n\u0131n \u00d6TV muafiyetine sahip oldu\u011funu belgelemesi gerekmektedir. Bu belgeler genellikle noter arac\u0131l\u0131\u011f\u0131yla i\u015fleme konulur ve sat\u0131\u015f i\u015flemleri resmi evraklarla tamamlan\u0131r.<\/p>\n\n\n\n<h2 class=\"wp-block-heading\"><span class=\"ez-toc-section\" id=\"Engelliye_Arac_Satisi_Kurallari\"><\/span>Engelliye Ara\u00e7 Sat\u0131\u015f\u0131 Kurallar\u0131<span class=\"ez-toc-section-end\"><\/span><\/h2>\n\n\n\n<p><strong>Engelliden engelliye ara\u00e7 sat\u0131\u015f\u0131<\/strong> \u00f6zellikle \u00d6TV muafiyeti ile al\u0131nm\u0131\u015f ara\u00e7larda baz\u0131 kurallara ba\u011fl\u0131d\u0131r. Bu kurallar aras\u0131nda en dikkat \u00e7ekici olan\u0131 <a href=\"https:\/\/www.gib.gov.tr\/yardim-ve-kaynaklar\/yararli-bilgiler\/ozel-tuketim-vergisi-tutarlari-ve-oranlari\" rel=\"nofollow noopener\" target=\"_blank\">\u00d6TV<\/a> muafiyetiyle al\u0131nan bir arac\u0131n 5 y\u0131l dolmadan engelsiz bir ki\u015fiye sat\u0131lamamas\u0131d\u0131r. E\u011fer ara\u00e7 5 y\u0131l dolmadan ba\u015fka bir engelli bireye sat\u0131lmak istenirse, bu durumda herhangi bir vergi \u00f6deme y\u00fck\u00fcml\u00fcl\u00fc\u011f\u00fc do\u011fmaz. Ancak bu sat\u0131\u015f i\u015flemi sonras\u0131 hem al\u0131c\u0131 hem de sat\u0131c\u0131 i\u00e7in yeni bir \u00d6TV muafiyetli ara\u00e7 al\u0131m\u0131 konusunda belirli k\u0131s\u0131tlamalar devreye girer:<\/p>\n\n\n\n<ul class=\"wp-block-list\">\n<li>\u00d6TV muafiyetiyle al\u0131nan bir arac\u0131 5 y\u0131l dolmadan satan ki\u015fi yeni bir \u00d6TV muafiyetli ara\u00e7 sat\u0131n alma hakk\u0131n\u0131 kaybeder. Bu hak \u00f6nceki arac\u0131n sat\u0131n al\u0131nd\u0131\u011f\u0131 tarihten itibaren 5 y\u0131l ge\u00e7meden tekrar kazan\u0131lamaz.<\/li>\n\n\n\n<li>Arac\u0131 sat\u0131n alan engelli ki\u015fi bu arac\u0131n ilk al\u0131m tarihinden ba\u011f\u0131ms\u0131z olarak arac\u0131 sat\u0131n ald\u0131\u011f\u0131 tarihten itibaren 5 y\u0131l boyunca yeni bir \u00d6TV muafiyetli ara\u00e7 sat\u0131n alamaz.<\/li>\n<\/ul>\n\n\n\n<p>Bu kurallar hem al\u0131c\u0131 hem de sat\u0131c\u0131 a\u00e7\u0131s\u0131ndan belirgin bir s\u00fcre k\u0131s\u0131tlamas\u0131 olu\u015ftursa da \u00d6TV \u00f6demesi yap\u0131lmamas\u0131 sayesinde engelliler aras\u0131nda ekonomik avantaj sunar.<\/p>\n\n\n\n<h2 class=\"wp-block-heading\"><span class=\"ez-toc-section\" id=\"OTV_Muafiyetiyle_Alinan_Araclarin_Engelsiz_Kisilere_Satisi\"><\/span>\u00d6TV Muafiyetiyle Al\u0131nan Ara\u00e7lar\u0131n Engelsiz Ki\u015filere Sat\u0131\u015f\u0131<span class=\"ez-toc-section-end\"><\/span><\/h2>\n\n\n\n<p><strong>Engellinin ara\u00e7 sat\u0131\u015f\u0131 yapmas\u0131<\/strong> gerekti\u011finde ara\u00e7 engelsiz bir ki\u015fiye sat\u0131lacaksa ve bu sat\u0131\u015f 5 y\u0131l dolmadan ger\u00e7ekle\u015fecekse, arac\u0131n \u00d6TV borcu \u00f6denmelidir. Bu durumda \u00d6TV hesaplamas\u0131, arac\u0131n sat\u0131n al\u0131nd\u0131\u011f\u0131 tarihteki fatura bedeli ve sat\u0131\u015f\u0131n ger\u00e7ekle\u015fti\u011fi tarihte ge\u00e7erli olan \u00d6TV oranlar\u0131na g\u00f6re yap\u0131l\u0131r. Ayr\u0131ca \u00f6zel tertibatl\u0131 bir arac\u0131n engelsiz birine sat\u0131lmas\u0131 durumunda, ara\u00e7taki tertibat\u0131n s\u00f6k\u00fclmesi gerekir. Bu i\u015flem i\u00e7in bir tadilat projesi haz\u0131rlanmal\u0131 ve T\u00fcrk Standartlar\u0131 Enstit\u00fcs\u00fc (TSE) onay\u0131 al\u0131nmal\u0131d\u0131r. Tertibat\u0131n s\u00f6k\u00fclmesiyle birlikte, ara\u00e7 normal stat\u00fcde de\u011ferlendirilmeye ba\u015flan\u0131r ve sat\u0131\u015f i\u015flemi ger\u00e7ekle\u015ftirilir.<\/p>\n\n\n\n<figure class=\"wp-block-image size-large\"><img decoding=\"async\" width=\"1024\" height=\"576\" src=\"https:\/\/evdebakimparasimaasi.com\/blog\/wp-content\/uploads\/2025\/01\/engelliye-arac3-1024x576.jpg\" alt=\"\" class=\"wp-image-3479\"\/><\/figure>\n\n\n\n<h2 class=\"wp-block-heading\"><span class=\"ez-toc-section\" id=\"Vasi_Karari_ile_Engellinin_Aracini_Satmasi\"><\/span>Vasi Karar\u0131 ile Engellinin Arac\u0131n\u0131 Satmas\u0131<span class=\"ez-toc-section-end\"><\/span><\/h2>\n\n\n\n<p>Baz\u0131 durumlarda <a href=\"https:\/\/evdebakimparasimaasi.com\/blog\/engelli-bakim-maasi-hesaplama\/\">engelli<\/a> bireylerin ara\u00e7 al\u0131m ve sat\u0131m i\u015flemleri i\u00e7in vasi karar\u0131 gereklidir. Vasi karar\u0131, bir mahkeme taraf\u0131ndan verilir ve engelli ki\u015finin ara\u00e7 sat\u0131\u015f\u0131 veya al\u0131m\u0131 gibi i\u015flemleri vasisi arac\u0131l\u0131\u011f\u0131yla ger\u00e7ekle\u015ftirebilmesini sa\u011flar. Vasi karar\u0131 ile ara\u00e7 sat\u0131\u015f\u0131 yap\u0131l\u0131rken \u015fu ad\u0131mlar izlenir:<\/p>\n\n\n\n<ul class=\"wp-block-list\">\n<li>Mahkemeden, engelli birey ad\u0131na vasi tayini karar\u0131 al\u0131n\u0131r.<\/li>\n\n\n\n<li>Noter ve di\u011fer resmi kurumlar, bu karar\u0131 belge olarak talep edebilir.<\/li>\n\n\n\n<li>Ara\u00e7 sat\u0131\u015f\u0131 tamamland\u0131ktan sonra, sat\u0131\u015ftan elde edilen gelir engelli ki\u015finin hesab\u0131na yat\u0131r\u0131l\u0131r ve bu gelir \u00fczerindeki tasarruf, mahkeme izni olmadan ger\u00e7ekle\u015ftirilemez.<\/li>\n<\/ul>\n\n\n\n<p>Bu s\u00fcre\u00e7 engelli bireyin haklar\u0131n\u0131n korunmas\u0131n\u0131 ve i\u015flemlerin yasal olarak do\u011fru bir \u015fekilde y\u00fcr\u00fct\u00fclmesini sa\u011flar.<\/p>\n\n\n\n<figure class=\"wp-block-image size-large\"><img decoding=\"async\" width=\"1024\" height=\"576\" src=\"https:\/\/evdebakimparasimaasi.com\/blog\/wp-content\/uploads\/2025\/01\/engelliye-arac2-1024x576.jpg\" alt=\"\" class=\"wp-image-3480\"\/><\/figure>\n\n\n\n<h2 class=\"wp-block-heading\"><span class=\"ez-toc-section\" id=\"Vefat_Halinde_Engelli_Aracinin_Durumu\"><\/span>Vefat Halinde Engelli Arac\u0131n\u0131n Durumu<span class=\"ez-toc-section-end\"><\/span><\/h2>\n\n\n\n<p><strong>Engellinin arac\u0131n\u0131 satmas\u0131<\/strong> m\u00fcmk\u00fcn olmasa bile, ara\u00e7 sahibinin vefat\u0131 durumunda, \u00d6TV muafiyetiyle al\u0131nm\u0131\u015f bir ara\u00e7 miras\u00e7\u0131lara ge\u00e7er. 5 y\u0131l dolmadan ger\u00e7ekle\u015fen vefat durumunda, ara\u00e7 miras\u00e7\u0131lar ad\u0131na ortak bir \u015fekilde tescil edilebilir ve \u00d6TV talep edilmez. Ancak, arac\u0131 tek bir miras\u00e7\u0131n\u0131n \u00fczerine tescil ettirmek istenirse, di\u011fer miras\u00e7\u0131lar\u0131n ara\u00e7 \u00fczerindeki haklar\u0131ndan feragat etmesi gerekir. Bu feragat i\u015flemi belirli \u015fartlara ba\u011fl\u0131d\u0131r:<\/p>\n\n\n\n<ul class=\"wp-block-list\">\n<li>E\u011fer vefat eden ki\u015finin ba\u015fka mal varl\u0131\u011f\u0131 yoksa, feragat i\u015flemi yap\u0131lamaz.<\/li>\n\n\n\n<li>Vefat eden ki\u015finin mal varl\u0131\u011f\u0131, arac\u0131n de\u011ferine e\u015fit ya da daha fazlaysa, di\u011fer miras\u00e7\u0131lar feragat ederek arac\u0131n tek bir ki\u015fi ad\u0131na tescil edilmesini sa\u011flayabilir.<\/li>\n<\/ul>\n\n\n\n<p><strong>Engelliler i\u00e7in ara\u00e7 sat\u0131\u015f\u0131<\/strong> al\u0131c\u0131 ve sat\u0131c\u0131 taraf\u0131nda belirli hak ve sorumluluklar bar\u0131nd\u0131ran, dikkatle y\u00f6netilmesi gereken bir s\u00fcre\u00e7tir. Gerek \u00d6TV muafiyetinden kaynaklanan avantajlar gerekse ara\u00e7lar\u0131n \u00f6zel tertibat gereksinimleri, bu t\u00fcr sat\u0131\u015flar\u0131 standart ara\u00e7 sat\u0131\u015flar\u0131ndan ay\u0131r\u0131r. Her iki taraf\u0131n da haklar\u0131n\u0131 tam anlam\u0131yla kullanabilmesi i\u00e7in, g\u00fcncel yasal d\u00fczenlemelerin takip edilmesi \u00f6nemlidir. Bu ba\u011flamda noter i\u015flemleri, vergi dairesi onaylar\u0131 ve gerekli tadilat projeleri gibi unsurlar\u0131n eksiksiz bir \u015fekilde yerine getirilmesi s\u00fcre\u00e7lerin sorunsuz ilerlemesini sa\u011flar.<\/p>\n","protected":false},"excerpt":{"rendered":"<p>Engelliden engelliye ara\u00e7 sat\u0131\u015f\u0131 T\u00fcrkiye\u2019de \u00d6zel T\u00fcketim Vergisi (\u00d6TV) muafiyetiyle al\u0131nan ara\u00e7lar\u0131n el de\u011fi\u015ftirme s\u00fcrecinde dikkat edilmesi gereken \u00f6nemli yasal prosed\u00fcrleri kapsar. Bu s\u00fcre\u00e7 hem&#46;&#46;&#46;<\/p>\n","protected":false},"author":2,"featured_media":3481,"comment_status":"open","ping_status":"open","sticky":false,"template":"","format":"standard","meta":{"footnotes":""},"categories":[8],"tags":[],"class_list":["post-3477","post","type-post","status-publish","format-standard","has-post-thumbnail","hentry","category-bilgi"],"_links":{"self":[{"href":"https:\/\/evdebakimparasimaasi.com\/blog\/wp-json\/wp\/v2\/posts\/3477","targetHints":{"allow":["GET"]}}],"collection":[{"href":"https:\/\/evdebakimparasimaasi.com\/blog\/wp-json\/wp\/v2\/posts"}],"about":[{"href":"https:\/\/evdebakimparasimaasi.com\/blog\/wp-json\/wp\/v2\/types\/post"}],"author":[{"embeddable":true,"href":"https:\/\/evdebakimparasimaasi.com\/blog\/wp-json\/wp\/v2\/users\/2"}],"replies":[{"embeddable":true,"href":"https:\/\/evdebakimparasimaasi.com\/blog\/wp-json\/wp\/v2\/comments?post=3477"}],"version-history":[{"count":1,"href":"https:\/\/evdebakimparasimaasi.com\/blog\/wp-json\/wp\/v2\/posts\/3477\/revisions"}],"predecessor-version":[{"id":3713,"href":"https:\/\/evdebakimparasimaasi.com\/blog\/wp-json\/wp\/v2\/posts\/3477\/revisions\/3713"}],"wp:featuredmedia":[{"embeddable":true,"href":"https:\/\/evdebakimparasimaasi.com\/blog\/wp-json\/wp\/v2\/media\/3481"}],"wp:attachment":[{"href":"https:\/\/evdebakimparasimaasi.com\/blog\/wp-json\/wp\/v2\/media?parent=3477"}],"wp:term":[{"taxonomy":"category","embeddable":true,"href":"https:\/\/evdebakimparasimaasi.com\/blog\/wp-json\/wp\/v2\/categories?post=3477"},{"taxonomy":"post_tag","embeddable":true,"href":"https:\/\/evdebakimparasimaasi.com\/blog\/wp-json\/wp\/v2\/tags?post=3477"}],"curies":[{"name":"wp","href":"https:\/\/api.w.org\/{rel}","templated":true}]}}