{"id":3483,"date":"2025-01-29T21:38:14","date_gmt":"2025-01-29T18:38:14","guid":{"rendered":"https:\/\/evdebakimparasimaasi.com\/blog\/?p=3483"},"modified":"2025-02-23T14:39:44","modified_gmt":"2025-02-23T11:39:44","slug":"engelli-memur-alimi-nasil-yapilir","status":"publish","type":"post","link":"https:\/\/evdebakimparasimaasi.com\/blog\/engelli-memur-alimi-nasil-yapilir\/","title":{"rendered":"Engelli Memur Al\u0131m\u0131 Nas\u0131l Yap\u0131l\u0131r?"},"content":{"rendered":"\n<p>2025 y\u0131l\u0131 itibariyle <strong>engelli memur al\u0131m\u0131<\/strong> s\u00fcreci devam etmektedir ve her y\u0131l oldu\u011fu gibi EKPSS (Engelli Kamu Personeli Se\u00e7me S\u0131nav\u0131) ile engelli bireylerin kamuda \u00e7al\u0131\u015fma imk\u00e2n\u0131 sa\u011flanmaktad\u0131r. Engelli bireylerin toplumsal hayata kat\u0131l\u0131m\u0131 ve i\u015f g\u00fcc\u00fcne dahil olmalar\u0131 her ge\u00e7en y\u0131l daha fazla \u00f6nem kazanmaktad\u0131r. T\u00fcrkiye\u2019de engellilerin kamu sekt\u00f6r\u00fcnde \u00e7al\u0131\u015fabilmesi i\u00e7in belirli \u015fartlar ve s\u00fcre\u00e7ler bulunmaktad\u0131r. <\/p>\n\n\n\n<div id=\"ez-toc-container\" class=\"ez-toc-v2_0_82_2 counter-hierarchy ez-toc-counter ez-toc-grey ez-toc-container-direction\">\n<div class=\"ez-toc-title-container\">\n<p class=\"ez-toc-title\" style=\"cursor:inherit\">\u0130\u00e7indekiler<\/p>\n<span class=\"ez-toc-title-toggle\"><a href=\"#\" class=\"ez-toc-pull-right ez-toc-btn ez-toc-btn-xs ez-toc-btn-default ez-toc-toggle\" aria-label=\"\u0130\u00e7indekiler Tablosunu A\u00e7\/Kapat\"><span class=\"ez-toc-js-icon-con\"><span class=\"\"><span class=\"eztoc-hide\" style=\"display:none;\">Toggle<\/span><span class=\"ez-toc-icon-toggle-span\"><svg style=\"fill: #999;color:#999\" xmlns=\"http:\/\/www.w3.org\/2000\/svg\" class=\"list-377408\" width=\"20px\" height=\"20px\" viewBox=\"0 0 24 24\" fill=\"none\"><path d=\"M6 6H4v2h2V6zm14 0H8v2h12V6zM4 11h2v2H4v-2zm16 0H8v2h12v-2zM4 16h2v2H4v-2zm16 0H8v2h12v-2z\" fill=\"currentColor\"><\/path><\/svg><svg style=\"fill: #999;color:#999\" class=\"arrow-unsorted-368013\" xmlns=\"http:\/\/www.w3.org\/2000\/svg\" width=\"10px\" height=\"10px\" viewBox=\"0 0 24 24\" version=\"1.2\" baseProfile=\"tiny\"><path d=\"M18.2 9.3l-6.2-6.3-6.2 6.3c-.2.2-.3.4-.3.7s.1.5.3.7c.2.2.4.3.7.3h11c.3 0 .5-.1.7-.3.2-.2.3-.5.3-.7s-.1-.5-.3-.7zM5.8 14.7l6.2 6.3 6.2-6.3c.2-.2.3-.5.3-.7s-.1-.5-.3-.7c-.2-.2-.4-.3-.7-.3h-11c-.3 0-.5.1-.7.3-.2.2-.3.5-.3.7s.1.5.3.7z\"\/><\/svg><\/span><\/span><\/span><\/a><\/span><\/div>\n<nav><ul class='ez-toc-list ez-toc-list-level-1 ' ><li class='ez-toc-page-1 ez-toc-heading-level-2'><a class=\"ez-toc-link ez-toc-heading-1\" href=\"https:\/\/evdebakimparasimaasi.com\/blog\/engelli-memur-alimi-nasil-yapilir\/#Engelli_Memur_Alimi_Sartlari_Nelerdir\" >Engelli Memur Al\u0131m\u0131 \u015eartlar\u0131 Nelerdir?<\/a><\/li><li class='ez-toc-page-1 ez-toc-heading-level-2'><a class=\"ez-toc-link ez-toc-heading-2\" href=\"https:\/\/evdebakimparasimaasi.com\/blog\/engelli-memur-alimi-nasil-yapilir\/#Engelli_Memur_Alimi_Basvuru_Sureci\" >Engelli Memur Al\u0131m\u0131 Ba\u015fvuru S\u00fcreci<\/a><\/li><li class='ez-toc-page-1 ez-toc-heading-level-2'><a class=\"ez-toc-link ez-toc-heading-3\" href=\"https:\/\/evdebakimparasimaasi.com\/blog\/engelli-memur-alimi-nasil-yapilir\/#Engelli_Memur_Alimi_Icin_Kontenjanlar\" >Engelli Memur Al\u0131m\u0131 \u0130\u00e7in Kontenjanlar<\/a><\/li><li class='ez-toc-page-1 ez-toc-heading-level-2'><a class=\"ez-toc-link ez-toc-heading-4\" href=\"https:\/\/evdebakimparasimaasi.com\/blog\/engelli-memur-alimi-nasil-yapilir\/#Sinavsiz_Engelli_Memur_Alimi\" >S\u0131navs\u0131z Engelli Memur Al\u0131m\u0131<\/a><\/li><li class='ez-toc-page-1 ez-toc-heading-level-2'><a class=\"ez-toc-link ez-toc-heading-5\" href=\"https:\/\/evdebakimparasimaasi.com\/blog\/engelli-memur-alimi-nasil-yapilir\/#Engelli_Devlet_Memurlarinin_Gorev_Alanlari\" >Engelli Devlet Memurlar\u0131n\u0131n G\u00f6rev Alanlar\u0131<\/a><\/li><\/ul><\/nav><\/div>\n<h2 class=\"wp-block-heading\"><span class=\"ez-toc-section\" id=\"Engelli_Memur_Alimi_Sartlari_Nelerdir\"><\/span>Engelli Memur Al\u0131m\u0131 \u015eartlar\u0131 Nelerdir?<span class=\"ez-toc-section-end\"><\/span><\/h2>\n\n\n\n<p>Engelli bireylerin kamuda \u00e7al\u0131\u015fabilmesi i\u00e7in belirli \u015fartlar\u0131 yerine getirmeleri gerekmektedir. Bu \u015fartlar, hem genel nitelikler hem de s\u0131navla ilgili kriterleri kapsamaktad\u0131r. <strong>Engelli memur olma \u015fartlar\u0131<\/strong> \u015fu \u015fekilde s\u0131ralanabilir:<\/p>\n\n\n\n<ul class=\"wp-block-list\">\n<li>T\u00fcrk Vatanda\u015f\u0131 Olmak: Ba\u015fvuruda bulunan ki\u015finin T\u00fcrk vatanda\u015f\u0131 olmas\u0131 gerekmektedir.<\/li>\n\n\n\n<li>%40 ve \u00dczeri Engellilik Durumu: Ba\u015fvuruda bulunan aday\u0131n sa\u011fl\u0131k raporu ile %40 ve \u00fczeri engellili\u011fi oldu\u011funu belgelemesi gerekir.<\/li>\n\n\n\n<li>Askerlikle \u0130li\u015fkisi Olmamak: Erkek adaylar\u0131n askerlikle ili\u015fi\u011fi olmamal\u0131d\u0131r. Yani askerlik hizmetini tamamlam\u0131\u015f veya askerlikten muaf olmal\u0131d\u0131r.<\/li>\n\n\n\n<li>Devlet Memurlar\u0131 Kanunu\u2019na Uygunluk: Devlet Memurlar\u0131 Kanunu\u2019nun 48. maddesinde belirtilen \u015fartlar\u0131 ta\u015f\u0131mak gereklidir.<\/li>\n\n\n\n<li>EKPSS&#8217;ye Kat\u0131l\u0131m: Engelli bireylerin, EKPSS s\u0131nav\u0131na kat\u0131lmas\u0131 ve ba\u015far\u0131 sa\u011flamas\u0131 gerekmektedir.<\/li>\n\n\n\n<li>Kamu Kurumunda \u00c7al\u0131\u015fmamak: Aday\u0131n daha \u00f6nce herhangi bir kamu kurumunda \u00e7al\u0131\u015fmam\u0131\u015f olmas\u0131 gerekmektedir.<\/li>\n\n\n\n<li>Mesleki Yeterlilik: Ba\u015fvuru yap\u0131lan pozisyona uygun mesleki yeterlili\u011fe sahip olmak, engelli memur al\u0131m\u0131 i\u00e7in \u00f6nemli bir \u015fartt\u0131r.<\/li>\n\n\n\n<li>Sa\u011fl\u0131k Durumu: Aday\u0131n ba\u015fvuraca\u011f\u0131 pozisyonda engel te\u015fkil etmeyecek bir sa\u011fl\u0131k durumuna sahip olmas\u0131 gerekmektedir.<\/li>\n<\/ul>\n\n\n\n<p>Bu kriterlere uyan adaylar ba\u015fvurular\u0131n\u0131 ilgili kamu kurumlar\u0131na yapabilirler.<\/p>\n\n\n\n<figure class=\"wp-block-image size-large\"><img fetchpriority=\"high\" decoding=\"async\" width=\"1024\" height=\"576\" src=\"https:\/\/evdebakimparasimaasi.com\/blog\/wp-content\/uploads\/2025\/01\/Engelli-Memur-Alimi4-1024x576.jpg\" alt=\"\" class=\"wp-image-3484\"\/><\/figure>\n\n\n\n<h2 class=\"wp-block-heading\"><span class=\"ez-toc-section\" id=\"Engelli_Memur_Alimi_Basvuru_Sureci\"><\/span>Engelli Memur Al\u0131m\u0131 Ba\u015fvuru S\u00fcreci<span class=\"ez-toc-section-end\"><\/span><\/h2>\n\n\n\n<p>Ba\u015fvuru s\u00fcreci ad\u0131m ad\u0131m takip edilmesi gereken bir s\u00fcre\u00e7tir. <strong>Engelli memur olma \u015fartlar\u0131<\/strong> \u015fu \u015fekildedir:<\/p>\n\n\n\n<ul class=\"wp-block-list\">\n<li>EKPSS\u2019ye Kat\u0131l\u0131m: Engelli bireylerin ilk ad\u0131m olarak EKPSS s\u0131nav\u0131na kat\u0131lmas\u0131 gerekmektedir. Bu s\u0131nav, her iki y\u0131lda bir \u00d6SYM taraf\u0131ndan d\u00fczenlenmektedir ve engelli adaylar\u0131n kamu kurumlar\u0131na yerle\u015ftirilmesinde temel rol\u00fc oynamaktad\u0131r.<\/li>\n\n\n\n<li>Engelli Sa\u011fl\u0131k Raporu: Adaylar\u0131n %40 ve \u00fczeri engelli olduklar\u0131n\u0131 g\u00f6steren bir sa\u011fl\u0131k raporu almalar\u0131 gerekmektedir. Bu rapor, ba\u015fvurulan kamu kurumunun istekleri do\u011frultusunda resmi bir belge olmal\u0131d\u0131r.<\/li>\n\n\n\n<li>Tercih S\u00fcreci: EKPSS sonu\u00e7lar\u0131n\u0131n a\u00e7\u0131klanmas\u0131n\u0131n ard\u0131ndan, adaylar tercihlerini yaparlar. Bu tercihler adaylar\u0131n engelli memur al\u0131m\u0131 i\u00e7in hangi pozisyonlarda \u00e7al\u0131\u015facaklar\u0131n\u0131 belirler.<\/li>\n\n\n\n<li>Atama ve Yerle\u015ftirme: <a href=\"https:\/\/www.osym.gov.tr\/\" rel=\"nofollow noopener\" target=\"_blank\">\u00d6SYM <\/a>taraf\u0131ndan yap\u0131lan tercihler neticesinde, adaylar kamu kurumlar\u0131na atan\u0131r. Atanma i\u015flemi tamamland\u0131ktan sonra adaylar, ilgili kurumlarda g\u00f6reve ba\u015flarlar.<\/li>\n\n\n\n<li>Ba\u015fvuru Sonras\u0131 Takip: Yerle\u015ftirilen adaylar atanma sonu\u00e7lar\u0131n\u0131 ve ilgili belgeleri takip ederler. S\u00fcrecin tamamlanmas\u0131n\u0131n ard\u0131ndan adaylar kamu kurumuna giri\u015f yaparak g\u00f6revlerine ba\u015flarlar.<\/li>\n<\/ul>\n\n\n\n<h2 class=\"wp-block-heading\"><span class=\"ez-toc-section\" id=\"Engelli_Memur_Alimi_Icin_Kontenjanlar\"><\/span>Engelli Memur Al\u0131m\u0131 \u0130\u00e7in Kontenjanlar<span class=\"ez-toc-section-end\"><\/span><\/h2>\n\n\n\n<p>T\u00fcrkiye&#8217;de, kamu kurumlar\u0131 ve kurulu\u015flar\u0131nda <strong>engelli memur al\u0131m\u0131<\/strong> i\u00e7in belirli kontenjanlar bulunmaktad\u0131r. 657 say\u0131l\u0131 Devlet Memurlar\u0131 Kanunu&#8217;na g\u00f6re, kamu sekt\u00f6r\u00fcnde \u00e7al\u0131\u015fan her 100 personelden en az 3&#8217;\u00fcn\u00fcn engelli bireylerden olmas\u0131 zorunludur. Yani, kamu sekt\u00f6r\u00fcnde istihdam edilecek her 100 personel i\u00e7in, en az 3 engelli birey al\u0131nmas\u0131 gerekmektedir. Bu kontenjan <strong>engellinin memur olmas\u0131<\/strong> i\u00e7in \u00f6nemli bir f\u0131rsat yaratmaktad\u0131r. Ayr\u0131ca bu kontenjanlar her y\u0131l yap\u0131lan EKPSS s\u0131navlar\u0131 ve atama s\u00fcreciyle belirlenir.<\/p>\n\n\n\n<figure class=\"wp-block-image size-full\"><img decoding=\"async\" width=\"900\" height=\"597\" src=\"https:\/\/evdebakimparasimaasi.com\/blog\/wp-content\/uploads\/2025\/01\/Engelli-Memur-Alimi3.jpg\" alt=\"\" class=\"wp-image-3485\"\/><\/figure>\n\n\n\n<h2 class=\"wp-block-heading\"><span class=\"ez-toc-section\" id=\"Sinavsiz_Engelli_Memur_Alimi\"><\/span>S\u0131navs\u0131z Engelli Memur Al\u0131m\u0131<span class=\"ez-toc-section-end\"><\/span><\/h2>\n\n\n\n<p>S\u0131navs\u0131z <a href=\"https:\/\/evdebakimparasimaasi.com\/blog\/engelliden-engelliye-arac-nasil\/\">engelli <\/a>memur al\u0131m\u0131, sadece ilkokul ve ortaokul mezunlar\u0131 i\u00e7in ge\u00e7erlidir. Bu adaylar, <strong>EKPSS<\/strong> s\u0131nav\u0131na girmeden, kura ile atanabilirler. S\u0131navs\u0131z ba\u015fvuru yapma hakk\u0131, sadece ilkokul, ortaokul ve ilk\u00f6\u011fretim mezunlar\u0131 ile \u00f6zel e\u011fitim kurumlar\u0131ndan mezun olan adaylara tan\u0131nm\u0131\u015ft\u0131r. Bu adaylar, belirli bir s\u00fcre i\u00e7inde EKPSS\u2019ye ba\u015fvurmadan do\u011frudan kura ile yerle\u015ftirilebilirler.<\/p>\n\n\n\n<p>Ancak genellikle kamu kurumlar\u0131na <strong>engelli memur al\u0131m\u0131<\/strong> s\u0131navla yap\u0131lmaktad\u0131r. Bu y\u00fczden, s\u0131navs\u0131z yerle\u015ftirme hakk\u0131 s\u0131n\u0131rl\u0131d\u0131r.<\/p>\n\n\n\n<h2 class=\"wp-block-heading\"><span class=\"ez-toc-section\" id=\"Engelli_Devlet_Memurlarinin_Gorev_Alanlari\"><\/span>Engelli Devlet Memurlar\u0131n\u0131n G\u00f6rev Alanlar\u0131<span class=\"ez-toc-section-end\"><\/span><\/h2>\n\n\n\n<p>Devlet kurumlar\u0131nda engelli memurlar, <strong>engelli memur al\u0131m\u0131<\/strong> kapsam\u0131nda, engellerine uygun g\u00f6revlerde \u00e7al\u0131\u015fmaktad\u0131rlar. Kamu kurumlar\u0131, engelli bireylerin \u00e7al\u0131\u015fabilece\u011fi uygun pozisyonlar\u0131 belirlerken, engelli bireyin mesleki yeterlili\u011fini g\u00f6z \u00f6n\u00fcnde bulundurur. Engelli memurlar i\u00e7in en \u00f6nemli kriter, engel durumlar\u0131n\u0131n \u00e7al\u0131\u015fma pozisyonlar\u0131n\u0131 engellemeyecek \u015fekilde uygun olmas\u0131d\u0131r.<\/p>\n\n\n\n<figure class=\"wp-block-image size-full\"><img decoding=\"async\" width=\"1000\" height=\"562\" src=\"https:\/\/evdebakimparasimaasi.com\/blog\/wp-content\/uploads\/2025\/01\/Engelli-Memur-Alimi2.jpg\" alt=\"\" class=\"wp-image-3486\"\/><\/figure>\n\n\n\n<p>\u00d6rne\u011fin bir engelli birey, fiziksel olarak a\u011f\u0131r i\u015fler yapamayabilir ancak ofis i\u015flerinde veya telefonla ileti\u015fim gerektiren pozisyonlarda \u00e7al\u0131\u015fabilir. Ayn\u0131 \u015fekilde zihinsel engeli bulunan bireyler, g\u00f6revlerine uygun pozisyonlarda yerle\u015ftirilebilirler.<\/p>\n\n\n\n<p>Engelli bireylerin kamu sekt\u00f6r\u00fcnde yer almas\u0131 toplumsal e\u015fitlik ve f\u0131rsat e\u015fitli\u011fi a\u00e7\u0131s\u0131ndan b\u00fcy\u00fck \u00f6nem ta\u015f\u0131maktad\u0131r. <strong>Engelli memur al\u0131m\u0131<\/strong> bu bireylerin hem ekonomik ba\u011f\u0131ms\u0131zl\u0131klar\u0131n\u0131 kazanmalar\u0131na hem de toplumsal ya\u015fama daha etkin kat\u0131l\u0131mlar\u0131na olanak tan\u0131maktad\u0131r. 2025 y\u0131l\u0131nda <strong>engelli memur al\u0131m\u0131<\/strong> s\u00fcrecinin daha geni\u015f kitlelere hitap etmesi ve engellinin <strong>memurlu\u011fa ba\u015flamas\u0131<\/strong> s\u00fcrecinin daha da kolayla\u015fmas\u0131 bekleniyor. Adaylar\u0131n ba\u015fvuru s\u00fcre\u00e7lerinde dikkatli olmalar\u0131 ve gerekli \u015fartlar\u0131 yerine getirmeleri, bu f\u0131rsatlar\u0131 de\u011ferlendirmelerine yard\u0131mc\u0131 olacakt\u0131r.<\/p>\n","protected":false},"excerpt":{"rendered":"<p>2025 y\u0131l\u0131 itibariyle engelli memur al\u0131m\u0131 s\u00fcreci devam etmektedir ve her y\u0131l oldu\u011fu gibi EKPSS (Engelli Kamu Personeli Se\u00e7me S\u0131nav\u0131) ile engelli bireylerin kamuda \u00e7al\u0131\u015fma&#46;&#46;&#46;<\/p>\n","protected":false},"author":2,"featured_media":3487,"comment_status":"open","ping_status":"open","sticky":false,"template":"","format":"standard","meta":{"footnotes":""},"categories":[8],"tags":[],"class_list":["post-3483","post","type-post","status-publish","format-standard","has-post-thumbnail","hentry","category-bilgi"],"_links":{"self":[{"href":"https:\/\/evdebakimparasimaasi.com\/blog\/wp-json\/wp\/v2\/posts\/3483","targetHints":{"allow":["GET"]}}],"collection":[{"href":"https:\/\/evdebakimparasimaasi.com\/blog\/wp-json\/wp\/v2\/posts"}],"about":[{"href":"https:\/\/evdebakimparasimaasi.com\/blog\/wp-json\/wp\/v2\/types\/post"}],"author":[{"embeddable":true,"href":"https:\/\/evdebakimparasimaasi.com\/blog\/wp-json\/wp\/v2\/users\/2"}],"replies":[{"embeddable":true,"href":"https:\/\/evdebakimparasimaasi.com\/blog\/wp-json\/wp\/v2\/comments?post=3483"}],"version-history":[{"count":1,"href":"https:\/\/evdebakimparasimaasi.com\/blog\/wp-json\/wp\/v2\/posts\/3483\/revisions"}],"predecessor-version":[{"id":3712,"href":"https:\/\/evdebakimparasimaasi.com\/blog\/wp-json\/wp\/v2\/posts\/3483\/revisions\/3712"}],"wp:featuredmedia":[{"embeddable":true,"href":"https:\/\/evdebakimparasimaasi.com\/blog\/wp-json\/wp\/v2\/media\/3487"}],"wp:attachment":[{"href":"https:\/\/evdebakimparasimaasi.com\/blog\/wp-json\/wp\/v2\/media?parent=3483"}],"wp:term":[{"taxonomy":"category","embeddable":true,"href":"https:\/\/evdebakimparasimaasi.com\/blog\/wp-json\/wp\/v2\/categories?post=3483"},{"taxonomy":"post_tag","embeddable":true,"href":"https:\/\/evdebakimparasimaasi.com\/blog\/wp-json\/wp\/v2\/tags?post=3483"}],"curies":[{"name":"wp","href":"https:\/\/api.w.org\/{rel}","templated":true}]}}