{"id":3498,"date":"2025-02-01T20:47:11","date_gmt":"2025-02-01T17:47:11","guid":{"rendered":"https:\/\/evdebakimparasimaasi.com\/blog\/?p=3498"},"modified":"2025-02-23T14:39:42","modified_gmt":"2025-02-23T11:39:42","slug":"evde-bakim-maasi-kac-ayda-baglanir","status":"publish","type":"post","link":"https:\/\/evdebakimparasimaasi.com\/blog\/evde-bakim-maasi-kac-ayda-baglanir\/","title":{"rendered":"Evde Bak\u0131m Maa\u015f\u0131 Ka\u00e7 Ayda Ba\u011flan\u0131r? Nas\u0131l Kesilir?"},"content":{"rendered":"\n<p>Evde bak\u0131m maa\u015f\u0131 \u00f6zellikle bak\u0131ma muhta\u00e7 bireylerin ya\u015fam kalitesini art\u0131rmak amac\u0131yla sunulan devlet destekli \u00f6nemli bir yard\u0131m t\u00fcr\u00fcd\u00fcr. Bu yard\u0131m, engelli veya ya\u015fl\u0131 bireylere evde bak\u0131m deste\u011fi sa\u011flayan ki\u015filere maddi bir kaynak sa\u011flar. Ancak bir\u00e7ok ki\u015fi <strong>evde bak\u0131m maa\u015f\u0131 ka\u00e7 ayda ba\u011flan\u0131r<\/strong> sorusunu merak etmektedir. \u00c7\u00fcnk\u00fc bu s\u00fcre\u00e7 ba\u015fvuru yap\u0131lan ildeki yo\u011funlu\u011fa ve ilgili kurumlar\u0131n i\u015flem h\u0131z\u0131na g\u00f6re de\u011fi\u015febilmektedir.<\/p>\n\n\n\n<div id=\"ez-toc-container\" class=\"ez-toc-v2_0_82_2 counter-hierarchy ez-toc-counter ez-toc-grey ez-toc-container-direction\">\n<div class=\"ez-toc-title-container\">\n<p class=\"ez-toc-title\" style=\"cursor:inherit\">\u0130\u00e7indekiler<\/p>\n<span class=\"ez-toc-title-toggle\"><a href=\"#\" class=\"ez-toc-pull-right ez-toc-btn ez-toc-btn-xs ez-toc-btn-default ez-toc-toggle\" aria-label=\"\u0130\u00e7indekiler Tablosunu A\u00e7\/Kapat\"><span class=\"ez-toc-js-icon-con\"><span class=\"\"><span class=\"eztoc-hide\" style=\"display:none;\">Toggle<\/span><span class=\"ez-toc-icon-toggle-span\"><svg style=\"fill: #999;color:#999\" xmlns=\"http:\/\/www.w3.org\/2000\/svg\" class=\"list-377408\" width=\"20px\" height=\"20px\" viewBox=\"0 0 24 24\" fill=\"none\"><path d=\"M6 6H4v2h2V6zm14 0H8v2h12V6zM4 11h2v2H4v-2zm16 0H8v2h12v-2zM4 16h2v2H4v-2zm16 0H8v2h12v-2z\" fill=\"currentColor\"><\/path><\/svg><svg style=\"fill: #999;color:#999\" class=\"arrow-unsorted-368013\" xmlns=\"http:\/\/www.w3.org\/2000\/svg\" width=\"10px\" height=\"10px\" viewBox=\"0 0 24 24\" version=\"1.2\" baseProfile=\"tiny\"><path d=\"M18.2 9.3l-6.2-6.3-6.2 6.3c-.2.2-.3.4-.3.7s.1.5.3.7c.2.2.4.3.7.3h11c.3 0 .5-.1.7-.3.2-.2.3-.5.3-.7s-.1-.5-.3-.7zM5.8 14.7l6.2 6.3 6.2-6.3c.2-.2.3-.5.3-.7s-.1-.5-.3-.7c-.2-.2-.4-.3-.7-.3h-11c-.3 0-.5.1-.7.3-.2.2-.3.5-.3.7s.1.5.3.7z\"\/><\/svg><\/span><\/span><\/span><\/a><\/span><\/div>\n<nav><ul class='ez-toc-list ez-toc-list-level-1 ' ><li class='ez-toc-page-1 ez-toc-heading-level-2'><a class=\"ez-toc-link ez-toc-heading-1\" href=\"https:\/\/evdebakimparasimaasi.com\/blog\/evde-bakim-maasi-kac-ayda-baglanir\/#Evde_Bakim_Maasi_Baglanma_Suresi_ve_Basvuru_Islemleri\" >Evde Bak\u0131m Maa\u015f\u0131 Ba\u011flanma S\u00fcresi ve Ba\u015fvuru \u0130\u015flemleri<\/a><\/li><li class='ez-toc-page-1 ez-toc-heading-level-2'><a class=\"ez-toc-link ez-toc-heading-2\" href=\"https:\/\/evdebakimparasimaasi.com\/blog\/evde-bakim-maasi-kac-ayda-baglanir\/#Maasin_Odeme_Zamani_ve_Gecikmeler\" >Maa\u015f\u0131n \u00d6deme Zaman\u0131 ve Gecikmeler<\/a><\/li><li class='ez-toc-page-1 ez-toc-heading-level-2'><a class=\"ez-toc-link ez-toc-heading-3\" href=\"https:\/\/evdebakimparasimaasi.com\/blog\/evde-bakim-maasi-kac-ayda-baglanir\/#Evde_Bakim_Maasi_Icin_Gerekli_Sartlar\" >Evde Bak\u0131m Maa\u015f\u0131 \u0130\u00e7in Gerekli \u015eartlar<\/a><\/li><li class='ez-toc-page-1 ez-toc-heading-level-2'><a class=\"ez-toc-link ez-toc-heading-4\" href=\"https:\/\/evdebakimparasimaasi.com\/blog\/evde-bakim-maasi-kac-ayda-baglanir\/#Evde_Bakim_Maasi_Kesilmesi_Durumlari\" >Evde Bak\u0131m Maa\u015f\u0131 Kesilmesi Durumlar\u0131<\/a><\/li><\/ul><\/nav><\/div>\n<h2 class=\"wp-block-heading\"><span class=\"ez-toc-section\" id=\"Evde_Bakim_Maasi_Baglanma_Suresi_ve_Basvuru_Islemleri\"><\/span>Evde Bak\u0131m Maa\u015f\u0131 Ba\u011flanma S\u00fcresi ve Ba\u015fvuru \u0130\u015flemleri<span class=\"ez-toc-section-end\"><\/span><\/h2>\n\n\n\n<p><strong>Evde bak\u0131m maa\u015f\u0131 ba\u011flanmas\u0131n\u0131n s\u00fcresi<\/strong> farkl\u0131 illerde de\u011fi\u015fiklik g\u00f6sterir. Genel olarak ba\u015fvurunun tamamlanmas\u0131n\u0131n ard\u0131ndan birka\u00e7 ay i\u00e7erisinde sonu\u00e7 al\u0131nmas\u0131 beklenir. Ancak b\u00fcy\u00fck \u015fehirlerdeki yo\u011funluk, s\u00fcreci uzatabilir. Ba\u015fvurular, Sosyal Yard\u0131mla\u015fma ve Dayan\u0131\u015fma Vak\u0131flar\u0131 (SYDV) \u00fczerinden yap\u0131l\u0131r. Ba\u015fvuruda gereken belgeler eksiksiz bir \u015fekilde sunulmal\u0131 ayr\u0131ca ki\u015finin ve bak\u0131c\u0131s\u0131n\u0131n gelir durumu ve bak\u0131m ko\u015fullar\u0131 da de\u011ferlendirilir. Bu i\u015flemler s\u0131ras\u0131nda bazen belgelerde eksiklikler veya yanl\u0131\u015fl\u0131klar ya\u015fanabilir; bu da ba\u015fvurunun s\u00fcresini uzatabilir.<\/p>\n\n\n\n<figure class=\"wp-block-image size-large\"><img fetchpriority=\"high\" decoding=\"async\" width=\"1024\" height=\"582\" src=\"https:\/\/evdebakimparasimaasi.com\/blog\/wp-content\/uploads\/2025\/02\/Evde-bakim-maasi4-1024x582.jpg\" alt=\"\" class=\"wp-image-3499\"\/><\/figure>\n\n\n\n<p>Baz\u0131 ki\u015filer bak\u0131m maa\u015f\u0131n\u0131n 2 veya 3 ay i\u00e7inde ba\u011fland\u0131\u011f\u0131n\u0131 ifade etseler de yo\u011fun n\u00fcfuslu illerde ba\u015fvuru sonu\u00e7lar\u0131 daha uzun s\u00fcrede a\u00e7\u0131klanabilir. \u00d6zellikle ba\u015fvurunun yo\u011fun oldu\u011fu d\u00f6nemlerde, <strong>evde bak\u0131m maa\u015f\u0131 ba\u011flanmas\u0131n\u0131n s\u00fcresi<\/strong> 7 aya kadar uzayabilir. Bu s\u00fcre ba\u015fvurunun yap\u0131ld\u0131\u011f\u0131 ildeki i\u015flem hacmine ve ilgili kurumlar\u0131n \u00e7al\u0131\u015fma h\u0131z\u0131na ba\u011fl\u0131 olarak de\u011fi\u015fir. Ancak genel olarak ba\u015fvurular 5 ile 6 ay i\u00e7inde sonu\u00e7lanmaktad\u0131r. Yani ba\u015fvuru sonras\u0131nda maa\u015f\u0131n ba\u011flanmas\u0131 i\u00e7in ortalama bir s\u00fcre s\u00f6z konusu olabilir.<\/p>\n\n\n\n<h2 class=\"wp-block-heading\"><span class=\"ez-toc-section\" id=\"Maasin_Odeme_Zamani_ve_Gecikmeler\"><\/span>Maa\u015f\u0131n \u00d6deme Zaman\u0131 ve Gecikmeler<span class=\"ez-toc-section-end\"><\/span><\/h2>\n\n\n\n<p>Evde bak\u0131m maa\u015f\u0131 her ay\u0131n 18\u2019ine kadar genellikle d\u00fczenli olarak t\u00fcm illere yat\u0131r\u0131lmaktad\u0131r. Ancak tatil d\u00f6nemleri veya b\u00fcrokratik aksakl\u0131klar gibi durumlar, maa\u015f\u0131n \u00f6denmesinde gecikmelere yol a\u00e7abilir. Yine de, maa\u015f genellikle ay\u0131n ortalar\u0131na kadar tamamlan\u0131r. Bu nedenle <strong>evde bak\u0131m maa\u015f\u0131 kesilmesi<\/strong> durumu da bu t\u00fcr gecikmelerin sonucunda ya\u015fanabilir.<\/p>\n\n\n\n<p>E\u011fer ba\u015fvuru sonu\u00e7lar\u0131, belirtilen s\u00fcrede a\u00e7\u0131klanmazsa, ba\u015fvuru sahibi bu konuda <strong><a href=\"https:\/\/www.cimer.gov.tr\/\" rel=\"nofollow noopener\" target=\"_blank\">C\u0130MER <\/a>\u015fikayeti<\/strong> ile durumu h\u0131zland\u0131rmay\u0131 deneyebilir. Bu t\u00fcr ba\u015fvurular, bazen ba\u015fvuruyu i\u015fleme alacak yetkililerin dikkatini \u00e7ekerek s\u00fcrecin h\u0131zlanmas\u0131na yard\u0131mc\u0131 olabilir.<\/p>\n\n\n\n<h2 class=\"wp-block-heading\"><span class=\"ez-toc-section\" id=\"Evde_Bakim_Maasi_Icin_Gerekli_Sartlar\"><\/span>Evde Bak\u0131m Maa\u015f\u0131 \u0130\u00e7in Gerekli \u015eartlar<span class=\"ez-toc-section-end\"><\/span><\/h2>\n\n\n\n<p>Evde bak\u0131m maa\u015f\u0131 alabilmek i\u00e7in baz\u0131 \u00f6nemli \u015fartlar bulunmaktad\u0131r. \u0130lk olarak ba\u015fvuracak ki\u015finin bak\u0131ma muhta\u00e7 olmas\u0131 gerekir. Bak\u0131ma muhta\u00e7l\u0131k durumu, ki\u015finin g\u00fcnl\u00fck ya\u015fam aktivitelerini yerine getiremeyecek kadar sa\u011fl\u0131\u011f\u0131n\u0131n bozulmu\u015f olmas\u0131yla ilgilidir. Yani ki\u015fi yata\u011fa ba\u011f\u0131ml\u0131 olabilir veya g\u00fcndelik i\u015fler i\u00e7in bir ba\u015fkas\u0131n\u0131n yard\u0131m\u0131na ihtiya\u00e7 duyuyor olabilir.<\/p>\n\n\n\n<p>Di\u011fer bir \u015fart ise gelir durumu ile ilgilidir. Evde bak\u0131m maa\u015f\u0131 almak isteyen ki\u015finin gelir durumu belirli bir s\u0131n\u0131r\u0131n alt\u0131nda olmal\u0131d\u0131r. Gelir durumu, ba\u015fvurunun ge\u00e7erli olup olmayaca\u011f\u0131n\u0131 belirleyen \u00f6nemli bir kriterdir. Ba\u015fvuruyu yapacak ki\u015finin ve bak\u0131c\u0131s\u0131n\u0131n gelirleri g\u00f6z \u00f6n\u00fcnde bulundurularak ki\u015finin ihtiya\u00e7 duydu\u011fu maddi deste\u011fi al\u0131p alamayaca\u011f\u0131na karar verilir.<\/p>\n\n\n\n<figure class=\"wp-block-image size-large\"><img decoding=\"async\" width=\"1024\" height=\"566\" src=\"https:\/\/evdebakimparasimaasi.com\/blog\/wp-content\/uploads\/2025\/02\/Evde-bakim-maasi3-1024x566.jpg\" alt=\"\" class=\"wp-image-3500\"\/><\/figure>\n\n\n\n<p>Ba\u015fvuru s\u00fcrecinde bak\u0131m hizmetinin verilece\u011fi ortam\u0131n uygun olmas\u0131 da gereklidir. Evde bak\u0131m\u0131n verilece\u011fi evin sa\u011fl\u0131k ve g\u00fcvenlik a\u00e7\u0131s\u0131ndan uygun olmas\u0131 beklenir. Ayr\u0131ca bak\u0131m hizmetini sa\u011flayacak ki\u015finin de gerekli e\u011fitim ve donan\u0131ma sahip olmas\u0131 gerekir.<\/p>\n\n\n\n<h2 class=\"wp-block-heading\"><span class=\"ez-toc-section\" id=\"Evde_Bakim_Maasi_Kesilmesi_Durumlari\"><\/span>Evde Bak\u0131m Maa\u015f\u0131 Kesilmesi Durumlar\u0131<span class=\"ez-toc-section-end\"><\/span><\/h2>\n\n\n\n<p><a href=\"https:\/\/evdebakimparasimaasi.com\/blog\/evde-bakim-ayligi-ne-zaman-yatar\/\">Evde bak\u0131m <\/a>maa\u015f\u0131n\u0131n kesilmesi belirli nedenlere dayal\u0131 olarak ger\u00e7ekle\u015febilir. <strong>Evde bak\u0131m maa\u015f\u0131 kesilmesi<\/strong> durumunun en yayg\u0131n nedeni bak\u0131ma muhta\u00e7l\u0131k durumunun de\u011fi\u015fmesidir. \u00d6rne\u011fin ki\u015finin sa\u011fl\u0131k durumu iyile\u015firse veya bak\u0131ma ba\u015fka bir alternatif bulunursa, maa\u015f\u0131n \u00f6denmesi durdurulabilir. Ayn\u0131 \u015fekilde ba\u015fvuru s\u0131ras\u0131nda belirtilen gelir durumu da de\u011fi\u015firse, \u00f6rne\u011fin gelir artarsa maa\u015f kesilebilir.<\/p>\n\n\n\n<p>Bir ba\u015fka \u00f6nemli kesilme nedeni de bak\u0131m hizmetinin sona ermesidir. E\u011fer bak\u0131m hizmeti sonlan\u0131r veya bak\u0131m hizmeti sa\u011flayan ki\u015fi de\u011fi\u015firse, maa\u015f\u0131n \u00f6denmesi durdurulabilir. Ayr\u0131ca ba\u015fvuru s\u0131ras\u0131nda verilen belgelerin eksik veya yanl\u0131\u015f olmas\u0131 da maa\u015f\u0131n kesilmesine yol a\u00e7abilir. Bu durumda, ba\u015fvuru s\u00fcreci durdurulabilir veya maa\u015f \u00f6demesi sonland\u0131r\u0131labilir.<\/p>\n\n\n\n<figure class=\"wp-block-image size-large\"><img decoding=\"async\" width=\"1024\" height=\"576\" src=\"https:\/\/evdebakimparasimaasi.com\/blog\/wp-content\/uploads\/2025\/02\/Evde-bakim-maasi2-1024x576.jpg\" alt=\"\" class=\"wp-image-3501\"\/><\/figure>\n\n\n\n<p>Evde bak\u0131m maa\u015f\u0131n\u0131n kesilmesindeki en \u00f6nemli etkenlerden biri de her y\u0131l yenilenmesi gereken sa\u011fl\u0131k raporunun ge\u00e7erlili\u011fini yitirmesidir. E\u011fer bak\u0131m paras\u0131 i\u00e7in al\u0131nan sa\u011fl\u0131k raporu s\u00fcresi dolmu\u015fsa ve yenilenmemi\u015fse, maa\u015f \u00f6demeleri durdurulabilir.<\/p>\n\n\n\n<p>Evde bak\u0131m maa\u015f\u0131 bak\u0131ma muhta\u00e7 bireyler i\u00e7in b\u00fcy\u00fck bir maddi destek sa\u011flamaktad\u0131r. Ancak bu deste\u011fi alabilmek i\u00e7in ba\u015fvuruda bulunacak ki\u015finin belirli \u015fartlar\u0131 yerine getirmesi gerekmektedir. Ba\u015fvurunun ard\u0131ndan, <strong>evde bak\u0131m maa\u015f\u0131 ba\u011flanma s\u00fcresi<\/strong> birka\u00e7 ay s\u00fcrebilir ve bazen yo\u011funluk nedeniyle daha uzun s\u00fcrebilir. Maa\u015f\u0131n kesilmesi ise bak\u0131m durumu veya gelirdeki de\u011fi\u015fiklikler gibi \u00e7e\u015fitli sebeplerle ger\u00e7ekle\u015febilir. Bu nedenle ba\u015fvuru sahiplerinin s\u00fcreci dikkatle takip etmeleri ve gerekti\u011finde ilgili kurumlarla ileti\u015fime ge\u00e7meleri \u00f6nemlidir.<\/p>\n","protected":false},"excerpt":{"rendered":"<p>Evde bak\u0131m maa\u015f\u0131 \u00f6zellikle bak\u0131ma muhta\u00e7 bireylerin ya\u015fam kalitesini art\u0131rmak amac\u0131yla sunulan devlet destekli \u00f6nemli bir yard\u0131m t\u00fcr\u00fcd\u00fcr. Bu yard\u0131m, engelli veya ya\u015fl\u0131 bireylere evde&#46;&#46;&#46;<\/p>\n","protected":false},"author":2,"featured_media":3502,"comment_status":"open","ping_status":"open","sticky":false,"template":"","format":"standard","meta":{"footnotes":""},"categories":[8],"tags":[],"class_list":["post-3498","post","type-post","status-publish","format-standard","has-post-thumbnail","hentry","category-bilgi"],"_links":{"self":[{"href":"https:\/\/evdebakimparasimaasi.com\/blog\/wp-json\/wp\/v2\/posts\/3498","targetHints":{"allow":["GET"]}}],"collection":[{"href":"https:\/\/evdebakimparasimaasi.com\/blog\/wp-json\/wp\/v2\/posts"}],"about":[{"href":"https:\/\/evdebakimparasimaasi.com\/blog\/wp-json\/wp\/v2\/types\/post"}],"author":[{"embeddable":true,"href":"https:\/\/evdebakimparasimaasi.com\/blog\/wp-json\/wp\/v2\/users\/2"}],"replies":[{"embeddable":true,"href":"https:\/\/evdebakimparasimaasi.com\/blog\/wp-json\/wp\/v2\/comments?post=3498"}],"version-history":[{"count":1,"href":"https:\/\/evdebakimparasimaasi.com\/blog\/wp-json\/wp\/v2\/posts\/3498\/revisions"}],"predecessor-version":[{"id":3710,"href":"https:\/\/evdebakimparasimaasi.com\/blog\/wp-json\/wp\/v2\/posts\/3498\/revisions\/3710"}],"wp:featuredmedia":[{"embeddable":true,"href":"https:\/\/evdebakimparasimaasi.com\/blog\/wp-json\/wp\/v2\/media\/3502"}],"wp:attachment":[{"href":"https:\/\/evdebakimparasimaasi.com\/blog\/wp-json\/wp\/v2\/media?parent=3498"}],"wp:term":[{"taxonomy":"category","embeddable":true,"href":"https:\/\/evdebakimparasimaasi.com\/blog\/wp-json\/wp\/v2\/categories?post=3498"},{"taxonomy":"post_tag","embeddable":true,"href":"https:\/\/evdebakimparasimaasi.com\/blog\/wp-json\/wp\/v2\/tags?post=3498"}],"curies":[{"name":"wp","href":"https:\/\/api.w.org\/{rel}","templated":true}]}}