{"id":3523,"date":"2025-02-04T19:50:34","date_gmt":"2025-02-04T16:50:34","guid":{"rendered":"https:\/\/evdebakimparasimaasi.com\/blog\/?p=3523"},"modified":"2025-02-23T14:39:38","modified_gmt":"2025-02-23T11:39:38","slug":"engelli-maasi-basvuru-sartlari","status":"publish","type":"post","link":"https:\/\/evdebakimparasimaasi.com\/blog\/engelli-maasi-basvuru-sartlari\/","title":{"rendered":"Engelli Maa\u015f\u0131\u00a0Almak \u0130\u00e7in Nereye Ba\u015fvurulur?"},"content":{"rendered":"\n<p>Engelli maa\u015f\u0131, engelli bireylerin ya\u015fam standartlar\u0131n\u0131 y\u00fckseltmek ve sosyal hayata daha aktif kat\u0131l\u0131mlar\u0131n\u0131 sa\u011flamak amac\u0131yla sunulan \u00f6nemli bir destek te\u015fvikidir. Bu yard\u0131mlar, engelli bireylerin kar\u015f\u0131la\u015ft\u0131\u011f\u0131 ekonomik zorluklar\u0131 hafifletmek i\u00e7in tasarlanm\u0131\u015ft\u0131r. Ancak, bu destekten yararlanabilmek i\u00e7in baz\u0131 \u015fartlar\u0131n yerine getirilmesi gerekmektedir. Peki,&nbsp;<strong>engelli maa\u015f\u0131 ba\u015fvuru<\/strong>&nbsp;s\u00fcreci nas\u0131l i\u015fliyor? Kimler bu yard\u0131mdan faydalanabilir? \u0130\u015fte, merak etti\u011finiz t\u00fcm detaylar\u0131 inceleyerek, hak etti\u011finiz deste\u011fi alman\u0131za yard\u0131mc\u0131 olacak bilgiler sunuyoruz.<\/p>\n\n\n\n<div id=\"ez-toc-container\" class=\"ez-toc-v2_0_82_2 counter-hierarchy ez-toc-counter ez-toc-grey ez-toc-container-direction\">\n<div class=\"ez-toc-title-container\">\n<p class=\"ez-toc-title\" style=\"cursor:inherit\">\u0130\u00e7indekiler<\/p>\n<span class=\"ez-toc-title-toggle\"><a href=\"#\" class=\"ez-toc-pull-right ez-toc-btn ez-toc-btn-xs ez-toc-btn-default ez-toc-toggle\" aria-label=\"\u0130\u00e7indekiler Tablosunu A\u00e7\/Kapat\"><span class=\"ez-toc-js-icon-con\"><span class=\"\"><span class=\"eztoc-hide\" style=\"display:none;\">Toggle<\/span><span class=\"ez-toc-icon-toggle-span\"><svg style=\"fill: #999;color:#999\" xmlns=\"http:\/\/www.w3.org\/2000\/svg\" class=\"list-377408\" width=\"20px\" height=\"20px\" viewBox=\"0 0 24 24\" fill=\"none\"><path d=\"M6 6H4v2h2V6zm14 0H8v2h12V6zM4 11h2v2H4v-2zm16 0H8v2h12v-2zM4 16h2v2H4v-2zm16 0H8v2h12v-2z\" fill=\"currentColor\"><\/path><\/svg><svg style=\"fill: #999;color:#999\" class=\"arrow-unsorted-368013\" xmlns=\"http:\/\/www.w3.org\/2000\/svg\" width=\"10px\" height=\"10px\" viewBox=\"0 0 24 24\" version=\"1.2\" baseProfile=\"tiny\"><path d=\"M18.2 9.3l-6.2-6.3-6.2 6.3c-.2.2-.3.4-.3.7s.1.5.3.7c.2.2.4.3.7.3h11c.3 0 .5-.1.7-.3.2-.2.3-.5.3-.7s-.1-.5-.3-.7zM5.8 14.7l6.2 6.3 6.2-6.3c.2-.2.3-.5.3-.7s-.1-.5-.3-.7c-.2-.2-.4-.3-.7-.3h-11c-.3 0-.5.1-.7.3-.2.2-.3.5-.3.7s.1.5.3.7z\"\/><\/svg><\/span><\/span><\/span><\/a><\/span><\/div>\n<nav><ul class='ez-toc-list ez-toc-list-level-1 ' ><li class='ez-toc-page-1 ez-toc-heading-level-2'><a class=\"ez-toc-link ez-toc-heading-1\" href=\"https:\/\/evdebakimparasimaasi.com\/blog\/engelli-maasi-basvuru-sartlari\/#Engelli_Maasi_Nedir_Temel_Bilgiler_ve_Amaclari\" >Engelli Maa\u015f\u0131 Nedir? Temel Bilgiler ve Ama\u00e7lar\u0131<\/a><\/li><li class='ez-toc-page-1 ez-toc-heading-level-2'><a class=\"ez-toc-link ez-toc-heading-2\" href=\"https:\/\/evdebakimparasimaasi.com\/blog\/engelli-maasi-basvuru-sartlari\/#Engelli_Maasi_Alabilmek_Icin_Hangi_Yollar_Izlenmeli\" >Engelli Maa\u015f\u0131 Alabilmek \u0130\u00e7in Hangi Yollar \u0130zlenmeli?<\/a><\/li><li class='ez-toc-page-1 ez-toc-heading-level-2'><a class=\"ez-toc-link ez-toc-heading-3\" href=\"https:\/\/evdebakimparasimaasi.com\/blog\/engelli-maasi-basvuru-sartlari\/#Engelli_Maasi_Kimlere_Verilir\" >Engelli Maa\u015f\u0131 Kimlere Verilir<\/a><\/li><li class='ez-toc-page-1 ez-toc-heading-level-2'><a class=\"ez-toc-link ez-toc-heading-4\" href=\"https:\/\/evdebakimparasimaasi.com\/blog\/engelli-maasi-basvuru-sartlari\/#Engelli_Maasi_Basvuru_Sureci\" >Engelli Maa\u015f\u0131 Ba\u015fvuru S\u00fcreci<\/a><\/li><li class='ez-toc-page-1 ez-toc-heading-level-2'><a class=\"ez-toc-link ez-toc-heading-5\" href=\"https:\/\/evdebakimparasimaasi.com\/blog\/engelli-maasi-basvuru-sartlari\/#Engelli_Maasi_Ne_Kadar_ve_Nasil_Belirlenir\" >Engelli Maa\u015f\u0131 Ne Kadar ve Nas\u0131l Belirlenir?<\/a><\/li><li class='ez-toc-page-1 ez-toc-heading-level-2'><a class=\"ez-toc-link ez-toc-heading-6\" href=\"https:\/\/evdebakimparasimaasi.com\/blog\/engelli-maasi-basvuru-sartlari\/#Engelli_Maasindan_Yararlanmanin_Avantajlari_ve_Destekleyici_Programlar\" >Engelli Maa\u015f\u0131ndan Yararlanman\u0131n Avantajlar\u0131 ve Destekleyici Programlar<\/a><\/li><li class='ez-toc-page-1 ez-toc-heading-level-2'><a class=\"ez-toc-link ez-toc-heading-7\" href=\"https:\/\/evdebakimparasimaasi.com\/blog\/engelli-maasi-basvuru-sartlari\/#Sikca_Sorulan_Sorular\" >S\u0131k\u00e7a Sorulan Sorular<\/a><\/li><li class='ez-toc-page-1 ez-toc-heading-level-2'><a class=\"ez-toc-link ez-toc-heading-8\" href=\"https:\/\/evdebakimparasimaasi.com\/blog\/engelli-maasi-basvuru-sartlari\/#Engelli_Maasi_ile_Ilgili_Yenilikler_ve_Guncel_Degisiklikler\" >Engelli Maa\u015f\u0131 ile \u0130lgili Yenilikler ve G\u00fcncel De\u011fi\u015fiklikler<\/a><\/li><\/ul><\/nav><\/div>\n<h2 class=\"wp-block-heading\"><span class=\"ez-toc-section\" id=\"Engelli_Maasi_Nedir_Temel_Bilgiler_ve_Amaclari\"><\/span>Engelli Maa\u015f\u0131 Nedir? Temel Bilgiler ve Ama\u00e7lar\u0131<span class=\"ez-toc-section-end\"><\/span><\/h2>\n\n\n\n<p><strong>Engelli maa\u015f\u0131<\/strong>, bedensel veya zihinsel farkl\u0131l\u0131klar\u0131 olan bireylerin ya\u015fam standartlar\u0131n\u0131 y\u00fckseltmeyi hedefleyen bir sosyal yard\u0131md\u0131r. T\u00fcrkiye&#8217;de Devlet, bu yard\u0131mla hem ekonomik deste\u011fi sa\u011flamaktad\u0131r hem de toplumsal entegrasyonu te\u015fvik etmektedir.<strong><a href=\"https:\/\/evdebakimparasimaasi.com\/blog\">\u00a0Engelli<\/a> maa\u015f\u0131<\/strong>\u00a0alabilmek i\u00e7in belirli\u00a0<strong>engelli maa\u015f\u0131 \u015fartlar\u0131<\/strong>\u00a0vard\u0131r. Bu \u015fartlar, engel durumunun derecesine g\u00f6re de\u011fi\u015fkenlik g\u00f6stermektedir. Ayr\u0131ca, s\u00f6z konusu yard\u0131m\u0131n al\u0131nabilmesi i\u00e7in gerekli evraklarla birlikte ba\u015fvuru s\u00fcrecinin titizlikle y\u00fcr\u00fct\u00fclmesi gerekmektedir.<\/p>\n\n\n\n<h2 class=\"wp-block-heading\"><span class=\"ez-toc-section\" id=\"Engelli_Maasi_Alabilmek_Icin_Hangi_Yollar_Izlenmeli\"><\/span>Engelli Maa\u015f\u0131 Alabilmek \u0130\u00e7in Hangi Yollar \u0130zlenmeli?<span class=\"ez-toc-section-end\"><\/span><\/h2>\n\n\n\n<p>Engelli maa\u015f\u0131 almak i\u00e7in gerekli ba\u015fvurular, sosyal yard\u0131mla\u015fma ve dayan\u0131\u015fma vak\u0131flar\u0131na veya Aile ve Sosyal Hizmetler Bakanl\u0131\u011f\u0131 il m\u00fcd\u00fcrl\u00fcklerine yap\u0131lmal\u0131d\u0131r. Ba\u015fvuru s\u00fcrecinde gerekli belgeler aras\u0131nda sa\u011fl\u0131k raporu, kimlik fotokopisi ve ikametgah belgesi bulunmaktad\u0131r. Ayr\u0131ca, ba\u015fvuru sonras\u0131 durumunuzun incelenece\u011fini unutmaman\u0131z \u00f6nemlidir. Yerel makamlar, yap\u0131lan ba\u015fvurular\u0131 de\u011ferlendirerek, sizi bu yard\u0131mdan faydaland\u0131rma karar\u0131 verecektir.<\/p>\n\n\n\n<h2 class=\"wp-block-heading\"><span class=\"ez-toc-section\" id=\"Engelli_Maasi_Kimlere_Verilir\"><\/span>Engelli Maa\u015f\u0131 Kimlere Verilir<span class=\"ez-toc-section-end\"><\/span><\/h2>\n\n\n\n<p>\u00dclkemizde&nbsp;<strong>engelli maa\u015f\u0131<\/strong>, fiziksel veya zihinsel engeli bulunan bireyler i\u00e7in \u00f6nemli bir destek mekanizmas\u0131d\u0131r. Ba\u015fvuru yapabilmek i\u00e7in \u00f6ncelikle t\u0131bbi rapor ile engellilik durumunuzu belgelemeniz gerekir. Bununla birlikte, hanenizin gelir durumu da g\u00f6z \u00f6n\u00fcnde bulundurulmaktad\u0131r. Ba\u015fvurular\u0131n\u0131z\u0131 Sosyal Yard\u0131m ve Dayan\u0131\u015fma Vak\u0131flar\u0131\u2019na yapabilirsiniz. Dikkat edilmesi gereken \u00f6nemli noktalar aras\u0131nda engel oran\u0131 ve gerekli belgelerin eksiksiz sunulmas\u0131 yer al\u0131r. Ancak, her ba\u015fvuru kabul edilmeyebilir. Bu nedenle detayl\u0131 bir ara\u015ft\u0131rma yapmak faydal\u0131 olacakt\u0131r.<\/p>\n\n\n\n<h2 class=\"wp-block-heading\"><span class=\"ez-toc-section\" id=\"Engelli_Maasi_Basvuru_Sureci\"><\/span>Engelli Maa\u015f\u0131 Ba\u015fvuru S\u00fcreci<span class=\"ez-toc-section-end\"><\/span><\/h2>\n\n\n\n<p>Engelli maa\u015f\u0131 ba\u015fvurusu, dikkat gerektiren bir s\u00fcre\u00e7tir. \u0130lk ad\u0131m, gerekli belgelerin haz\u0131rlanmas\u0131d\u0131r. Bu belgeler aras\u0131nda sa\u011fl\u0131k raporu, kimlik fotokopisi ve ikametgah belgesi bulunmaktad\u0131r. Ba\u015fvuru formunu doldurduktan sonra, ba\u011fl\u0131 bulundu\u011funuz sosyal yard\u0131mla\u015fma ve dayan\u0131\u015fma vakf\u0131na teslim etmelisiniz. S\u00fcre\u00e7 genellikle birka\u00e7 hafta s\u00fcrse de, inceleme a\u015famas\u0131nda belirsizlikler ortaya \u00e7\u0131kabilir. Ba\u015fvurunuzun sonucunu \u00f6\u011frenmek i\u00e7in vakf\u0131n\u0131zla d\u00fczenli ileti\u015fimde kalmak \u00f6nemlidir. Unutmay\u0131n,&nbsp;<strong>engelli maa\u015f\u0131<\/strong>&nbsp;almak i\u00e7in t\u00fcm ad\u0131mlar\u0131 eksiksiz takip etmek gerekiyor.<\/p>\n\n\n\n<h2 class=\"wp-block-heading\"><span class=\"ez-toc-section\" id=\"Engelli_Maasi_Ne_Kadar_ve_Nasil_Belirlenir\"><\/span>Engelli Maa\u015f\u0131 Ne Kadar ve Nas\u0131l Belirlenir?<span class=\"ez-toc-section-end\"><\/span><\/h2>\n\n\n\n<p><strong>Engelli maa\u015f\u0131<\/strong>, T\u00fcrkiye\u2019de farkl\u0131 kriterlere g\u00f6re belirlenmektedir. Ayl\u0131k \u00f6demeler, engel oran\u0131, gelir durumu ve hane i\u00e7indeki ki\u015fi say\u0131s\u0131na g\u00f6re de\u011fi\u015fiklik g\u00f6sterir. Genel olarak, a\u015fa\u011f\u0131daki unsurlar g\u00f6z \u00f6n\u00fcnde bulundurulur:<\/p>\n\n\n\n<ol class=\"wp-block-list\">\n<li>Engel Oran\u0131: Engelli bireyin y\u00fczde ka\u00e7 oran\u0131nda engeli oldu\u011funa g\u00f6re de\u011fi\u015fiklik g\u00f6sterir.<\/li>\n\n\n\n<li>Gelir Durumu: Bireyin veya ailesinin ayl\u0131k gelirine dayal\u0131 olarak de\u011ferlendirilir.<\/li>\n\n\n\n<li>Hane H\u00fck\u00fcmeti: Hane i\u00e7inde ka\u00e7 ki\u015finin bulundu\u011fu maa\u015f\u0131 etkiler.<\/li>\n<\/ol>\n\n\n\n<p>Maa\u015f miktar\u0131, y\u0131ll\u0131k olarak belirlenen asgari \u00fccretle ili\u015fkilidir ve&nbsp;<strong>engelli maa\u015f\u0131<\/strong>&nbsp;alabilmek i\u00e7in belirlenen kriterlerin sa\u011flanmas\u0131 gerekir. Yani, her bireyin durumu kendine \u00f6zg\u00fcd\u00fcr. Bu nedenle, d\u00fczenli olarak sosyal yard\u0131m s\u00fcre\u00e7lerini takip etmek \u00f6nemlidir. Unutulmamal\u0131d\u0131r ki, her y\u0131l d\u00fczenlenen de\u011ferlendirmelerle maa\u015flar g\u00fcncellenebilir.<\/p>\n\n\n\n<h2 class=\"wp-block-heading\"><span class=\"ez-toc-section\" id=\"Engelli_Maasindan_Yararlanmanin_Avantajlari_ve_Destekleyici_Programlar\"><\/span>Engelli Maa\u015f\u0131ndan Yararlanman\u0131n Avantajlar\u0131 ve Destekleyici Programlar<span class=\"ez-toc-section-end\"><\/span><\/h2>\n\n\n\n<p>Engelli maa\u015f\u0131, ihtiya\u00e7 sahipleri i\u00e7in maddi bir destek sunar. Bu&nbsp;<strong>engelli maa\u015f\u0131<\/strong>&nbsp;sayesinde, ekonomik zorluklar hafiflenir ve hayat kalitesi artar. Bunun yan\u0131nda, \u00e7e\u015fitli&nbsp;<strong>destekleyici programlar<\/strong>&nbsp;da mevcuttur. Bu programlar, toplumsal entegrasyonu destekler ve bireylerin ya\u015fam becerilerini geli\u015ftirmelerine yard\u0131mc\u0131 olur. \u00d6zellikle e\u011fitim ve rehabilitasyon hizmetleri, engellilerin topluma kazand\u0131r\u0131lmas\u0131nda \u00f6nemli rol oynar. Bu nedenle, herkesin bu imkanlardan yararlanmas\u0131 kritik bir \u00f6neme sahiptir. Unutmamak gerekir ki,&nbsp;<strong>engelli maa\u015f\u0131<\/strong>&nbsp;sadece bir destek de\u011fil, ayn\u0131 zamanda bir umuttur.<\/p>\n\n\n\n<h2 class=\"wp-block-heading\"><span class=\"ez-toc-section\" id=\"Sikca_Sorulan_Sorular\"><\/span>S\u0131k\u00e7a Sorulan Sorular<span class=\"ez-toc-section-end\"><\/span><\/h2>\n\n\n\n<p><strong>Engelli maa\u015f\u0131<\/strong>&nbsp;almak i\u00e7in gerekli \u015fartlar ve ba\u015fvuru s\u00fcre\u00e7leri s\u0131k\u00e7a kafa kar\u0131\u015ft\u0131r\u0131c\u0131 olabilir. Bu nedenle, bir\u00e7ok ki\u015fi hangi belgelerin gerekti\u011fini ve ba\u015fvurunun nas\u0131l yap\u0131ld\u0131\u011f\u0131n\u0131 merak eder. Genellikle, engelli raporu, kimlik fotokopisi ve ikametgah belgesi gibi evraklar talep edilir. Ancak, her durumda ge\u00e7erli olan kriterler de\u011fi\u015febilir. Yine de, ba\u015fvuru s\u00fcrecinde do\u011fru bilgi almak i\u00e7in Sosyal Hizmetler M\u00fcd\u00fcrl\u00fc\u011f\u00fc ile ileti\u015fime ge\u00e7mek \u00f6nemlidir.<\/p>\n\n\n\n<blockquote class=\"wp-block-quote is-layout-flow wp-block-quote-is-layout-flow\">\n<p>&#8220;Engelli maa\u015f\u0131, bireylerin ya\u015fam standartlar\u0131n\u0131 y\u00fckseltmek i\u00e7in \u00f6nemli bir destektir.&#8221;<\/p>\n<\/blockquote>\n\n\n\n<h2 class=\"wp-block-heading\"><span class=\"ez-toc-section\" id=\"Engelli_Maasi_ile_Ilgili_Yenilikler_ve_Guncel_Degisiklikler\"><\/span>Engelli Maa\u015f\u0131 ile \u0130lgili Yenilikler ve G\u00fcncel De\u011fi\u015fiklikler<span class=\"ez-toc-section-end\"><\/span><\/h2>\n\n\n\n<p>Son zamanlarda&nbsp;<strong>engelli maa\u015f\u0131<\/strong>&nbsp;sisteminde baz\u0131 \u00f6nemli de\u011fi\u015fiklikler ger\u00e7ekle\u015fti. Bu de\u011fi\u015fiklikler, hem engelli bireyleri hem de ailelerini direkt etkileyen unsurlar i\u00e7eriyor. Yeni d\u00fczenlemeler, maa\u015flar\u0131n g\u00fcncellenmesi ve ba\u015fvuru s\u00fcre\u00e7lerinin kolayla\u015ft\u0131r\u0131lmas\u0131 gibi konular\u0131 kapsamaktad\u0131r. Bu kapsamda, dikkat edilmesi gereken birka\u00e7 madde var:<\/p>\n\n\n\n<ol class=\"wp-block-list\">\n<li><strong>Engelli raporu<\/strong>: Raporun s\u00fcreklili\u011fi ve ge\u00e7erlili\u011fi \u00f6nem ta\u015f\u0131yor.<\/li>\n\n\n\n<li><strong>Maa\u015f art\u0131\u015flar\u0131<\/strong>: Belirli aral\u0131klarla yap\u0131lan art\u0131\u015flar takip edilmeli.<\/li>\n\n\n\n<li><strong>Ba\u015fvuru s\u00fcreci<\/strong>: Ba\u015fvuru yaparken gereken belgeleri eksiksiz toplamak elzem.<\/li>\n<\/ol>\n\n\n\n<p>G\u00fcncellemeleri takip etmek, bu s\u00fcre\u00e7te \u00f6nemli bir rol oynamaktad\u0131r. Ne var ki baz\u0131 detaylar kafa kar\u0131\u015ft\u0131r\u0131c\u0131 olabiliyor. Ama bu d\u00f6n\u00fc\u015f\u00fcmler, engelli bireylerin ya\u015fam standartlar\u0131n\u0131 y\u00fckseltmeyi hedefliyor. Dolay\u0131s\u0131yla, zaman\u0131nda bilgi edinmek kritik bir \u00f6neme sahiptir.<\/p>\n","protected":false},"excerpt":{"rendered":"<p>Engelli maa\u015f\u0131, engelli bireylerin ya\u015fam standartlar\u0131n\u0131 y\u00fckseltmek ve sosyal hayata daha aktif kat\u0131l\u0131mlar\u0131n\u0131 sa\u011flamak amac\u0131yla sunulan \u00f6nemli bir destek te\u015fvikidir. Bu yard\u0131mlar, engelli bireylerin kar\u015f\u0131la\u015ft\u0131\u011f\u0131&#46;&#46;&#46;<\/p>\n","protected":false},"author":1,"featured_media":3539,"comment_status":"open","ping_status":"open","sticky":false,"template":"","format":"standard","meta":{"footnotes":""},"categories":[1],"tags":[],"class_list":["post-3523","post","type-post","status-publish","format-standard","has-post-thumbnail","hentry","category-guncel"],"_links":{"self":[{"href":"https:\/\/evdebakimparasimaasi.com\/blog\/wp-json\/wp\/v2\/posts\/3523","targetHints":{"allow":["GET"]}}],"collection":[{"href":"https:\/\/evdebakimparasimaasi.com\/blog\/wp-json\/wp\/v2\/posts"}],"about":[{"href":"https:\/\/evdebakimparasimaasi.com\/blog\/wp-json\/wp\/v2\/types\/post"}],"author":[{"embeddable":true,"href":"https:\/\/evdebakimparasimaasi.com\/blog\/wp-json\/wp\/v2\/users\/1"}],"replies":[{"embeddable":true,"href":"https:\/\/evdebakimparasimaasi.com\/blog\/wp-json\/wp\/v2\/comments?post=3523"}],"version-history":[{"count":1,"href":"https:\/\/evdebakimparasimaasi.com\/blog\/wp-json\/wp\/v2\/posts\/3523\/revisions"}],"predecessor-version":[{"id":3704,"href":"https:\/\/evdebakimparasimaasi.com\/blog\/wp-json\/wp\/v2\/posts\/3523\/revisions\/3704"}],"wp:featuredmedia":[{"embeddable":true,"href":"https:\/\/evdebakimparasimaasi.com\/blog\/wp-json\/wp\/v2\/media\/3539"}],"wp:attachment":[{"href":"https:\/\/evdebakimparasimaasi.com\/blog\/wp-json\/wp\/v2\/media?parent=3523"}],"wp:term":[{"taxonomy":"category","embeddable":true,"href":"https:\/\/evdebakimparasimaasi.com\/blog\/wp-json\/wp\/v2\/categories?post=3523"},{"taxonomy":"post_tag","embeddable":true,"href":"https:\/\/evdebakimparasimaasi.com\/blog\/wp-json\/wp\/v2\/tags?post=3523"}],"curies":[{"name":"wp","href":"https:\/\/api.w.org\/{rel}","templated":true}]}}