{"id":3525,"date":"2025-02-03T19:40:39","date_gmt":"2025-02-03T16:40:39","guid":{"rendered":"https:\/\/evdebakimparasimaasi.com\/blog\/?p=3525"},"modified":"2025-02-23T14:39:39","modified_gmt":"2025-02-23T11:39:39","slug":"65-yas-ayligi-nasil-alinir-2025","status":"publish","type":"post","link":"https:\/\/evdebakimparasimaasi.com\/blog\/65-yas-ayligi-nasil-alinir-2025\/","title":{"rendered":"65 Ya\u015f Ayl\u0131\u011f\u0131 Nas\u0131l Al\u0131n\u0131r? 2025 65 Ya\u015f Ayl\u0131\u011f\u0131 Ne Kadar?"},"content":{"rendered":"\n<p><strong>65 ya\u015f ayl\u0131\u011f\u0131<\/strong> ya\u015fl\u0131 vatanda\u015flar i\u00e7in devlet taraf\u0131ndan sa\u011flanan \u00f6nemli bir ekonomik destek program\u0131d\u0131r. Bu program \u00f6zellikle sosyal g\u00fcvence ve d\u00fczenli geliri olmayan, 65 ya\u015f\u0131n\u0131 dolduran bireylerin ya\u015fam standartlar\u0131n\u0131 iyile\u015ftirmeyi hedefler. T\u00fcrkiye&#8217;de <strong>65 ya\u015f ayl\u0131\u011f\u0131 ba\u015fvurusu<\/strong> yaparak bu yard\u0131mdan yararlanmak isteyenler i\u00e7in belirli \u015fartlar bulunmaktad\u0131r.<\/p>\n\n\n\n<div id=\"ez-toc-container\" class=\"ez-toc-v2_0_82_2 counter-hierarchy ez-toc-counter ez-toc-grey ez-toc-container-direction\">\n<div class=\"ez-toc-title-container\">\n<p class=\"ez-toc-title\" style=\"cursor:inherit\">\u0130\u00e7indekiler<\/p>\n<span class=\"ez-toc-title-toggle\"><a href=\"#\" class=\"ez-toc-pull-right ez-toc-btn ez-toc-btn-xs ez-toc-btn-default ez-toc-toggle\" aria-label=\"\u0130\u00e7indekiler Tablosunu A\u00e7\/Kapat\"><span class=\"ez-toc-js-icon-con\"><span class=\"\"><span class=\"eztoc-hide\" style=\"display:none;\">Toggle<\/span><span class=\"ez-toc-icon-toggle-span\"><svg style=\"fill: #999;color:#999\" xmlns=\"http:\/\/www.w3.org\/2000\/svg\" class=\"list-377408\" width=\"20px\" height=\"20px\" viewBox=\"0 0 24 24\" fill=\"none\"><path d=\"M6 6H4v2h2V6zm14 0H8v2h12V6zM4 11h2v2H4v-2zm16 0H8v2h12v-2zM4 16h2v2H4v-2zm16 0H8v2h12v-2z\" fill=\"currentColor\"><\/path><\/svg><svg style=\"fill: #999;color:#999\" class=\"arrow-unsorted-368013\" xmlns=\"http:\/\/www.w3.org\/2000\/svg\" width=\"10px\" height=\"10px\" viewBox=\"0 0 24 24\" version=\"1.2\" baseProfile=\"tiny\"><path d=\"M18.2 9.3l-6.2-6.3-6.2 6.3c-.2.2-.3.4-.3.7s.1.5.3.7c.2.2.4.3.7.3h11c.3 0 .5-.1.7-.3.2-.2.3-.5.3-.7s-.1-.5-.3-.7zM5.8 14.7l6.2 6.3 6.2-6.3c.2-.2.3-.5.3-.7s-.1-.5-.3-.7c-.2-.2-.4-.3-.7-.3h-11c-.3 0-.5.1-.7.3-.2.2-.3.5-.3.7s.1.5.3.7z\"\/><\/svg><\/span><\/span><\/span><\/a><\/span><\/div>\n<nav><ul class='ez-toc-list ez-toc-list-level-1 ' ><li class='ez-toc-page-1 ez-toc-heading-level-2'><a class=\"ez-toc-link ez-toc-heading-1\" href=\"https:\/\/evdebakimparasimaasi.com\/blog\/65-yas-ayligi-nasil-alinir-2025\/#65_Yas_Ayligi_Basvurusu_Yapabilecek_Kimlerdir\" >65 Ya\u015f Ayl\u0131\u011f\u0131 Ba\u015fvurusu Yapabilecek Kimlerdir?<\/a><\/li><li class='ez-toc-page-1 ez-toc-heading-level-2'><a class=\"ez-toc-link ez-toc-heading-2\" href=\"https:\/\/evdebakimparasimaasi.com\/blog\/65-yas-ayligi-nasil-alinir-2025\/#65_Yas_Ayligi_Basvurusu_Nereden_Yapilir\" >65 Ya\u015f Ayl\u0131\u011f\u0131 Ba\u015fvurusu Nereden Yap\u0131l\u0131r?<\/a><\/li><li class='ez-toc-page-1 ez-toc-heading-level-2'><a class=\"ez-toc-link ez-toc-heading-3\" href=\"https:\/\/evdebakimparasimaasi.com\/blog\/65-yas-ayligi-nasil-alinir-2025\/#65_Yas_Ayligi_Ne_Kadar\" >65 Ya\u015f Ayl\u0131\u011f\u0131 Ne Kadar?<\/a><\/li><li class='ez-toc-page-1 ez-toc-heading-level-2'><a class=\"ez-toc-link ez-toc-heading-4\" href=\"https:\/\/evdebakimparasimaasi.com\/blog\/65-yas-ayligi-nasil-alinir-2025\/#65_Yas_Ayligi_Almak_Icin_Hangi_Sartlar_Gereklidir\" >65 Ya\u015f Ayl\u0131\u011f\u0131 Almak \u0130\u00e7in Hangi \u015eartlar Gereklidir?<\/a><\/li><li class='ez-toc-page-1 ez-toc-heading-level-2'><a class=\"ez-toc-link ez-toc-heading-5\" href=\"https:\/\/evdebakimparasimaasi.com\/blog\/65-yas-ayligi-nasil-alinir-2025\/#65_Yas_Ayligi_Basvurusu_Icin_E-Devlet_Kullanilabilir_Mi\" >65 Ya\u015f Ayl\u0131\u011f\u0131 Ba\u015fvurusu \u0130\u00e7in E-Devlet Kullan\u0131labilir Mi?<\/a><\/li><\/ul><\/nav><\/div>\n<h2 class=\"wp-block-heading\"><span class=\"ez-toc-section\" id=\"65_Yas_Ayligi_Basvurusu_Yapabilecek_Kimlerdir\"><\/span>65 Ya\u015f Ayl\u0131\u011f\u0131 Ba\u015fvurusu Yapabilecek Kimlerdir?<span class=\"ez-toc-section-end\"><\/span><\/h2>\n\n\n\n<p>65 ya\u015f i\u00e7in ayl\u0131k almak i\u00e7in ba\u015fvuruda bulunabilecek ki\u015filer T\u00fcrkiye Cumhuriyeti vatanda\u015f\u0131 olup <strong>65 ya\u015f ayl\u0131\u011f\u0131 2025<\/strong> y\u0131l\u0131 i\u00e7in belirlenen \u015fartlara uyan ki\u015filerdir. Ba\u015fvuru yapacak ki\u015finin d\u00fczenli bir gelirinin ve sosyal g\u00fcvenli\u011finin olmamas\u0131 gerekmektedir. Ayr\u0131ca Sosyal G\u00fcvenlik Kurumu&#8217;ndan emekli maa\u015f\u0131 alm\u0131yor olmalar\u0131 da ba\u015fvuru \u015fartlar\u0131ndan biridir. Bu deste\u011fi alabilmek i\u00e7in, ba\u015fvuru yapan ki\u015finin ikamet adresinin T\u00fcrkiye&#8217;de olmas\u0131 zorunludur.<\/p>\n\n\n\n<p><a href=\"https:\/\/evdebakimparasimaasi.com\/blog\/kimler-engelli-ayligi-alabilir-basvuru-sureci-ve-gereksinimler\/\">Ba\u015fvuru<\/a> yapacak ki\u015filerin ya\u015fad\u0131\u011f\u0131 hanenin toplam geliri asgari \u00fccretin alt\u0131nda olmal\u0131d\u0131r. Bu, aile bireylerinin gelir durumunun g\u00f6z \u00f6n\u00fcnde bulundurulmas\u0131 gerekti\u011fi anlam\u0131na gelir. Evde \u00e7al\u0131\u015fan bir ki\u015fi ya da sosyal g\u00fcvencesi bulunan bir aile bireyi olan ki\u015filerin ba\u015fvurusu genellikle kabul edilmez.<\/p>\n\n\n\n<figure class=\"wp-block-image size-large\"><img fetchpriority=\"high\" decoding=\"async\" width=\"1024\" height=\"576\" src=\"https:\/\/evdebakimparasimaasi.com\/blog\/wp-content\/uploads\/2025\/02\/65-yas-ayligi4-1024x576.jpg\" alt=\"\" class=\"wp-image-3526\"\/><\/figure>\n\n\n\n<h2 class=\"wp-block-heading\"><span class=\"ez-toc-section\" id=\"65_Yas_Ayligi_Basvurusu_Nereden_Yapilir\"><\/span>65 Ya\u015f Ayl\u0131\u011f\u0131 Ba\u015fvurusu Nereden Yap\u0131l\u0131r?<span class=\"ez-toc-section-end\"><\/span><\/h2>\n\n\n\n<p><strong>65 ya\u015f ayl\u0131\u011f\u0131 ba\u015fvurusu<\/strong> Sosyal Yard\u0131mla\u015fma ve Dayan\u0131\u015fma Vakf\u0131 (SYDV) \u00fczerinden yap\u0131labilir. Ayr\u0131ca ba\u015fvurular Aile, \u00c7al\u0131\u015fma ve Sosyal Politikalar Bakanl\u0131\u011f\u0131n\u0131n il veya il\u00e7e m\u00fcd\u00fcrl\u00fckleri arac\u0131l\u0131\u011f\u0131yla da al\u0131nmaktad\u0131r. Ba\u015fvuru yapacak ki\u015finin, ilgili kurumlardan alaca\u011f\u0131 ba\u015fvuru belgesini doldurup ba\u011fl\u0131 bulundu\u011fu kaymakaml\u0131\u011fa teslim etmesi gerekmektedir. Ba\u015fvurunun kabul edilip edilmedi\u011fi ve ba\u015fvuru sonucu hakk\u0131nda bilgi almak da bu merkezlerden yap\u0131labilir.<\/p>\n\n\n\n<p>Ba\u015fvurular\u0131n ard\u0131ndan, ba\u015fvuruyu de\u011ferlendiren yetkililer, ba\u015fvuru sahibinin t\u00fcm \u015fartlar\u0131 sa\u011flad\u0131\u011f\u0131n\u0131 onaylad\u0131\u011f\u0131nda, <strong>65 ya\u015f ayl\u0131\u011f\u0131 almak<\/strong> i\u00e7in ba\u015fvuru sahibine ayl\u0131k \u00f6deme yap\u0131lmaya ba\u015flan\u0131r. Ba\u015fvurular, belirli bir takvime g\u00f6re i\u015fleme al\u0131n\u0131r ve ba\u015fvuruda kullan\u0131lan belgeler, kimlik bilgilerinin do\u011frulu\u011fu gibi durumlar de\u011ferlendirilerek sonu\u00e7land\u0131r\u0131l\u0131r.<\/p>\n\n\n\n<h2 class=\"wp-block-heading\"><span class=\"ez-toc-section\" id=\"65_Yas_Ayligi_Ne_Kadar\"><\/span>65 Ya\u015f Ayl\u0131\u011f\u0131 Ne Kadar?<span class=\"ez-toc-section-end\"><\/span><\/h2>\n\n\n\n<p>2025 y\u0131l\u0131 itibar\u0131yla <strong>65 ya\u015f i\u00e7in ayl\u0131k 2025<\/strong> i\u00e7in g\u00fcncellenmi\u015f rakamlar 4664 TL olarak belirlenmi\u015ftir. Bu tutar, \u00f6nceki y\u0131llara g\u00f6re \u00f6nemli bir art\u0131\u015f g\u00f6steriyor. Ancak maa\u015flar\u0131n belirli aral\u0131klarla de\u011fi\u015febilece\u011fi ve enflasyon oranlar\u0131na ba\u011fl\u0131 olarak bu tutar\u0131n yeniden g\u00f6zden ge\u00e7irilebilece\u011fi unutulmamal\u0131d\u0131r. Maa\u015flar, her ay\u0131n 5 ila 9\u2019u aras\u0131nda TC kimlik numaras\u0131n\u0131n son hanesine g\u00f6re yat\u0131r\u0131lmaktad\u0131r.<\/p>\n\n\n\n<p>\u00d6rne\u011fin 2025 y\u0131l\u0131nda oldu\u011fu gibi, 65 ya\u015f\u0131n\u0131 dolduran ve belirli gelir \u015fartlar\u0131n\u0131 sa\u011flayan bireyler, ayl\u0131k olarak bu tutar\u0131 alacaklard\u0131r. Ancak ba\u015fvurular\u0131n kabul edilmesi i\u00e7in ki\u015finin hi\u00e7bir \u015fekilde sigortal\u0131 bir i\u015fte \u00e7al\u0131\u015fm\u0131yor olmas\u0131 ve devlet taraf\u0131ndan verilen ba\u015fka bir maa\u015f alm\u0131yor olmas\u0131 \u015fart\u0131 bulunmaktad\u0131r.<\/p>\n\n\n\n<figure class=\"wp-block-image size-large\"><img decoding=\"async\" width=\"1024\" height=\"603\" src=\"https:\/\/evdebakimparasimaasi.com\/blog\/wp-content\/uploads\/2025\/02\/65-yas-ayligi3-1024x603.jpg\" alt=\"\" class=\"wp-image-3527\"\/><\/figure>\n\n\n\n<h2 class=\"wp-block-heading\"><span class=\"ez-toc-section\" id=\"65_Yas_Ayligi_Almak_Icin_Hangi_Sartlar_Gereklidir\"><\/span>65 Ya\u015f Ayl\u0131\u011f\u0131 Almak \u0130\u00e7in Hangi \u015eartlar Gereklidir?<span class=\"ez-toc-section-end\"><\/span><\/h2>\n\n\n\n<p>65 ya\u015f i\u00e7in ayl\u0131k almak i\u00e7in ba\u015fvuracak ki\u015finin 65 ya\u015f\u0131n\u0131 doldurmu\u015f olmas\u0131 gerekmektedir. Bu ya\u015f s\u0131n\u0131r\u0131n\u0131n tamamlanmas\u0131, ayl\u0131k gelire ba\u015fvurman\u0131n \u00f6n ko\u015fuludur. Ayr\u0131ca ba\u015fvuru sahibinin SGK\u2019dan emekli maa\u015f\u0131 alm\u0131yor olmas\u0131 da bir di\u011fer \u015fartt\u0131r. <strong>65 ya\u015f ayl\u0131\u011f\u0131 almak<\/strong> isteyenler, d\u00fczenli bir gelire sahip olmamal\u0131d\u0131r, yani ki\u015finin hane halk\u0131 gelirinin asgari \u00fccreti ge\u00e7meyecek d\u00fczeyde olmas\u0131 gerekir.<\/p>\n\n\n\n<p>Ba\u015fvuru yapan ki\u015finin, herhangi bir \u015fekilde har\u00e7l\u0131k, yard\u0131mlar ya da ba\u015fka bir gelir kayna\u011f\u0131ndan yararlanmamas\u0131 gerekti\u011fini de unutmamak \u00f6nemlidir. Bu maa\u015f, dar gelirli, sosyal g\u00fcvencesiz ya\u015fl\u0131 vatanda\u015flar i\u00e7in bir sosyal g\u00fcvence g\u00f6revi g\u00f6rmekle birlikte, ba\u015fvurular\u0131n bu \u015fartlar\u0131 yerine getiren ki\u015filerden al\u0131nmas\u0131 beklenmektedir.<\/p>\n\n\n\n<h2 class=\"wp-block-heading\"><span class=\"ez-toc-section\" id=\"65_Yas_Ayligi_Basvurusu_Icin_E-Devlet_Kullanilabilir_Mi\"><\/span>65 Ya\u015f Ayl\u0131\u011f\u0131 Ba\u015fvurusu \u0130\u00e7in E-Devlet Kullan\u0131labilir Mi?<span class=\"ez-toc-section-end\"><\/span><\/h2>\n\n\n\n<p><strong>65 ya\u015f ayl\u0131\u011f\u0131 ba\u015fvurusu<\/strong> yapmak isteyenler i\u00e7in E-Devlet platformu, ba\u015fvuru s\u00fcrecini kolayla\u015ft\u0131ran bir hizmet sunmaktad\u0131r. E-Devlet \u00fczerinden ba\u015fvuru yapmak isteyenler, sisteme giri\u015f yaparak ilgili ba\u015fvuru formunu doldurabilir ve gerekli belgelerle birlikte ba\u015fvurular\u0131n\u0131 tamamlayabilirler. <a href=\"https:\/\/www.turkiye.gov.tr\/\" rel=\"nofollow noopener\" target=\"_blank\">E-Devlet<\/a> ba\u015fvurular\u0131n h\u0131zl\u0131 ve g\u00fcvenilir bir \u015fekilde i\u015fleme al\u0131nmas\u0131n\u0131 sa\u011flayan bir platformdur ve devlet hizmetlerine ula\u015f\u0131m\u0131 olduk\u00e7a kolayla\u015ft\u0131rmaktad\u0131r.<\/p>\n\n\n\n<figure class=\"wp-block-image size-large\"><img decoding=\"async\" width=\"1024\" height=\"683\" src=\"https:\/\/evdebakimparasimaasi.com\/blog\/wp-content\/uploads\/2025\/02\/65-yas-ayligi2-1024x683.jpg\" alt=\"\" class=\"wp-image-3528\"\/><\/figure>\n\n\n\n<p><strong>65 ya\u015f ayl\u0131\u011f\u0131<\/strong> uygulamas\u0131 ya\u015fl\u0131 vatanda\u015flar i\u00e7in \u00f6nemli bir ekonomik destek program\u0131d\u0131r. Bu yard\u0131mdan yararlanmak i\u00e7in ba\u015fvuru yapan ki\u015filerin belirli \u015fartlar\u0131 ta\u015f\u0131mas\u0131 gerekmektedir. 2025 y\u0131l\u0131nda 4664 TL olarak belirlenen maa\u015f, bu deste\u011fi alan vatanda\u015flar\u0131n ya\u015fam kalitesini art\u0131rmaya y\u00f6nelik bir ad\u0131m olarak \u00f6ne \u00e7\u0131kmaktad\u0131r. <strong>65 ya\u015f ayl\u0131\u011f\u0131 almak<\/strong> isteyen vatanda\u015flar, ba\u015fvuru ko\u015fullar\u0131n\u0131 yerine getirerek ve ilgili kurumlara ba\u015fvuru yaparak bu yard\u0131mdan faydalanabilirler.<\/p>\n","protected":false},"excerpt":{"rendered":"<p>65 ya\u015f ayl\u0131\u011f\u0131 ya\u015fl\u0131 vatanda\u015flar i\u00e7in devlet taraf\u0131ndan sa\u011flanan \u00f6nemli bir ekonomik destek program\u0131d\u0131r. Bu program \u00f6zellikle sosyal g\u00fcvence ve d\u00fczenli geliri olmayan, 65 ya\u015f\u0131n\u0131&#46;&#46;&#46;<\/p>\n","protected":false},"author":2,"featured_media":3529,"comment_status":"open","ping_status":"open","sticky":false,"template":"","format":"standard","meta":{"footnotes":""},"categories":[8],"tags":[],"class_list":["post-3525","post","type-post","status-publish","format-standard","has-post-thumbnail","hentry","category-bilgi"],"_links":{"self":[{"href":"https:\/\/evdebakimparasimaasi.com\/blog\/wp-json\/wp\/v2\/posts\/3525","targetHints":{"allow":["GET"]}}],"collection":[{"href":"https:\/\/evdebakimparasimaasi.com\/blog\/wp-json\/wp\/v2\/posts"}],"about":[{"href":"https:\/\/evdebakimparasimaasi.com\/blog\/wp-json\/wp\/v2\/types\/post"}],"author":[{"embeddable":true,"href":"https:\/\/evdebakimparasimaasi.com\/blog\/wp-json\/wp\/v2\/users\/2"}],"replies":[{"embeddable":true,"href":"https:\/\/evdebakimparasimaasi.com\/blog\/wp-json\/wp\/v2\/comments?post=3525"}],"version-history":[{"count":1,"href":"https:\/\/evdebakimparasimaasi.com\/blog\/wp-json\/wp\/v2\/posts\/3525\/revisions"}],"predecessor-version":[{"id":3706,"href":"https:\/\/evdebakimparasimaasi.com\/blog\/wp-json\/wp\/v2\/posts\/3525\/revisions\/3706"}],"wp:featuredmedia":[{"embeddable":true,"href":"https:\/\/evdebakimparasimaasi.com\/blog\/wp-json\/wp\/v2\/media\/3529"}],"wp:attachment":[{"href":"https:\/\/evdebakimparasimaasi.com\/blog\/wp-json\/wp\/v2\/media?parent=3525"}],"wp:term":[{"taxonomy":"category","embeddable":true,"href":"https:\/\/evdebakimparasimaasi.com\/blog\/wp-json\/wp\/v2\/categories?post=3525"},{"taxonomy":"post_tag","embeddable":true,"href":"https:\/\/evdebakimparasimaasi.com\/blog\/wp-json\/wp\/v2\/tags?post=3525"}],"curies":[{"name":"wp","href":"https:\/\/api.w.org\/{rel}","templated":true}]}}