{"id":3541,"date":"2025-02-04T21:24:55","date_gmt":"2025-02-04T18:24:55","guid":{"rendered":"https:\/\/evdebakimparasimaasi.com\/blog\/?p=3541"},"modified":"2025-02-23T14:39:37","modified_gmt":"2025-02-23T11:39:37","slug":"komur-yardimi-nasil-alinir-engelli","status":"publish","type":"post","link":"https:\/\/evdebakimparasimaasi.com\/blog\/komur-yardimi-nasil-alinir-engelli\/","title":{"rendered":"K\u00f6m\u00fcr Yard\u0131m\u0131 Nas\u0131l Al\u0131n\u0131r? Engelliler \u0130\u00e7in Kolayl\u0131k Var m\u0131?"},"content":{"rendered":"\n<p><strong>K\u00f6m\u00fcr yard\u0131m\u0131<\/strong> \u00f6zellikle k\u0131\u015f aylar\u0131nda \u0131s\u0131nma konusunda zorluk ya\u015fayan ihtiya\u00e7 sahibi ailelere sunulan \u00f6nemli bir destek olarak her y\u0131l d\u00fczenli bir \u015fekilde yap\u0131lmaktad\u0131r. So\u011fuk havalarda \u0131s\u0131nma ihtiyac\u0131 bir\u00e7ok ki\u015fi i\u00e7in ciddi bir sorun olu\u015fturabiliyor. Bu nedenle devlet k\u00f6m\u00fcr yard\u0131mlar\u0131 arac\u0131l\u0131\u011f\u0131yla dar gelirli ailelere yard\u0131mc\u0131 olmay\u0131 hedeflemektedir. <strong>K\u00f6m\u00fcr yard\u0131m\u0131 almak<\/strong> isteyen vatanda\u015flar i\u00e7in \u00e7e\u015fitli \u015fartlar ve ba\u015fvuru s\u00fcre\u00e7leri bulunmaktad\u0131r.<\/p>\n\n\n\n<div id=\"ez-toc-container\" class=\"ez-toc-v2_0_82_2 counter-hierarchy ez-toc-counter ez-toc-grey ez-toc-container-direction\">\n<div class=\"ez-toc-title-container\">\n<p class=\"ez-toc-title\" style=\"cursor:inherit\">\u0130\u00e7indekiler<\/p>\n<span class=\"ez-toc-title-toggle\"><a href=\"#\" class=\"ez-toc-pull-right ez-toc-btn ez-toc-btn-xs ez-toc-btn-default ez-toc-toggle\" aria-label=\"\u0130\u00e7indekiler Tablosunu A\u00e7\/Kapat\"><span class=\"ez-toc-js-icon-con\"><span class=\"\"><span class=\"eztoc-hide\" style=\"display:none;\">Toggle<\/span><span class=\"ez-toc-icon-toggle-span\"><svg style=\"fill: #999;color:#999\" xmlns=\"http:\/\/www.w3.org\/2000\/svg\" class=\"list-377408\" width=\"20px\" height=\"20px\" viewBox=\"0 0 24 24\" fill=\"none\"><path d=\"M6 6H4v2h2V6zm14 0H8v2h12V6zM4 11h2v2H4v-2zm16 0H8v2h12v-2zM4 16h2v2H4v-2zm16 0H8v2h12v-2z\" fill=\"currentColor\"><\/path><\/svg><svg style=\"fill: #999;color:#999\" class=\"arrow-unsorted-368013\" xmlns=\"http:\/\/www.w3.org\/2000\/svg\" width=\"10px\" height=\"10px\" viewBox=\"0 0 24 24\" version=\"1.2\" baseProfile=\"tiny\"><path d=\"M18.2 9.3l-6.2-6.3-6.2 6.3c-.2.2-.3.4-.3.7s.1.5.3.7c.2.2.4.3.7.3h11c.3 0 .5-.1.7-.3.2-.2.3-.5.3-.7s-.1-.5-.3-.7zM5.8 14.7l6.2 6.3 6.2-6.3c.2-.2.3-.5.3-.7s-.1-.5-.3-.7c-.2-.2-.4-.3-.7-.3h-11c-.3 0-.5.1-.7.3-.2.2-.3.5-.3.7s.1.5.3.7z\"\/><\/svg><\/span><\/span><\/span><\/a><\/span><\/div>\n<nav><ul class='ez-toc-list ez-toc-list-level-1 ' ><li class='ez-toc-page-1 ez-toc-heading-level-2'><a class=\"ez-toc-link ez-toc-heading-1\" href=\"https:\/\/evdebakimparasimaasi.com\/blog\/komur-yardimi-nasil-alinir-engelli\/#Komur_Yardimi_Kimlere_Verilir\" >K\u00f6m\u00fcr Yard\u0131m\u0131 Kimlere Verilir?<\/a><\/li><li class='ez-toc-page-1 ez-toc-heading-level-2'><a class=\"ez-toc-link ez-toc-heading-2\" href=\"https:\/\/evdebakimparasimaasi.com\/blog\/komur-yardimi-nasil-alinir-engelli\/#Komur_Yardimi_Sartlari_Nelerdir\" >K\u00f6m\u00fcr Yard\u0131m\u0131 \u015eartlar\u0131 Nelerdir?<\/a><\/li><li class='ez-toc-page-1 ez-toc-heading-level-2'><a class=\"ez-toc-link ez-toc-heading-3\" href=\"https:\/\/evdebakimparasimaasi.com\/blog\/komur-yardimi-nasil-alinir-engelli\/#Komur_Yardimi_Nasil_Alinir\" >K\u00f6m\u00fcr Yard\u0131m\u0131 Nas\u0131l Al\u0131n\u0131r?<\/a><\/li><li class='ez-toc-page-1 ez-toc-heading-level-2'><a class=\"ez-toc-link ez-toc-heading-4\" href=\"https:\/\/evdebakimparasimaasi.com\/blog\/komur-yardimi-nasil-alinir-engelli\/#Komur_Yardimi_Basvuru_Sartlari_2025\" >K\u00f6m\u00fcr Yard\u0131m\u0131 Ba\u015fvuru \u015eartlar\u0131 2025<\/a><\/li><li class='ez-toc-page-1 ez-toc-heading-level-2'><a class=\"ez-toc-link ez-toc-heading-5\" href=\"https:\/\/evdebakimparasimaasi.com\/blog\/komur-yardimi-nasil-alinir-engelli\/#Komur_Yardimi_Parasi_Ne_Kadar\" >K\u00f6m\u00fcr Yard\u0131m\u0131 Paras\u0131 Ne Kadar?<\/a><\/li><li class='ez-toc-page-1 ez-toc-heading-level-2'><a class=\"ez-toc-link ez-toc-heading-6\" href=\"https:\/\/evdebakimparasimaasi.com\/blog\/komur-yardimi-nasil-alinir-engelli\/#Komur_Yardimi_Ne_Zaman_Dagitilir\" >K\u00f6m\u00fcr Yard\u0131m\u0131 Ne Zaman Da\u011f\u0131t\u0131l\u0131r?<\/a><\/li><li class='ez-toc-page-1 ez-toc-heading-level-2'><a class=\"ez-toc-link ez-toc-heading-7\" href=\"https:\/\/evdebakimparasimaasi.com\/blog\/komur-yardimi-nasil-alinir-engelli\/#Kaymakamlik_Komur_Yardimi\" >Kaymakaml\u0131k K\u00f6m\u00fcr Yard\u0131m\u0131<\/a><\/li><li class='ez-toc-page-1 ez-toc-heading-level-2'><a class=\"ez-toc-link ez-toc-heading-8\" href=\"https:\/\/evdebakimparasimaasi.com\/blog\/komur-yardimi-nasil-alinir-engelli\/#Komur_Yardimi_Kac_Torba\" >K\u00f6m\u00fcr Yard\u0131m\u0131 Ka\u00e7 Torba?<\/a><\/li><\/ul><\/nav><\/div>\n<h2 class=\"wp-block-heading\"><span class=\"ez-toc-section\" id=\"Komur_Yardimi_Kimlere_Verilir\"><\/span>K\u00f6m\u00fcr Yard\u0131m\u0131 Kimlere Verilir?<span class=\"ez-toc-section-end\"><\/span><\/h2>\n\n\n\n<p><strong>K\u00f6m\u00fcr yard\u0131m\u0131<\/strong> ekonomik s\u0131k\u0131nt\u0131 \u00e7eken ve \u0131s\u0131nma ihtiyac\u0131n\u0131 kar\u015f\u0131lamakta zorluk \u00e7eken vatanda\u015flara verilmektedir. Yard\u0131m, sosyal yard\u0131mla\u015fma ve dayan\u0131\u015fma vak\u0131flar\u0131 taraf\u0131ndan belirlenen kriterlere uygun hanelere y\u00f6nlendirilir. Yard\u0131m\u0131n amac\u0131, k\u0131\u015f aylar\u0131nda vatanda\u015flar\u0131n daha iyi \u015fartlarda ya\u015famalar\u0131n\u0131 sa\u011flamakt\u0131r. <strong>K\u00f6m\u00fcr yard\u0131m\u0131 almak<\/strong> i\u00e7in ki\u015finin ya da ailenin, ekonomik olarak zor durumda olmas\u0131 ve resmi kriterlere uygun olmas\u0131 gerekmektedir. Bu yard\u0131mlar \u00e7o\u011funlukla dar gelirli ailelere y\u00f6nlendirilir.<\/p>\n\n\n\n<figure class=\"wp-block-image size-full\"><img fetchpriority=\"high\" decoding=\"async\" width=\"1024\" height=\"696\" src=\"https:\/\/evdebakimparasimaasi.com\/blog\/wp-content\/uploads\/2025\/02\/Komur-yardimi4.jpg\" alt=\"\" class=\"wp-image-3542\"\/><\/figure>\n\n\n\n<h2 class=\"wp-block-heading\"><span class=\"ez-toc-section\" id=\"Komur_Yardimi_Sartlari_Nelerdir\"><\/span>K\u00f6m\u00fcr Yard\u0131m\u0131 \u015eartlar\u0131 Nelerdir?<span class=\"ez-toc-section-end\"><\/span><\/h2>\n\n\n\n<p><strong>K\u00f6m\u00fcr yard\u0131m\u0131 \u015fartlar\u0131<\/strong> ba\u015fvuruda bulunacak ki\u015filerin kar\u015f\u0131lamas\u0131 gereken baz\u0131 kriterleri i\u00e7ermektedir. Bu \u015fartlar <a href=\"https:\/\/evdebakimparasimaasi.com\/blog\/diger-aile-yardimi-nedir-diger-aile\/\">yard\u0131m\u0131 <\/a>alabilmek i\u00e7in mutlaka sa\u011flanmas\u0131 gereken durumlar\u0131 belirtir.<\/p>\n\n\n\n<ul class=\"wp-block-list\">\n<li>Ba\u015fvuru yapan ki\u015finin ya da ailenin, ekonomik olarak muhta\u00e7 durumda olmas\u0131 gerekmektedir. Yani hane gelirinin belirli bir s\u0131n\u0131r\u0131n alt\u0131nda olmas\u0131 yard\u0131ma ba\u015fvurma hakk\u0131 sa\u011flar.<\/li>\n\n\n\n<li>Yard\u0131m almak isteyen ki\u015finin T\u00fcrkiye Cumhuriyeti vatanda\u015f\u0131 olmas\u0131 ve ba\u015fvuraca\u011f\u0131 yerin ba\u011fl\u0131 oldu\u011fu sosyal yard\u0131mla\u015fma ve dayan\u0131\u015fma vakf\u0131na kayd\u0131n\u0131n olmas\u0131 gerekmektedir. Bu yerel otoriteler taraf\u0131ndan denetlenen bir durumdur.<\/li>\n\n\n\n<li>Yard\u0131m ba\u015fvurusu yap\u0131l\u0131rken kimlik belgesi, ikametg\u00e2h belgesi ve ki\u015finin gelir durumu gibi belgeler talep edilir. Ba\u015fvuru yapan ki\u015filerin bu belgeleri tamamlamas\u0131 \u00f6nemlidir.<\/li>\n<\/ul>\n\n\n\n<h2 class=\"wp-block-heading\"><span class=\"ez-toc-section\" id=\"Komur_Yardimi_Nasil_Alinir\"><\/span>K\u00f6m\u00fcr Yard\u0131m\u0131 Nas\u0131l Al\u0131n\u0131r?<span class=\"ez-toc-section-end\"><\/span><\/h2>\n\n\n\n<p><strong>K\u00f6m\u00fcr yard\u0131m\u0131 almak<\/strong> isteyenler i\u00e7in ba\u015fvuru s\u00fcreci olduk\u00e7a basittir. Ba\u015fvuru hem internet \u00fczerinden hem de bizzat yerel kaymakaml\u0131klar arac\u0131l\u0131\u011f\u0131yla yap\u0131labilmektedir. K\u00f6m\u00fcr yard\u0131m\u0131 ba\u015fvuru s\u00fcrecine dair ad\u0131mlar:<\/p>\n\n\n\n<ul class=\"wp-block-list\">\n<li>En pratik y\u00f6ntemlerden biri <strong>e-Devlet<\/strong> \u00fczerinden ba\u015fvuru yapmakt\u0131r. <strong>K\u00f6m\u00fcr yard\u0131m\u0131 nas\u0131l al\u0131n\u0131r<\/strong> diye merak ediyorsan\u0131z e-Devlet Kap\u0131s\u0131&#8217;na T.C. kimlik numaran\u0131z ve \u015fifrenizle giri\u015f yaparak ba\u015fvurunuzu ger\u00e7ekle\u015ftirebilirsiniz. Sosyal Yard\u0131m Ba\u015fvuru Hizmeti sekmesinden ba\u015fvuru formunu doldurup gerekli belgeleri sisteme y\u00fckleyerek ba\u015fvurunuzu tamamlayabilirsiniz.<\/li>\n\n\n\n<li>Bir di\u011fer ba\u015fvuru yolu ise il\u00e7e veya il kaymakaml\u0131klar\u0131na ait sosyal yard\u0131mla\u015fma vak\u0131flar\u0131d\u0131r. Burada ba\u015fvuru sahibinin ikamet etti\u011fi il\u00e7e veya il\u00e7enin kaymakaml\u0131klar\u0131na ba\u015fvuru yap\u0131larak, gerekli evraklar teslim edilip kay\u0131t alt\u0131na al\u0131n\u0131r.<\/li>\n<\/ul>\n\n\n\n<h2 class=\"wp-block-heading\"><span class=\"ez-toc-section\" id=\"Komur_Yardimi_Basvuru_Sartlari_2025\"><\/span>K\u00f6m\u00fcr Yard\u0131m\u0131 Ba\u015fvuru \u015eartlar\u0131 2025<span class=\"ez-toc-section-end\"><\/span><\/h2>\n\n\n\n<p>2025 y\u0131l\u0131nda <strong>k\u00f6m\u00fcr yard\u0131m\u0131 \u015fartlar\u0131<\/strong> baz\u0131 g\u00fcncellemelerle birlikte uygulanmaktad\u0131r. 2025 y\u0131l\u0131 itibar\u0131yla k\u00f6m\u00fcr yard\u0131m\u0131 almak isteyenlerin kar\u015f\u0131lamas\u0131 gereken \u015fartlar \u015fu \u015fekildedir:<\/p>\n\n\n\n<ul class=\"wp-block-list\">\n<li>Ba\u015fvuru sahiplerinin 2025 y\u0131l\u0131na kadar olan ekonomik ko\u015fullara g\u00f6re belirli gelir seviyelerinin alt\u0131nda olmas\u0131 gerekmektedir. Bu gelir seviyesi hane halk\u0131 ba\u015f\u0131na hesaplan\u0131r ve ba\u015fvurular buna g\u00f6re de\u011ferlendirilir.<\/li>\n\n\n\n<li>E-devlet \u00fczerinden yap\u0131lan ba\u015fvurularda sistemdeki bilgiler do\u011frultusunda ba\u015fvuru yapan ki\u015finin ihtiya\u00e7 durumu kontrol edilir ve yard\u0131ma uygun olup olmad\u0131\u011f\u0131na karar verilir.<\/li>\n\n\n\n<li>Ayr\u0131ca ba\u015fvuru sahiplerinin, sosyal yard\u0131mla\u015fma ve dayan\u0131\u015fma vakf\u0131na kay\u0131tl\u0131 olmas\u0131 gerekmektedir.<\/li>\n<\/ul>\n\n\n\n<figure class=\"wp-block-image size-large\"><img decoding=\"async\" width=\"1024\" height=\"653\" src=\"https:\/\/evdebakimparasimaasi.com\/blog\/wp-content\/uploads\/2025\/02\/Komur-yardimi5-1024x653.jpg\" alt=\"\" class=\"wp-image-3544\"\/><\/figure>\n\n\n\n<h2 class=\"wp-block-heading\"><span class=\"ez-toc-section\" id=\"Komur_Yardimi_Parasi_Ne_Kadar\"><\/span>K\u00f6m\u00fcr Yard\u0131m\u0131 Paras\u0131 Ne Kadar?<span class=\"ez-toc-section-end\"><\/span><\/h2>\n\n\n\n<p>K\u00f6m\u00fcr yard\u0131m\u0131, hanelere her y\u0131l T\u00fcrkiye K\u00f6m\u00fcr \u0130\u015fletmeleri Kurumu (TK\u0130) taraf\u0131ndan sa\u011flan\u0131r. 2025 y\u0131l\u0131 i\u00e7in belirlenen yard\u0131m miktar\u0131, haneler aras\u0131nda farkl\u0131l\u0131k g\u00f6sterebilir. Genellikle, her hane i\u00e7in 500 kilogram ile 1 ton aras\u0131nda k\u00f6m\u00fcr verilmesi \u00f6ng\u00f6r\u00fclmektedir. Bu miktar hane b\u00fcy\u00fckl\u00fc\u011f\u00fc ve b\u00f6lgenin iklim ko\u015fullar\u0131 g\u00f6z \u00f6n\u00fcnde bulundurularak belirlenir.<\/p>\n\n\n\n<h2 class=\"wp-block-heading\"><span class=\"ez-toc-section\" id=\"Komur_Yardimi_Ne_Zaman_Dagitilir\"><\/span>K\u00f6m\u00fcr Yard\u0131m\u0131 Ne Zaman Da\u011f\u0131t\u0131l\u0131r?<span class=\"ez-toc-section-end\"><\/span><\/h2>\n\n\n\n<p>K\u00f6m\u00fcr yard\u0131mlar\u0131 genellikle k\u0131\u015f aylar\u0131n\u0131n gelmesiyle birlikte da\u011f\u0131t\u0131lmaya ba\u015flan\u0131r. T\u00fcrkiye K\u00f6m\u00fcr \u0130\u015fletmeleri Kurumu (TK\u0130) ve <a href=\"https:\/\/www.taskomuru.gov.tr\/ttk\/\" rel=\"nofollow noopener\" target=\"_blank\">T\u00fcrkiye Ta\u015fk\u00f6m\u00fcr\u00fc Kurumu <\/a>(TTK) taraf\u0131ndan da\u011f\u0131t\u0131m yap\u0131l\u0131r. Yard\u0131mlar her y\u0131l Ekim ay\u0131nda ba\u015flar ve ihtiya\u00e7 sahibi hanelere belirli bir plan dahilinde da\u011f\u0131t\u0131l\u0131r. Ba\u015fvuru yapan ailelerin k\u00f6m\u00fcr yard\u0131mlar\u0131, k\u0131\u015f mevsimi \u00f6ncesi evlerine ula\u015facak \u015fekilde organize edilir.<\/p>\n\n\n\n<h2 class=\"wp-block-heading\"><span class=\"ez-toc-section\" id=\"Kaymakamlik_Komur_Yardimi\"><\/span>Kaymakaml\u0131k K\u00f6m\u00fcr Yard\u0131m\u0131<span class=\"ez-toc-section-end\"><\/span><\/h2>\n\n\n\n<p>Kaymakaml\u0131klar k\u00f6m\u00fcr yard\u0131mlar\u0131n\u0131n da\u011f\u0131t\u0131m\u0131nda \u00f6nemli bir rol oynar. \u0130l ve il\u00e7e kaymakaml\u0131klar\u0131 sosyal yard\u0131mla\u015fma ve dayan\u0131\u015fma vak\u0131flar\u0131 arac\u0131l\u0131\u011f\u0131yla, yard\u0131ma en \u00e7ok ihtiya\u00e7 duyan haneleri belirler ve yard\u0131mlar\u0131n da\u011f\u0131t\u0131m\u0131n\u0131 organize eder. Kaymakaml\u0131klar \u00fczerinden yap\u0131lacak ba\u015fvurular bu yard\u0131mlar\u0131n al\u0131m\u0131 i\u00e7in \u00f6nemli bir ad\u0131md\u0131r.<\/p>\n\n\n\n<figure class=\"wp-block-image size-large\"><img decoding=\"async\" width=\"1024\" height=\"576\" src=\"https:\/\/evdebakimparasimaasi.com\/blog\/wp-content\/uploads\/2025\/02\/Komur-yardimi2-1024x576.jpg\" alt=\"\" class=\"wp-image-3545\"\/><\/figure>\n\n\n\n<h2 class=\"wp-block-heading\"><span class=\"ez-toc-section\" id=\"Komur_Yardimi_Kac_Torba\"><\/span>K\u00f6m\u00fcr Yard\u0131m\u0131 Ka\u00e7 Torba?<span class=\"ez-toc-section-end\"><\/span><\/h2>\n\n\n\n<p>Yard\u0131m yap\u0131lan k\u00f6m\u00fcr miktar\u0131 hane ba\u015f\u0131na belirli torba say\u0131s\u0131 ile yap\u0131l\u0131r. Genellikle her hane i\u00e7in 10 ile 20 torba aras\u0131nda k\u00f6m\u00fcr da\u011f\u0131t\u0131lmaktad\u0131r. Bu torbalar ailelerin \u0131s\u0131nma ihtiyac\u0131n\u0131 kar\u015f\u0131layacak \u015fekilde belirlenir.<\/p>\n\n\n\n<p><strong>K\u00f6m\u00fcr yard\u0131m\u0131<\/strong> k\u0131\u015f aylar\u0131nda \u0131s\u0131nma konusunda zorlanan dar gelirli aileler i\u00e7in b\u00fcy\u00fck bir destek sunmaktad\u0131r. <strong>K\u00f6m\u00fcr yard\u0131m\u0131 ba\u015fvuru \u015fartlar\u0131<\/strong> ve ba\u015fvuru s\u00fcre\u00e7leri hakk\u0131nda verilen bilgilerle yard\u0131mdan faydalanmak isteyen ki\u015filerin en do\u011fru \u015fekilde ba\u015fvuru yapmas\u0131 m\u00fcmk\u00fcnd\u00fcr. 2025 y\u0131l\u0131 itibar\u0131yla yap\u0131lan g\u00fcncellemelerle k\u00f6m\u00fcr yard\u0131mlar\u0131n\u0131n daha etkin bir \u015fekilde da\u011f\u0131t\u0131lmas\u0131 hedeflenmektedir. Bu yard\u0131mlar ihtiya\u00e7 sahibi ailelerin ya\u015fam ko\u015fullar\u0131n\u0131 iyile\u015ftirmeye yard\u0131mc\u0131 olmaktad\u0131r.<\/p>\n","protected":false},"excerpt":{"rendered":"<p>K\u00f6m\u00fcr yard\u0131m\u0131 \u00f6zellikle k\u0131\u015f aylar\u0131nda \u0131s\u0131nma konusunda zorluk ya\u015fayan ihtiya\u00e7 sahibi ailelere sunulan \u00f6nemli bir destek olarak her y\u0131l d\u00fczenli bir \u015fekilde yap\u0131lmaktad\u0131r. So\u011fuk havalarda&#46;&#46;&#46;<\/p>\n","protected":false},"author":2,"featured_media":3546,"comment_status":"open","ping_status":"open","sticky":false,"template":"","format":"standard","meta":{"footnotes":""},"categories":[8],"tags":[],"class_list":["post-3541","post","type-post","status-publish","format-standard","has-post-thumbnail","hentry","category-bilgi"],"_links":{"self":[{"href":"https:\/\/evdebakimparasimaasi.com\/blog\/wp-json\/wp\/v2\/posts\/3541","targetHints":{"allow":["GET"]}}],"collection":[{"href":"https:\/\/evdebakimparasimaasi.com\/blog\/wp-json\/wp\/v2\/posts"}],"about":[{"href":"https:\/\/evdebakimparasimaasi.com\/blog\/wp-json\/wp\/v2\/types\/post"}],"author":[{"embeddable":true,"href":"https:\/\/evdebakimparasimaasi.com\/blog\/wp-json\/wp\/v2\/users\/2"}],"replies":[{"embeddable":true,"href":"https:\/\/evdebakimparasimaasi.com\/blog\/wp-json\/wp\/v2\/comments?post=3541"}],"version-history":[{"count":1,"href":"https:\/\/evdebakimparasimaasi.com\/blog\/wp-json\/wp\/v2\/posts\/3541\/revisions"}],"predecessor-version":[{"id":3703,"href":"https:\/\/evdebakimparasimaasi.com\/blog\/wp-json\/wp\/v2\/posts\/3541\/revisions\/3703"}],"wp:featuredmedia":[{"embeddable":true,"href":"https:\/\/evdebakimparasimaasi.com\/blog\/wp-json\/wp\/v2\/media\/3546"}],"wp:attachment":[{"href":"https:\/\/evdebakimparasimaasi.com\/blog\/wp-json\/wp\/v2\/media?parent=3541"}],"wp:term":[{"taxonomy":"category","embeddable":true,"href":"https:\/\/evdebakimparasimaasi.com\/blog\/wp-json\/wp\/v2\/categories?post=3541"},{"taxonomy":"post_tag","embeddable":true,"href":"https:\/\/evdebakimparasimaasi.com\/blog\/wp-json\/wp\/v2\/tags?post=3541"}],"curies":[{"name":"wp","href":"https:\/\/api.w.org\/{rel}","templated":true}]}}