{"id":3553,"date":"2025-02-05T20:30:51","date_gmt":"2025-02-05T17:30:51","guid":{"rendered":"https:\/\/evdebakimparasimaasi.com\/blog\/?p=3553"},"modified":"2025-02-23T14:39:36","modified_gmt":"2025-02-23T11:39:36","slug":"engelli-ulasim-haklari-neler-engelliler-icin-ulasim-haklari-2025","status":"publish","type":"post","link":"https:\/\/evdebakimparasimaasi.com\/blog\/engelli-ulasim-haklari-neler-engelliler-icin-ulasim-haklari-2025\/","title":{"rendered":"Engelli Ula\u015f\u0131m Haklar\u0131 Neler? Engelliler \u0130\u00e7in Ula\u015f\u0131m Haklar\u0131 2025"},"content":{"rendered":"\n<p><strong>Engelli ula\u015f\u0131m haklar\u0131<\/strong> engelli bireylerin toplumda daha aktif bir \u015fekilde yer alabilmesi i\u00e7in devlet taraf\u0131ndan sa\u011flanan \u00f6nemli haklardan biridir. Bu haklar, engelli vatanda\u015flar\u0131n hem ekonomik hem de sosyal anlamda daha rahat bir ya\u015fam s\u00fcrmelerini sa\u011flamay\u0131 ama\u00e7lar. 2025 y\u0131l\u0131 itibariyle <strong>engelliler i\u00e7in ula\u015f\u0131m haklar\u0131<\/strong> geni\u015fletilmi\u015f ve daha fazla kolayl\u0131k sa\u011flanm\u0131\u015ft\u0131r.<\/p>\n\n\n\n<div id=\"ez-toc-container\" class=\"ez-toc-v2_0_82_2 counter-hierarchy ez-toc-counter ez-toc-grey ez-toc-container-direction\">\n<div class=\"ez-toc-title-container\">\n<p class=\"ez-toc-title\" style=\"cursor:inherit\">\u0130\u00e7indekiler<\/p>\n<span class=\"ez-toc-title-toggle\"><a href=\"#\" class=\"ez-toc-pull-right ez-toc-btn ez-toc-btn-xs ez-toc-btn-default ez-toc-toggle\" aria-label=\"\u0130\u00e7indekiler Tablosunu A\u00e7\/Kapat\"><span class=\"ez-toc-js-icon-con\"><span class=\"\"><span class=\"eztoc-hide\" style=\"display:none;\">Toggle<\/span><span class=\"ez-toc-icon-toggle-span\"><svg style=\"fill: #999;color:#999\" xmlns=\"http:\/\/www.w3.org\/2000\/svg\" class=\"list-377408\" width=\"20px\" height=\"20px\" viewBox=\"0 0 24 24\" fill=\"none\"><path d=\"M6 6H4v2h2V6zm14 0H8v2h12V6zM4 11h2v2H4v-2zm16 0H8v2h12v-2zM4 16h2v2H4v-2zm16 0H8v2h12v-2z\" fill=\"currentColor\"><\/path><\/svg><svg style=\"fill: #999;color:#999\" class=\"arrow-unsorted-368013\" xmlns=\"http:\/\/www.w3.org\/2000\/svg\" width=\"10px\" height=\"10px\" viewBox=\"0 0 24 24\" version=\"1.2\" baseProfile=\"tiny\"><path d=\"M18.2 9.3l-6.2-6.3-6.2 6.3c-.2.2-.3.4-.3.7s.1.5.3.7c.2.2.4.3.7.3h11c.3 0 .5-.1.7-.3.2-.2.3-.5.3-.7s-.1-.5-.3-.7zM5.8 14.7l6.2 6.3 6.2-6.3c.2-.2.3-.5.3-.7s-.1-.5-.3-.7c-.2-.2-.4-.3-.7-.3h-11c-.3 0-.5.1-.7.3-.2.2-.3.5-.3.7s.1.5.3.7z\"\/><\/svg><\/span><\/span><\/span><\/a><\/span><\/div>\n<nav><ul class='ez-toc-list ez-toc-list-level-1 ' ><li class='ez-toc-page-1 ez-toc-heading-level-2'><a class=\"ez-toc-link ez-toc-heading-1\" href=\"https:\/\/evdebakimparasimaasi.com\/blog\/engelli-ulasim-haklari-neler-engelliler-icin-ulasim-haklari-2025\/#Engellilere_Taninan_Ulasim_Haklari\" >Engellilere Tan\u0131nan Ula\u015f\u0131m Haklar\u0131<\/a><\/li><li class='ez-toc-page-1 ez-toc-heading-level-2'><a class=\"ez-toc-link ez-toc-heading-2\" href=\"https:\/\/evdebakimparasimaasi.com\/blog\/engelli-ulasim-haklari-neler-engelliler-icin-ulasim-haklari-2025\/#Otobuslerde_Engelli_Indirimi\" >Otob\u00fcslerde Engelli \u0130ndirimi<\/a><\/li><li class='ez-toc-page-1 ez-toc-heading-level-2'><a class=\"ez-toc-link ez-toc-heading-3\" href=\"https:\/\/evdebakimparasimaasi.com\/blog\/engelli-ulasim-haklari-neler-engelliler-icin-ulasim-haklari-2025\/#Engellilerin_Sehirler_Arasi_Ulasim_Haklari\" >Engellilerin \u015eehirler Aras\u0131 Ula\u015f\u0131m Haklar\u0131<\/a><\/li><li class='ez-toc-page-1 ez-toc-heading-level-2'><a class=\"ez-toc-link ez-toc-heading-4\" href=\"https:\/\/evdebakimparasimaasi.com\/blog\/engelli-ulasim-haklari-neler-engelliler-icin-ulasim-haklari-2025\/#Devlet_Demir_Yollarinda_Engelli_Ulasim_Haklari\" >Devlet Demir Yollar\u0131nda Engelli Ula\u015f\u0131m Haklar\u0131<\/a><\/li><li class='ez-toc-page-1 ez-toc-heading-level-2'><a class=\"ez-toc-link ez-toc-heading-5\" href=\"https:\/\/evdebakimparasimaasi.com\/blog\/engelli-ulasim-haklari-neler-engelliler-icin-ulasim-haklari-2025\/#Engelli_Hava_Yolu_Indirimleri\" >Engelli Hava Yolu \u0130ndirimleri<\/a><\/li><li class='ez-toc-page-1 ez-toc-heading-level-2'><a class=\"ez-toc-link ez-toc-heading-6\" href=\"https:\/\/evdebakimparasimaasi.com\/blog\/engelli-ulasim-haklari-neler-engelliler-icin-ulasim-haklari-2025\/#Engelli_Ulasim_Karti_Basvuru_Belgeleri\" >Engelli Ula\u015f\u0131m Kart\u0131 Ba\u015fvuru Belgeleri<\/a><\/li><li class='ez-toc-page-1 ez-toc-heading-level-2'><a class=\"ez-toc-link ez-toc-heading-7\" href=\"https:\/\/evdebakimparasimaasi.com\/blog\/engelli-ulasim-haklari-neler-engelliler-icin-ulasim-haklari-2025\/#Engelli_Ulasim_Karti_Vize_Yenileme\" >Engelli Ula\u015f\u0131m Kart\u0131 Vize Yenileme<\/a><\/li><\/ul><\/nav><\/div>\n<h2 class=\"wp-block-heading\"><span class=\"ez-toc-section\" id=\"Engellilere_Taninan_Ulasim_Haklari\"><\/span>Engellilere Tan\u0131nan Ula\u015f\u0131m Haklar\u0131<span class=\"ez-toc-section-end\"><\/span><\/h2>\n\n\n\n<p>Engellilere tan\u0131nan ula\u015f\u0131m haklar\u0131 bir\u00e7ok ula\u015f\u0131m arac\u0131nda ge\u00e7erli indirimler veya \u00fccretsiz seyahat imk\u00e2nlar\u0131 sunmaktad\u0131r. Bu haklar engelli bireylerin toplumla daha iyi entegre olabilmesini destekler. Engelli vatanda\u015flar\u0131n seyahat ederken kar\u015f\u0131la\u015ft\u0131klar\u0131 zorluklar\u0131 azaltan bu haklar \u00fclke genelinde farkl\u0131 ula\u015f\u0131m ara\u00e7lar\u0131nda ge\u00e7erlidir.<\/p>\n\n\n\n<p><strong>Engelliler i\u00e7in ula\u015f\u0131m haklar\u0131<\/strong> aras\u0131nda en yayg\u0131n olanlar\u0131 \u015fehir i\u00e7i ula\u015f\u0131mda sa\u011flanan indirimler ve \u00fccretsiz ge\u00e7i\u015f haklar\u0131d\u0131r. B\u00fcy\u00fck \u015fehirlerde ya\u015fayan engelli vatanda\u015flar, <a href=\"https:\/\/evdebakimparasimaasi.com\/blog\/engellilere-ev-alirken-indirim\/\">belediyeler<\/a> taraf\u0131ndan sa\u011flanan kartlarla toplu ta\u015f\u0131ma ara\u00e7lar\u0131n\u0131 \u00fccretsiz ya da indirimli bir \u015fekilde kullanabilirler. \u00d6rne\u011fin \u0130stanbul, Ankara, \u0130zmir, Bursa ve Adana gibi b\u00fcy\u00fck\u015fehirlerde engelli bireyler \u015fehir i\u00e7i otob\u00fcs seferlerinde <strong>engelli ula\u015f\u0131m haklar\u0131<\/strong> kapsam\u0131nda y\u00fczde 100 indirimli seyahat edebilirler.<\/p>\n\n\n\n<figure class=\"wp-block-image size-large\"><img fetchpriority=\"high\" decoding=\"async\" width=\"1024\" height=\"576\" src=\"https:\/\/evdebakimparasimaasi.com\/blog\/wp-content\/uploads\/2025\/02\/Engelli-ulasim-haklari-4-1024x576.jpg\" alt=\"\" class=\"wp-image-3554\"\/><\/figure>\n\n\n\n<h2 class=\"wp-block-heading\"><span class=\"ez-toc-section\" id=\"Otobuslerde_Engelli_Indirimi\"><\/span>Otob\u00fcslerde Engelli \u0130ndirimi<span class=\"ez-toc-section-end\"><\/span><\/h2>\n\n\n\n<p>Otob\u00fcslerle seyahat etmek isteyen engelli bireyler <strong>engelli ula\u015f\u0131m haklar\u0131<\/strong> kapsam\u0131nda \u00f6nemli bir avantaj elde ederler. T\u00fcrkiye&#8217;de, \u00f6zellikle b\u00fcy\u00fck \u015fehirlerdeki otob\u00fcs seferlerinde engelli vatanda\u015flara y\u00f6nelik indirimler bulunmaktad\u0131r. \u00d6rne\u011fin, \u0130stanbul B\u00fcy\u00fck\u015fehir Belediyesi engelli bireyler i\u00e7in <strong>\u0130stanbul Kart<\/strong> uygulamas\u0131n\u0131 kullanarak otob\u00fcslerde y\u00fczde 100 indirimli seyahat imk\u00e2n\u0131 sunmaktad\u0131r. Ayn\u0131 \u015fekilde, Ankara, \u0130zmir, Bursa ve Adana gibi \u015fehirlerde de engelli bireyler \u015fehir i\u00e7i ula\u015f\u0131mda \u00fccretsiz ya da indirimli seyahat edebilirler.<\/p>\n\n\n\n<h2 class=\"wp-block-heading\"><span class=\"ez-toc-section\" id=\"Engellilerin_Sehirler_Arasi_Ulasim_Haklari\"><\/span>Engellilerin \u015eehirler Aras\u0131 Ula\u015f\u0131m Haklar\u0131<span class=\"ez-toc-section-end\"><\/span><\/h2>\n\n\n\n<p>Engelli bireyler \u015fehirler aras\u0131 kara yolu ula\u015f\u0131m\u0131nda da \u00e7e\u015fitli indirimlerden faydalanabilirler. <strong>Engelliler i\u00e7in tan\u0131nan ula\u015f\u0131m haklar\u0131<\/strong> aras\u0131nda yer alan \u015fehirler aras\u0131 kara yolu yolculu\u011funda y\u00fczde 40 ve \u00fczeri engeli olan vatanda\u015flar, ge\u00e7erli \u00fccret tarifesi \u00fczerinden y\u00fczde 30 oran\u0131nda indirimli seyahat edebilirler. Bu hak Karayollar\u0131 Ta\u015f\u0131ma Y\u00f6netmeli\u011fi&#8217;nde belirtilen d\u00fczenlemelere dayanarak sunulmaktad\u0131r.<\/p>\n\n\n\n<h2 class=\"wp-block-heading\"><span class=\"ez-toc-section\" id=\"Devlet_Demir_Yollarinda_Engelli_Ulasim_Haklari\"><\/span>Devlet Demir Yollar\u0131nda Engelli Ula\u015f\u0131m Haklar\u0131<span class=\"ez-toc-section-end\"><\/span><\/h2>\n\n\n\n<p>Engelli bireyler i\u00e7in <strong>devlet demir yollar\u0131 ula\u015f\u0131m haklar\u0131<\/strong> da b\u00fcy\u00fck bir kolayl\u0131k sa\u011flamaktad\u0131r. Y\u00fczde 40 ve \u00fczeri engeli olan bireyler devlet demir yollar\u0131 ula\u015f\u0131mlar\u0131nda \u00fccretsiz ya da indirimli seyahat edebilirler. Ayr\u0131ca <strong>engelliler i\u00e7in ula\u015f\u0131m haklar\u0131<\/strong> kapsam\u0131nda, engel oran\u0131 y\u00fczde 50 ve \u00fczerinde olan bireylerin refakat\u00e7ileri de \u00fccretsiz olarak yolculuk yapabilirler. Bu hak engelli bireylerin seyahatlerinde yanlar\u0131nda bir ki\u015finin bulunmas\u0131 durumunda b\u00fcy\u00fck kolayl\u0131k sa\u011flar.<\/p>\n\n\n\n<h2 class=\"wp-block-heading\"><span class=\"ez-toc-section\" id=\"Engelli_Hava_Yolu_Indirimleri\"><\/span>Engelli Hava Yolu \u0130ndirimleri<span class=\"ez-toc-section-end\"><\/span><\/h2>\n\n\n\n<p>Engelli bireyler i\u00e7in hava yolu ula\u015f\u0131m\u0131nda sa\u011flanan <strong>engelli ula\u015f\u0131m haklar\u0131<\/strong> da olduk\u00e7a \u00f6nemli bir avantajd\u0131r. 2025 y\u0131l\u0131 itibar\u0131yla, engelli bireyler <a href=\"https:\/\/www.turkishairlines.com\/tr-tr\" rel=\"nofollow noopener\" target=\"_blank\">THY<\/a> (T\u00fcrk Hava Yollar\u0131) i\u00e7 hat u\u00e7u\u015flar\u0131nda y\u00fczde 20 indirimli, d\u0131\u015f hat u\u00e7u\u015flar\u0131nda ise y\u00fczde 25 indirimli bilet alabilirler. Ayr\u0131ca refakat\u00e7i gereksinimi bulunan engelli bireyler i\u00e7in, refakat\u00e7ilerin u\u00e7u\u015flar\u0131nda da y\u00fczde 20 indirim uygulanmaktad\u0131r. Ayr\u0131ca engelli yolcular, u\u00e7u\u015flar\u0131ndan 24 saat \u00f6nce bildirirlerse, <strong>tekerlekli sandalye<\/strong> hizmetinden de \u00fccretsiz yararlanabilirler. Ancak online bilet al\u0131mlar\u0131nda indirimli fiyatlar ge\u00e7erli olmamaktad\u0131r.<\/p>\n\n\n\n<figure class=\"wp-block-image size-large\"><img decoding=\"async\" width=\"1024\" height=\"625\" src=\"https:\/\/evdebakimparasimaasi.com\/blog\/wp-content\/uploads\/2025\/02\/Engelli-ulasim-haklari-3-1024x625.jpg\" alt=\"\" class=\"wp-image-3555\"\/><\/figure>\n\n\n\n<h2 class=\"wp-block-heading\"><span class=\"ez-toc-section\" id=\"Engelli_Ulasim_Karti_Basvuru_Belgeleri\"><\/span>Engelli Ula\u015f\u0131m Kart\u0131 Ba\u015fvuru Belgeleri<span class=\"ez-toc-section-end\"><\/span><\/h2>\n\n\n\n<p>Engelli vatanda\u015flar\u0131n ula\u015f\u0131m haklar\u0131ndan faydalanabilmesi i\u00e7in belirli ba\u015fvuru belgeleri gereklidir. Bu belgeler engelli kimlik kartlar\u0131, n\u00fcfus c\u00fczdan\u0131 ve bir adet vesikal\u0131k foto\u011fraf ile birlikte belirli bir \u00fccret kar\u015f\u0131l\u0131\u011f\u0131nda al\u0131nan ula\u015f\u0131m kartlar\u0131n\u0131 i\u00e7ermektedir. Bu kart engelli bireylere \u00fccretsiz ya da indirimli seyahat etme imk\u00e2n\u0131 sa\u011flar. Ula\u015f\u0131m kart\u0131n\u0131 almak i\u00e7in gerekli olan belgeler genellikle belediyelere teslim edilerek ba\u015fvuru yap\u0131l\u0131r.<\/p>\n\n\n\n<h2 class=\"wp-block-heading\"><span class=\"ez-toc-section\" id=\"Engelli_Ulasim_Karti_Vize_Yenileme\"><\/span>Engelli Ula\u015f\u0131m Kart\u0131 Vize Yenileme<span class=\"ez-toc-section-end\"><\/span><\/h2>\n\n\n\n<p>Baz\u0131 belediyeler engelli ula\u015f\u0131m kartlar\u0131n\u0131 s\u00fcreli olarak vermektedir. Bu durumda, engelli bireylerin kartlar\u0131n\u0131n vizesini yenilemeleri gerekebilir. Ayr\u0131ca <strong>engelli sa\u011fl\u0131k raporu<\/strong> \u00fczerinde belirtilen ge\u00e7erlilik s\u00fcresi doldu\u011funda, sa\u011fl\u0131k raporunun yenilenmesi ile birlikte ula\u015f\u0131m kart\u0131n\u0131n ge\u00e7erlili\u011fi de uzat\u0131labilir. Bu durumda engelli bireylerin kartlar\u0131n\u0131n vizesini yenilemek i\u00e7in ba\u015fvuru yapmalar\u0131 gerekmektedir.<\/p>\n\n\n\n<figure class=\"wp-block-image size-large\"><img decoding=\"async\" width=\"1024\" height=\"582\" src=\"https:\/\/evdebakimparasimaasi.com\/blog\/wp-content\/uploads\/2025\/02\/Engelli-ulasim-haklari-2-1024x582.jpg\" alt=\"\" class=\"wp-image-3556\"\/><\/figure>\n\n\n\n<p>Bunlarla birlikte engelli bireylerin sahip oldu\u011fu ula\u015f\u0131m haklar\u0131, onlar\u0131n ya\u015fam kalitesini art\u0131ran \u00f6nemli bir unsurdur. Hem \u015fehir i\u00e7i hem de \u015fehirler aras\u0131 ula\u015f\u0131mda sa\u011flanan engelli ula\u015f\u0131m haklar\u0131, engelli bireylerin g\u00fcnl\u00fck ya\u015famlar\u0131n\u0131 daha kolay hale getirmektedir. 2025 y\u0131l\u0131 itibar\u0131yla bu haklar\u0131n daha da geni\u015fletilmesi engelli vatanda\u015flar\u0131n toplumsal hayatta daha aktif rol alabilmelerini sa\u011flayacakt\u0131r.<\/p>\n","protected":false},"excerpt":{"rendered":"<p>Engelli ula\u015f\u0131m haklar\u0131 engelli bireylerin toplumda daha aktif bir \u015fekilde yer alabilmesi i\u00e7in devlet taraf\u0131ndan sa\u011flanan \u00f6nemli haklardan biridir. Bu haklar, engelli vatanda\u015flar\u0131n hem ekonomik&#46;&#46;&#46;<\/p>\n","protected":false},"author":2,"featured_media":3557,"comment_status":"open","ping_status":"open","sticky":false,"template":"","format":"standard","meta":{"footnotes":""},"categories":[8],"tags":[],"class_list":["post-3553","post","type-post","status-publish","format-standard","has-post-thumbnail","hentry","category-bilgi"],"_links":{"self":[{"href":"https:\/\/evdebakimparasimaasi.com\/blog\/wp-json\/wp\/v2\/posts\/3553","targetHints":{"allow":["GET"]}}],"collection":[{"href":"https:\/\/evdebakimparasimaasi.com\/blog\/wp-json\/wp\/v2\/posts"}],"about":[{"href":"https:\/\/evdebakimparasimaasi.com\/blog\/wp-json\/wp\/v2\/types\/post"}],"author":[{"embeddable":true,"href":"https:\/\/evdebakimparasimaasi.com\/blog\/wp-json\/wp\/v2\/users\/2"}],"replies":[{"embeddable":true,"href":"https:\/\/evdebakimparasimaasi.com\/blog\/wp-json\/wp\/v2\/comments?post=3553"}],"version-history":[{"count":1,"href":"https:\/\/evdebakimparasimaasi.com\/blog\/wp-json\/wp\/v2\/posts\/3553\/revisions"}],"predecessor-version":[{"id":3702,"href":"https:\/\/evdebakimparasimaasi.com\/blog\/wp-json\/wp\/v2\/posts\/3553\/revisions\/3702"}],"wp:featuredmedia":[{"embeddable":true,"href":"https:\/\/evdebakimparasimaasi.com\/blog\/wp-json\/wp\/v2\/media\/3557"}],"wp:attachment":[{"href":"https:\/\/evdebakimparasimaasi.com\/blog\/wp-json\/wp\/v2\/media?parent=3553"}],"wp:term":[{"taxonomy":"category","embeddable":true,"href":"https:\/\/evdebakimparasimaasi.com\/blog\/wp-json\/wp\/v2\/categories?post=3553"},{"taxonomy":"post_tag","embeddable":true,"href":"https:\/\/evdebakimparasimaasi.com\/blog\/wp-json\/wp\/v2\/tags?post=3553"}],"curies":[{"name":"wp","href":"https:\/\/api.w.org\/{rel}","templated":true}]}}