{"id":3563,"date":"2025-02-06T21:18:34","date_gmt":"2025-02-06T18:18:34","guid":{"rendered":"https:\/\/evdebakimparasimaasi.com\/blog\/?p=3563"},"modified":"2025-02-23T14:39:36","modified_gmt":"2025-02-23T11:39:36","slug":"dul-yetim-ve-olum-maasi-2025-ne-kadar-oldu","status":"publish","type":"post","link":"https:\/\/evdebakimparasimaasi.com\/blog\/dul-yetim-ve-olum-maasi-2025-ne-kadar-oldu\/","title":{"rendered":"Dul, Yetim ve \u00d6l\u00fcm Maa\u015f\u0131 2025 Ne Kadar Oldu?"},"content":{"rendered":"\n<p>2025 y\u0131l\u0131 itibariyle <strong>dul, yetim ve \u00f6l\u00fcm maa\u015f\u0131<\/strong> \u00f6demeleriyle ilgili \u00f6nemli d\u00fczenlemeler yap\u0131lm\u0131\u015ft\u0131r. Bu de\u011fi\u015fiklikler sigortal\u0131 birinin vefat\u0131ndan sonra geride kalan e\u015f, \u00e7ocuk ve belirli durumdaki anne ve babalara yap\u0131lan maddi desteklerin miktarlar\u0131n\u0131 ve ba\u015fvuru s\u00fcre\u00e7lerini etkilemi\u015ftir. Dul maa\u015f\u0131, yetim maa\u015f\u0131 ve \u00f6l\u00fcm maa\u015f\u0131 sigortal\u0131n\u0131n vefat\u0131ndan sonra ailesine maddi g\u00fcvence sa\u011flamak amac\u0131yla verilen \u00f6nemli sosyal yard\u0131mlard\u0131r.<\/p>\n\n\n\n<div id=\"ez-toc-container\" class=\"ez-toc-v2_0_82_2 counter-hierarchy ez-toc-counter ez-toc-grey ez-toc-container-direction\">\n<div class=\"ez-toc-title-container\">\n<p class=\"ez-toc-title\" style=\"cursor:inherit\">\u0130\u00e7indekiler<\/p>\n<span class=\"ez-toc-title-toggle\"><a href=\"#\" class=\"ez-toc-pull-right ez-toc-btn ez-toc-btn-xs ez-toc-btn-default ez-toc-toggle\" aria-label=\"\u0130\u00e7indekiler Tablosunu A\u00e7\/Kapat\"><span class=\"ez-toc-js-icon-con\"><span class=\"\"><span class=\"eztoc-hide\" style=\"display:none;\">Toggle<\/span><span class=\"ez-toc-icon-toggle-span\"><svg style=\"fill: #999;color:#999\" xmlns=\"http:\/\/www.w3.org\/2000\/svg\" class=\"list-377408\" width=\"20px\" height=\"20px\" viewBox=\"0 0 24 24\" fill=\"none\"><path d=\"M6 6H4v2h2V6zm14 0H8v2h12V6zM4 11h2v2H4v-2zm16 0H8v2h12v-2zM4 16h2v2H4v-2zm16 0H8v2h12v-2z\" fill=\"currentColor\"><\/path><\/svg><svg style=\"fill: #999;color:#999\" class=\"arrow-unsorted-368013\" xmlns=\"http:\/\/www.w3.org\/2000\/svg\" width=\"10px\" height=\"10px\" viewBox=\"0 0 24 24\" version=\"1.2\" baseProfile=\"tiny\"><path d=\"M18.2 9.3l-6.2-6.3-6.2 6.3c-.2.2-.3.4-.3.7s.1.5.3.7c.2.2.4.3.7.3h11c.3 0 .5-.1.7-.3.2-.2.3-.5.3-.7s-.1-.5-.3-.7zM5.8 14.7l6.2 6.3 6.2-6.3c.2-.2.3-.5.3-.7s-.1-.5-.3-.7c-.2-.2-.4-.3-.7-.3h-11c-.3 0-.5.1-.7.3-.2.2-.3.5-.3.7s.1.5.3.7z\"\/><\/svg><\/span><\/span><\/span><\/a><\/span><\/div>\n<nav><ul class='ez-toc-list ez-toc-list-level-1 ' ><li class='ez-toc-page-1 ez-toc-heading-level-2'><a class=\"ez-toc-link ez-toc-heading-1\" href=\"https:\/\/evdebakimparasimaasi.com\/blog\/dul-yetim-ve-olum-maasi-2025-ne-kadar-oldu\/#Dul_Yetim_ve_Olum_Maasi_Nedir\" >Dul, Yetim ve \u00d6l\u00fcm Maa\u015f\u0131 Nedir?<\/a><\/li><li class='ez-toc-page-1 ez-toc-heading-level-2'><a class=\"ez-toc-link ez-toc-heading-2\" href=\"https:\/\/evdebakimparasimaasi.com\/blog\/dul-yetim-ve-olum-maasi-2025-ne-kadar-oldu\/#Dul_Yetim_ve_Olum_Maasi_Kimlere_Verilir\" >Dul, Yetim ve \u00d6l\u00fcm Maa\u015f\u0131 Kimlere Verilir?<\/a><\/li><li class='ez-toc-page-1 ez-toc-heading-level-2'><a class=\"ez-toc-link ez-toc-heading-3\" href=\"https:\/\/evdebakimparasimaasi.com\/blog\/dul-yetim-ve-olum-maasi-2025-ne-kadar-oldu\/#Dul_Yetim_ve_Olum_Ayligi_Basvurusu_Icin_Gerekli_Evraklar\" >Dul, Yetim ve \u00d6l\u00fcm Ayl\u0131\u011f\u0131 Ba\u015fvurusu \u0130\u00e7in Gerekli Evraklar<\/a><\/li><li class='ez-toc-page-1 ez-toc-heading-level-2'><a class=\"ez-toc-link ez-toc-heading-4\" href=\"https:\/\/evdebakimparasimaasi.com\/blog\/dul-yetim-ve-olum-maasi-2025-ne-kadar-oldu\/#Dul_Yetim_ve_Olum_Maasi_Alma_Sartlari\" >Dul, Yetim ve \u00d6l\u00fcm Maa\u015f\u0131 Alma \u015eartlar\u0131<\/a><\/li><li class='ez-toc-page-1 ez-toc-heading-level-2'><a class=\"ez-toc-link ez-toc-heading-5\" href=\"https:\/\/evdebakimparasimaasi.com\/blog\/dul-yetim-ve-olum-maasi-2025-ne-kadar-oldu\/#Dul_Yetim_ve_Olum_Maasi_2025_Ne_Kadar\" >Dul, Yetim ve \u00d6l\u00fcm Maa\u015f\u0131 2025 Ne Kadar?<\/a><\/li><li class='ez-toc-page-1 ez-toc-heading-level-2'><a class=\"ez-toc-link ez-toc-heading-6\" href=\"https:\/\/evdebakimparasimaasi.com\/blog\/dul-yetim-ve-olum-maasi-2025-ne-kadar-oldu\/#Dul_Yetim_ve_Olum_Maasi_Basvurusu_Nasil_Yapilir\" >Dul, Yetim ve \u00d6l\u00fcm Maa\u015f\u0131 Ba\u015fvurusu Nas\u0131l Yap\u0131l\u0131r?<\/a><\/li><li class='ez-toc-page-1 ez-toc-heading-level-2'><a class=\"ez-toc-link ez-toc-heading-7\" href=\"https:\/\/evdebakimparasimaasi.com\/blog\/dul-yetim-ve-olum-maasi-2025-ne-kadar-oldu\/#Dul_Kadin_Olen_Babasinin_Maasinin_Yuzde_Kacini_Alir\" >Dul Kad\u0131n, \u00d6len Babas\u0131n\u0131n Maa\u015f\u0131n\u0131n Y\u00fczde Ka\u00e7\u0131n\u0131 Al\u0131r?<\/a><\/li><li class='ez-toc-page-1 ez-toc-heading-level-2'><a class=\"ez-toc-link ez-toc-heading-8\" href=\"https:\/\/evdebakimparasimaasi.com\/blog\/dul-yetim-ve-olum-maasi-2025-ne-kadar-oldu\/#Dul_Bir_Kadin_Hem_Babasindan_Hem_Esinden_Maas_Alabilir_Mi\" >Dul Bir Kad\u0131n Hem Babas\u0131ndan Hem E\u015finden Maa\u015f Alabilir Mi?<\/a><\/li><li class='ez-toc-page-1 ez-toc-heading-level-2'><a class=\"ez-toc-link ez-toc-heading-9\" href=\"https:\/\/evdebakimparasimaasi.com\/blog\/dul-yetim-ve-olum-maasi-2025-ne-kadar-oldu\/#Dul_Kadin_Uc_Maas_Alabilir_Mi\" >Dul Kad\u0131n \u00dc\u00e7 Maa\u015f Alabilir Mi?<\/a><\/li><li class='ez-toc-page-1 ez-toc-heading-level-2'><a class=\"ez-toc-link ez-toc-heading-10\" href=\"https:\/\/evdebakimparasimaasi.com\/blog\/dul-yetim-ve-olum-maasi-2025-ne-kadar-oldu\/#Birikmis_Olum_Ayligi_Nasil_Alinir\" >Birikmi\u015f \u00d6l\u00fcm Ayl\u0131\u011f\u0131 Nas\u0131l Al\u0131n\u0131r?<\/a><\/li><li class='ez-toc-page-1 ez-toc-heading-level-2'><a class=\"ez-toc-link ez-toc-heading-11\" href=\"https:\/\/evdebakimparasimaasi.com\/blog\/dul-yetim-ve-olum-maasi-2025-ne-kadar-oldu\/#Olum_Parasi_Ne_Zaman_Yatar\" >\u00d6l\u00fcm Paras\u0131 Ne Zaman Yatar?<\/a><\/li><\/ul><\/nav><\/div>\n<h2 class=\"wp-block-heading\"><span class=\"ez-toc-section\" id=\"Dul_Yetim_ve_Olum_Maasi_Nedir\"><\/span>Dul, Yetim ve \u00d6l\u00fcm Maa\u015f\u0131 Nedir?<span class=\"ez-toc-section-end\"><\/span><\/h2>\n\n\n\n<p><strong>Dul, yetim ve \u00f6l\u00fcm maa\u015f\u0131<\/strong> sigortal\u0131 bir ki\u015finin vefat\u0131ndan sonra, geride kalan aile \u00fcyelerine verilen d\u00fczenli \u00f6demelerdir. Bu maa\u015flar, \u00f6l\u00fcm sonras\u0131 ailenin maddi kay\u0131plar\u0131n\u0131 telafi etmeyi ve sosyal g\u00fcvenlik sisteminden yararlanabilmelerini sa\u011flamay\u0131 ama\u00e7lar. <strong>Dul maa\u015f\u0131<\/strong> sigortal\u0131n\u0131n e\u015fine verilirken, <strong>yetim maa\u015f\u0131<\/strong> \u00e7ocuklar\u0131na <strong>\u00f6l\u00fcm maa\u015f\u0131<\/strong> ise bazen anne ve babaya ba\u011flanabilmektedir. Bu \u00f6demeler, devletin sosyal g\u00fcvenlik a\u011f\u0131 \u00e7er\u00e7evesinde sigortal\u0131 \u00e7al\u0131\u015fan\u0131n \u00f6l\u00fcm\u00fcnden sonra yak\u0131nlar\u0131na maddi destekte bulunulmas\u0131n\u0131 sa\u011flar.<\/p>\n\n\n\n<figure class=\"wp-block-image size-large\"><img fetchpriority=\"high\" decoding=\"async\" width=\"1024\" height=\"725\" src=\"https:\/\/evdebakimparasimaasi.com\/blog\/wp-content\/uploads\/2025\/02\/Olum-Maasi-4-1024x725.jpg\" alt=\"\" class=\"wp-image-3564\"\/><\/figure>\n\n\n\n<h2 class=\"wp-block-heading\"><span class=\"ez-toc-section\" id=\"Dul_Yetim_ve_Olum_Maasi_Kimlere_Verilir\"><\/span>Dul, Yetim ve \u00d6l\u00fcm Maa\u015f\u0131 Kimlere Verilir?<span class=\"ez-toc-section-end\"><\/span><\/h2>\n\n\n\n<p>Bu maa\u015flardan yararlanacak ki\u015filer vefat eden sigortal\u0131n\u0131n aile \u00fcyeleridir. A\u015fa\u011f\u0131da, bu yard\u0131mlar\u0131n kimlere verilece\u011fi a\u00e7\u0131klanm\u0131\u015ft\u0131r:<\/p>\n\n\n\n<ul class=\"wp-block-list\">\n<li>E\u015f: Vefat eden sigortal\u0131n\u0131n resmi nikahl\u0131 e\u015fi.<\/li>\n\n\n\n<li>\u00c7ocuklar: Sigortal\u0131n\u0131n belirli ya\u015f s\u0131n\u0131rlar\u0131na uyan \u00e7ocuklar\u0131, ya\u015flar\u0131 ve e\u011fitim durumlar\u0131na ba\u011fl\u0131 olarak maa\u015f alabilirler.<\/li>\n\n\n\n<li>Anne ve Baba: E\u011fer maddi zorluk \u00e7eken anne ve baba varsa onlar da \u00f6l\u00fcm maa\u015f\u0131 alabilirler, ancak bunun i\u00e7in belirli \u015fartlar gerekmektedir.<\/li>\n<\/ul>\n\n\n\n<h2 class=\"wp-block-heading\"><span class=\"ez-toc-section\" id=\"Dul_Yetim_ve_Olum_Ayligi_Basvurusu_Icin_Gerekli_Evraklar\"><\/span>Dul, Yetim ve \u00d6l\u00fcm Ayl\u0131\u011f\u0131 Ba\u015fvurusu \u0130\u00e7in Gerekli Evraklar<span class=\"ez-toc-section-end\"><\/span><\/h2>\n\n\n\n<p>Bu maa\u015flar\u0131 alabilmek i\u00e7in ba\u015fvuru yap\u0131lmas\u0131 gerekmektedir. Ba\u015fvuru i\u00e7in gerekli belgeler \u015funlard\u0131r:<\/p>\n\n\n\n<ul class=\"wp-block-list\">\n<li>Ba\u015fvuru dilek\u00e7esi<\/li>\n\n\n\n<li>N\u00fcfus c\u00fczdan\u0131 fotokopisi<\/li>\n\n\n\n<li>Vukuatl\u0131 n\u00fcfus kay\u0131t \u00f6rne\u011fi<\/li>\n\n\n\n<li>\u00d6l\u00fcm belgesi<\/li>\n\n\n\n<li>Evlilik c\u00fczdan\u0131 fotokopisi (dul maa\u015f\u0131 ba\u015fvurusu i\u00e7in)<\/li>\n<\/ul>\n\n\n\n<p>Ba\u015fvuru i\u00e7in bu belgelerle birlikte <strong>Sosyal G\u00fcvenlik Kurumu<\/strong> (SGK) il veya il\u00e7e m\u00fcd\u00fcrl\u00fcklerine ba\u015fvurabilirsiniz. Ayr\u0131ca ba\u015fvuru i\u015flemini <a href=\"https:\/\/www.turkiye.gov.tr\/\" rel=\"nofollow noopener\" target=\"_blank\">e-Devlet <\/a>\u00fczerinden de ger\u00e7ekle\u015ftirebilirsiniz.<\/p>\n\n\n\n<h2 class=\"wp-block-heading\"><span class=\"ez-toc-section\" id=\"Dul_Yetim_ve_Olum_Maasi_Alma_Sartlari\"><\/span>Dul, Yetim ve \u00d6l\u00fcm Maa\u015f\u0131 Alma \u015eartlar\u0131<span class=\"ez-toc-section-end\"><\/span><\/h2>\n\n\n\n<p>Bu maa\u015f\u0131 alabilmek i\u00e7in belirli \u015fartlar\u0131n sa\u011flanmas\u0131 gerekmektedir. A\u015fa\u011f\u0131da <strong>dul yetim \u00f6l\u00fcm maa\u015f\u0131<\/strong> almak i\u00e7in aranacak \u015fartlar a\u00e7\u0131klanm\u0131\u015ft\u0131r:<\/p>\n\n\n\n<ul class=\"wp-block-list\">\n<li>Sigortal\u0131 ki\u015finin prim \u00f6demeleri: Sigortal\u0131n\u0131n en az 1800 g\u00fcn prim \u00f6demi\u015f olmas\u0131 gerekir.<\/li>\n\n\n\n<li>Sigortal\u0131lar\u0131n \u00e7al\u0131\u015fma durumu: E\u011fer ki\u015fi kendi sigortal\u0131l\u0131\u011f\u0131 nedeniyle ba\u015fka bir gelir veya maa\u015f alm\u0131yorsa ve belirli ko\u015fullar\u0131 sa\u011fl\u0131yorsa, dul ve yetim maa\u015flar\u0131 ba\u011flanabilir.<\/li>\n\n\n\n<li>\u00d6l\u00fcm maa\u015f\u0131 ba\u015fvurusunda bor\u00e7 durumu: Sigortal\u0131n\u0131n prim ve bor\u00e7lar\u0131 \u00f6denmi\u015f olmal\u0131d\u0131r.<\/li>\n<\/ul>\n\n\n\n<figure class=\"wp-block-image size-large\"><img decoding=\"async\" width=\"1024\" height=\"682\" src=\"https:\/\/evdebakimparasimaasi.com\/blog\/wp-content\/uploads\/2025\/02\/Olum-Maasi-3-1024x682.jpg\" alt=\"\" class=\"wp-image-3565\"\/><\/figure>\n\n\n\n<h2 class=\"wp-block-heading\"><span class=\"ez-toc-section\" id=\"Dul_Yetim_ve_Olum_Maasi_2025_Ne_Kadar\"><\/span>Dul, Yetim ve \u00d6l\u00fcm Maa\u015f\u0131 2025 Ne Kadar?<span class=\"ez-toc-section-end\"><\/span><\/h2>\n\n\n\n<p>2025 y\u0131l\u0131nda yap\u0131lan g\u00fcncellemelerle birlikte <strong>dul maa\u015f\u0131<\/strong>, <strong>yetim maa\u015f\u0131<\/strong> ve <strong>\u00f6l\u00fcm maa\u015f\u0131<\/strong> tutarlar\u0131 \u015fu \u015fekilde belirlenmi\u015ftir:<\/p>\n\n\n\n<ul class=\"wp-block-list\">\n<li><strong>En d\u00fc\u015f\u00fck emekli maa\u015f\u0131:<\/strong> 14.469 TL<\/li>\n\n\n\n<li><strong>E\u015fe ba\u011flanan maa\u015f:<\/strong> E\u015fe %75 oran\u0131nda ba\u011flanan maa\u015f 10.851 TL, %50 oran\u0131nda ba\u011flanan maa\u015f ise 7.234,50 TL<\/li>\n\n\n\n<li><strong>\u00c7ocu\u011fa ba\u011flanan maa\u015f:<\/strong> \u00c7ocu\u011fa %25 oran\u0131nda maa\u015f ba\u011fland\u0131\u011f\u0131nda, bu tutar 3.617,25 TL olabilir.<\/li>\n<\/ul>\n\n\n\n<p>Bu maa\u015flar sigortal\u0131n\u0131n emekli maa\u015f\u0131 ve hak sahiplerinin durumu g\u00f6z \u00f6n\u00fcnde bulundurularak de\u011fi\u015fiklik g\u00f6sterebilmektedir.<\/p>\n\n\n\n<h2 class=\"wp-block-heading\"><span class=\"ez-toc-section\" id=\"Dul_Yetim_ve_Olum_Maasi_Basvurusu_Nasil_Yapilir\"><\/span>Dul, Yetim ve \u00d6l\u00fcm Maa\u015f\u0131 Ba\u015fvurusu Nas\u0131l Yap\u0131l\u0131r?<span class=\"ez-toc-section-end\"><\/span><\/h2>\n\n\n\n<p>Ba\u015fvuru i\u015flemi i\u00e7in \u015fu ad\u0131mlar\u0131 takip etmeniz gerekmektedir:<\/p>\n\n\n\n<ul class=\"wp-block-list\">\n<li>Gerekli belgeleri haz\u0131rlay\u0131n.<\/li>\n\n\n\n<li>Ba\u015fvurunuzu Sosyal G\u00fcvenlik Kurumu il veya il\u00e7e m\u00fcd\u00fcrl\u00fcklerine yap\u0131n. E-Devlet \u00fczerinden ba\u015fvuru yapmak da m\u00fcmk\u00fcnd\u00fcr.<\/li>\n\n\n\n<li>Ba\u015fvurunuzun sonucunu takip edin.<\/li>\n<\/ul>\n\n\n\n<h2 class=\"wp-block-heading\"><span class=\"ez-toc-section\" id=\"Dul_Kadin_Olen_Babasinin_Maasinin_Yuzde_Kacini_Alir\"><\/span>Dul Kad\u0131n, \u00d6len Babas\u0131n\u0131n Maa\u015f\u0131n\u0131n Y\u00fczde Ka\u00e7\u0131n\u0131 Al\u0131r?<span class=\"ez-toc-section-end\"><\/span><\/h2>\n\n\n\n<p>Dul bir kad\u0131n \u00f6len babas\u0131n\u0131n <a href=\"https:\/\/evdebakimparasimaasi.com\/blog\/2025-maaslari\/\">maa\u015f\u0131n\u0131n<\/a> %25\u2019ini alabilir. Ancak ba\u015fka hak sahiplerinin olmamas\u0131 veya belirli \u015fartlar\u0131n sa\u011flanmas\u0131 durumunda bu oran %50&#8217;ye kadar \u00e7\u0131kabilir. Bunun i\u00e7in dul kad\u0131n\u0131n kendi sigortal\u0131l\u0131\u011f\u0131 nedeniyle herhangi bir gelir almamas\u0131 gerekmektedir.<\/p>\n\n\n\n<figure class=\"wp-block-image size-large\"><img decoding=\"async\" width=\"1024\" height=\"683\" src=\"https:\/\/evdebakimparasimaasi.com\/blog\/wp-content\/uploads\/2025\/02\/Olum-Maasi-2-1024x683.jpg\" alt=\"\" class=\"wp-image-3566\"\/><\/figure>\n\n\n\n<h2 class=\"wp-block-heading\"><span class=\"ez-toc-section\" id=\"Dul_Bir_Kadin_Hem_Babasindan_Hem_Esinden_Maas_Alabilir_Mi\"><\/span>Dul Bir Kad\u0131n Hem Babas\u0131ndan Hem E\u015finden Maa\u015f Alabilir Mi?<span class=\"ez-toc-section-end\"><\/span><\/h2>\n\n\n\n<p>Evet, bir kad\u0131n hem babas\u0131ndan hem de e\u015finden maa\u015f alabilir. Fakat bu maa\u015flar tam olarak \u00f6denmez; belirli oranlarda \u00f6denir. \u00d6rne\u011fin, e\u015finden %50, babas\u0131ndan ise %25 oran\u0131nda maa\u015f alabilir.<\/p>\n\n\n\n<h2 class=\"wp-block-heading\"><span class=\"ez-toc-section\" id=\"Dul_Kadin_Uc_Maas_Alabilir_Mi\"><\/span>Dul Kad\u0131n \u00dc\u00e7 Maa\u015f Alabilir Mi?<span class=\"ez-toc-section-end\"><\/span><\/h2>\n\n\n\n<p>Baz\u0131 durumlarda dul bir kad\u0131n \u00fc\u00e7 maa\u015f alabilir. Bu maa\u015flar, kendi emekli maa\u015f\u0131, vefat eden e\u015finden dul maa\u015f\u0131 ve babas\u0131ndan yetim maa\u015f\u0131 olabilir. Ancak her durumda maa\u015flar\u0131n tamam\u0131 \u00f6denmez; belirli kesintiler yap\u0131l\u0131r ve oranlar de\u011fi\u015febilir.<\/p>\n\n\n\n<h2 class=\"wp-block-heading\"><span class=\"ez-toc-section\" id=\"Birikmis_Olum_Ayligi_Nasil_Alinir\"><\/span>Birikmi\u015f \u00d6l\u00fcm Ayl\u0131\u011f\u0131 Nas\u0131l Al\u0131n\u0131r?<span class=\"ez-toc-section-end\"><\/span><\/h2>\n\n\n\n<p>\u00d6l\u00fcm ayl\u0131\u011f\u0131 ba\u015fvurusu yap\u0131lmad\u0131\u011f\u0131 takdirde, hak sahiplerine birikmi\u015f maa\u015flar 5 y\u0131l boyunca \u00f6denebilir. Ba\u015fvuru yap\u0131lmad\u0131\u011f\u0131 takdirde, bu maa\u015flar geri al\u0131namaz.<\/p>\n\n\n\n<h2 class=\"wp-block-heading\"><span class=\"ez-toc-section\" id=\"Olum_Parasi_Ne_Zaman_Yatar\"><\/span>\u00d6l\u00fcm Paras\u0131 Ne Zaman Yatar?<span class=\"ez-toc-section-end\"><\/span><\/h2>\n\n\n\n<p>\u00d6l\u00fcm paras\u0131 cenaze \u00f6dene\u011fi olarak bilinen bu \u00f6deme, ba\u015fvurunun ard\u0131ndan k\u0131sa s\u00fcre i\u00e7inde hak sahiplerinin banka hesaplar\u0131na veya PTT arac\u0131l\u0131\u011f\u0131yla yat\u0131r\u0131l\u0131r. Ba\u015fvuru, <strong>Sosyal G\u00fcvenlik Kurumu<\/strong>\u2019na yap\u0131lmal\u0131d\u0131r.<\/p>\n","protected":false},"excerpt":{"rendered":"<p>2025 y\u0131l\u0131 itibariyle dul, yetim ve \u00f6l\u00fcm maa\u015f\u0131 \u00f6demeleriyle ilgili \u00f6nemli d\u00fczenlemeler yap\u0131lm\u0131\u015ft\u0131r. Bu de\u011fi\u015fiklikler sigortal\u0131 birinin vefat\u0131ndan sonra geride kalan e\u015f, \u00e7ocuk ve belirli&#46;&#46;&#46;<\/p>\n","protected":false},"author":2,"featured_media":3567,"comment_status":"open","ping_status":"open","sticky":false,"template":"","format":"standard","meta":{"footnotes":""},"categories":[8],"tags":[],"class_list":["post-3563","post","type-post","status-publish","format-standard","has-post-thumbnail","hentry","category-bilgi"],"_links":{"self":[{"href":"https:\/\/evdebakimparasimaasi.com\/blog\/wp-json\/wp\/v2\/posts\/3563","targetHints":{"allow":["GET"]}}],"collection":[{"href":"https:\/\/evdebakimparasimaasi.com\/blog\/wp-json\/wp\/v2\/posts"}],"about":[{"href":"https:\/\/evdebakimparasimaasi.com\/blog\/wp-json\/wp\/v2\/types\/post"}],"author":[{"embeddable":true,"href":"https:\/\/evdebakimparasimaasi.com\/blog\/wp-json\/wp\/v2\/users\/2"}],"replies":[{"embeddable":true,"href":"https:\/\/evdebakimparasimaasi.com\/blog\/wp-json\/wp\/v2\/comments?post=3563"}],"version-history":[{"count":1,"href":"https:\/\/evdebakimparasimaasi.com\/blog\/wp-json\/wp\/v2\/posts\/3563\/revisions"}],"predecessor-version":[{"id":3701,"href":"https:\/\/evdebakimparasimaasi.com\/blog\/wp-json\/wp\/v2\/posts\/3563\/revisions\/3701"}],"wp:featuredmedia":[{"embeddable":true,"href":"https:\/\/evdebakimparasimaasi.com\/blog\/wp-json\/wp\/v2\/media\/3567"}],"wp:attachment":[{"href":"https:\/\/evdebakimparasimaasi.com\/blog\/wp-json\/wp\/v2\/media?parent=3563"}],"wp:term":[{"taxonomy":"category","embeddable":true,"href":"https:\/\/evdebakimparasimaasi.com\/blog\/wp-json\/wp\/v2\/categories?post=3563"},{"taxonomy":"post_tag","embeddable":true,"href":"https:\/\/evdebakimparasimaasi.com\/blog\/wp-json\/wp\/v2\/tags?post=3563"}],"curies":[{"name":"wp","href":"https:\/\/api.w.org\/{rel}","templated":true}]}}