{"id":3609,"date":"2025-02-11T20:58:19","date_gmt":"2025-02-11T17:58:19","guid":{"rendered":"https:\/\/evdebakimparasimaasi.com\/blog\/?p=3609"},"modified":"2025-02-23T14:39:32","modified_gmt":"2025-02-23T11:39:32","slug":"2025-engelli-arac-hesaplama-nasil","status":"publish","type":"post","link":"https:\/\/evdebakimparasimaasi.com\/blog\/2025-engelli-arac-hesaplama-nasil\/","title":{"rendered":"2025 Engelli Ara\u00e7 Hesaplama Nas\u0131l Yap\u0131l\u0131r?"},"content":{"rendered":"\n<p>2025 y\u0131l\u0131 itibar\u0131yla engelli ara\u00e7 al\u0131m\u0131na y\u00f6nelik d\u00fczenlemelerde \u00f6nemli de\u011fi\u015fiklikler ve kolayl\u0131klar yer almaktad\u0131r. Engelli ara\u00e7 hesaplama <strong>engelli ara\u00e7 hesaplama 2025<\/strong> tarifesiyle vergi muafiyetlerinin nas\u0131l uygulanaca\u011f\u0131 hakk\u0131nda sorular\u0131 cevaplamaktad\u0131r.<\/p>\n\n\n\n<p>Engelli bireyler i\u00e7in ula\u015f\u0131m ya\u015fam kalitesini do\u011frudan etkileyen en b\u00fcy\u00fck sorunlardan birisidir. \u00d6zellikle ara\u00e7 al\u0131m\u0131 ve kullan\u0131m\u0131, engelli vatanda\u015flar\u0131n g\u00fcnl\u00fck hayatlar\u0131n\u0131 kolayla\u015ft\u0131rmak ad\u0131na b\u00fcy\u00fck bir \u00f6nem ta\u015f\u0131r. T\u00fcrkiye\u2019de engelliler i\u00e7in ara\u00e7 al\u0131m\u0131 konusunda sa\u011flanan \u00e7e\u015fitli vergi indirimleri, bu s\u00fcreci daha eri\u015filebilir k\u0131lmaktad\u0131r. <strong>Engelli ara\u00e7 hesaplama<\/strong> ise bu indirimlerin nas\u0131l uyguland\u0131\u011f\u0131n\u0131 ve hangi ko\u015fullarda ge\u00e7erli oldu\u011funu belirleyen \u00f6nemli bir ad\u0131md\u0131r.<\/p>\n\n\n\n<div id=\"ez-toc-container\" class=\"ez-toc-v2_0_82_2 counter-hierarchy ez-toc-counter ez-toc-grey ez-toc-container-direction\">\n<div class=\"ez-toc-title-container\">\n<p class=\"ez-toc-title\" style=\"cursor:inherit\">\u0130\u00e7indekiler<\/p>\n<span class=\"ez-toc-title-toggle\"><a href=\"#\" class=\"ez-toc-pull-right ez-toc-btn ez-toc-btn-xs ez-toc-btn-default ez-toc-toggle\" aria-label=\"\u0130\u00e7indekiler Tablosunu A\u00e7\/Kapat\"><span class=\"ez-toc-js-icon-con\"><span class=\"\"><span class=\"eztoc-hide\" style=\"display:none;\">Toggle<\/span><span class=\"ez-toc-icon-toggle-span\"><svg style=\"fill: #999;color:#999\" xmlns=\"http:\/\/www.w3.org\/2000\/svg\" class=\"list-377408\" width=\"20px\" height=\"20px\" viewBox=\"0 0 24 24\" fill=\"none\"><path d=\"M6 6H4v2h2V6zm14 0H8v2h12V6zM4 11h2v2H4v-2zm16 0H8v2h12v-2zM4 16h2v2H4v-2zm16 0H8v2h12v-2z\" fill=\"currentColor\"><\/path><\/svg><svg style=\"fill: #999;color:#999\" class=\"arrow-unsorted-368013\" xmlns=\"http:\/\/www.w3.org\/2000\/svg\" width=\"10px\" height=\"10px\" viewBox=\"0 0 24 24\" version=\"1.2\" baseProfile=\"tiny\"><path d=\"M18.2 9.3l-6.2-6.3-6.2 6.3c-.2.2-.3.4-.3.7s.1.5.3.7c.2.2.4.3.7.3h11c.3 0 .5-.1.7-.3.2-.2.3-.5.3-.7s-.1-.5-.3-.7zM5.8 14.7l6.2 6.3 6.2-6.3c.2-.2.3-.5.3-.7s-.1-.5-.3-.7c-.2-.2-.4-.3-.7-.3h-11c-.3 0-.5.1-.7.3-.2.2-.3.5-.3.7s.1.5.3.7z\"\/><\/svg><\/span><\/span><\/span><\/a><\/span><\/div>\n<nav><ul class='ez-toc-list ez-toc-list-level-1 ' ><li class='ez-toc-page-1 ez-toc-heading-level-2'><a class=\"ez-toc-link ez-toc-heading-1\" href=\"https:\/\/evdebakimparasimaasi.com\/blog\/2025-engelli-arac-hesaplama-nasil\/#Engelli_Arac_Alimi_Icin_Hesaplama_Yontemleri\" >Engelli Ara\u00e7 Al\u0131m\u0131 \u0130\u00e7in Hesaplama Y\u00f6ntemleri<\/a><\/li><li class='ez-toc-page-1 ez-toc-heading-level-2'><a class=\"ez-toc-link ez-toc-heading-2\" href=\"https:\/\/evdebakimparasimaasi.com\/blog\/2025-engelli-arac-hesaplama-nasil\/#Engelli_Arac_Aliminda_Vergi_Muafiyetleri\" >Engelli Ara\u00e7 Al\u0131m\u0131nda Vergi Muafiyetleri<\/a><\/li><li class='ez-toc-page-1 ez-toc-heading-level-2'><a class=\"ez-toc-link ez-toc-heading-3\" href=\"https:\/\/evdebakimparasimaasi.com\/blog\/2025-engelli-arac-hesaplama-nasil\/#Engelli_Arac_Alimi_Icin_Gerekli_Belgeler\" >Engelli Ara\u00e7 Al\u0131m\u0131 \u0130\u00e7in Gerekli Belgeler<\/a><\/li><li class='ez-toc-page-1 ez-toc-heading-level-2'><a class=\"ez-toc-link ez-toc-heading-4\" href=\"https:\/\/evdebakimparasimaasi.com\/blog\/2025-engelli-arac-hesaplama-nasil\/#Engelli_Arac_Alimi_Sartlari_Nelerdir\" >Engelli Ara\u00e7 Al\u0131m\u0131 \u015eartlar\u0131 Nelerdir?<\/a><\/li><li class='ez-toc-page-1 ez-toc-heading-level-2'><a class=\"ez-toc-link ez-toc-heading-5\" href=\"https:\/\/evdebakimparasimaasi.com\/blog\/2025-engelli-arac-hesaplama-nasil\/#Yuzde_90_Engelli_Arac_Alimi\" >Y\u00fczde 90 Engelli Ara\u00e7 Al\u0131m\u0131<\/a><\/li><li class='ez-toc-page-1 ez-toc-heading-level-2'><a class=\"ez-toc-link ez-toc-heading-6\" href=\"https:\/\/evdebakimparasimaasi.com\/blog\/2025-engelli-arac-hesaplama-nasil\/#Yuzde_40_Engelli_Arac_Alimi\" >Y\u00fczde 40 Engelli Ara\u00e7 Al\u0131m\u0131<\/a><\/li><\/ul><\/nav><\/div>\n<h2 class=\"wp-block-heading\"><span class=\"ez-toc-section\" id=\"Engelli_Arac_Alimi_Icin_Hesaplama_Yontemleri\"><\/span>Engelli Ara\u00e7 Al\u0131m\u0131 \u0130\u00e7in Hesaplama Y\u00f6ntemleri<span class=\"ez-toc-section-end\"><\/span><\/h2>\n\n\n\n<p><strong>Engelliler ara\u00e7 hesaplama 2025<\/strong> s\u00fcrecinde arac\u0131n fiyat\u0131 \u00fczerinden yap\u0131lan \u00d6TV indirimi ile sat\u0131n alma i\u015flemi ger\u00e7ekle\u015ftirilir. Bu hesaplama bazen karma\u015f\u0131k g\u00f6r\u00fcnebilir ancak basit bir ad\u0131m takip edilerek yap\u0131labilir.<\/p>\n\n\n\n<p>\u00d6rne\u011fin 300.000 TL sat\u0131\u015f fiyat\u0131na sahip bir arac\u0131n <strong>engelli ara\u00e7 hesaplama<\/strong> i\u015flemi \u015fu \u015fekilde yap\u0131l\u0131r:<\/p>\n\n\n\n<ul class=\"wp-block-list\">\n<li>\u0130lk olarak arac\u0131n sat\u0131\u015f fiyat\u0131 \u00fczerinden %18 KDV hesaplan\u0131r. 300.000 TL\u2019yi 1.18\u2019e b\u00f6ld\u00fc\u011f\u00fcm\u00fczde, arac\u0131n KDV\u2019siz fiyat\u0131 254.237 TL olarak bulunur.<\/li>\n\n\n\n<li>KDV\u2019nin \u00e7\u0131kar\u0131lmas\u0131n\u0131n ard\u0131ndan, bu tutar \u00fczerinden %80\u2019lik bir \u00d6TV indirimi uygulan\u0131r. 254.237 TL\u2019yi 1.80\u2019e b\u00f6ld\u00fc\u011f\u00fcm\u00fczde, 141.242 TL\u2019lik bir \u00d6TV ve KDV\u2019siz fiyat ortaya \u00e7\u0131kar.<\/li>\n\n\n\n<li>Son olarak 141.242 TL\u2019ye %18 KDV eklenir ve arac\u0131n nihai fiyat\u0131 166.665 TL olarak hesaplan\u0131r.<\/li>\n<\/ul>\n\n\n\n<p>Bu \u015fekilde 300.000 TL&#8217;lik bir arac\u0131n, <strong>engelli ara\u00e7 hesaplama<\/strong> sayesinde sadece 166.665 TL\u2019ye al\u0131nmas\u0131 m\u00fcmk\u00fcnd\u00fcr. Ancak bu hesaplama sadece <strong>engelli ara\u00e7 hesaplama<\/strong> a\u00e7\u0131s\u0131ndan bir \u00f6rnektir ve her durumda engelli bireylerin engel oran\u0131na g\u00f6re de\u011fi\u015fiklik g\u00f6sterebilir.<\/p>\n\n\n\n<figure class=\"wp-block-image size-large\"><img fetchpriority=\"high\" decoding=\"async\" width=\"1024\" height=\"563\" src=\"https:\/\/evdebakimparasimaasi.com\/blog\/wp-content\/uploads\/2025\/02\/2025-Engelli-Arac-Hesaplama-4-1024x563.jpg\" alt=\"\" class=\"wp-image-3610\"\/><\/figure>\n\n\n\n<h2 class=\"wp-block-heading\"><span class=\"ez-toc-section\" id=\"Engelli_Arac_Aliminda_Vergi_Muafiyetleri\"><\/span>Engelli Ara\u00e7 Al\u0131m\u0131nda Vergi Muafiyetleri<span class=\"ez-toc-section-end\"><\/span><\/h2>\n\n\n\n<p><a href=\"https:\/\/www.gib.gov.tr\/yardim-ve-kaynaklar\/yararli-bilgiler\/ozel-tuketim-vergisi-tutarlari-ve-oranlari\" rel=\"nofollow noopener\" target=\"_blank\">\u00d6TV<\/a> muafiyeti ile birlikte engelli bireyler ara\u00e7 al\u0131m\u0131nda sadece indirim de\u011fil, ayn\u0131 zamanda Motorlu Ta\u015f\u0131tlar Vergisi (MTV) muafiyetinden de faydalanabilirler. Bu muafiyet engellilerin ara\u00e7 al\u0131m\u0131n\u0131 daha eri\u015filebilir hale getiren bir di\u011fer avantajd\u0131r. \u00d6zellikle <strong>engelli ara\u00e7 hesaplama 2025<\/strong> y\u0131l\u0131 itibar\u0131yla engellilik derecesine g\u00f6re de\u011fi\u015fen uygulamalarla %90 ve \u00fczeri engelli olan bireylerin \u00f6zel tertibatl\u0131 ara\u00e7 al\u0131mlar\u0131nda bu muafiyet ge\u00e7erlidir.<\/p>\n\n\n\n<p>Ayr\u0131ca arac\u0131n motor hacmi fark etmeksizin 2.290.200 TL\u2019nin alt\u0131nda bir fiyatla al\u0131nmas\u0131 gereklidir. Ayr\u0131ca arac\u0131n s\u0131f\u0131r kilometre olmas\u0131 ve 10 y\u0131l boyunca sat\u0131lmamas\u0131 da aranan \u015fartlar aras\u0131ndad\u0131r. Bu \u015fartlar\u0131n sa\u011flanmas\u0131 halinde engelli bireyler vergi muafiyetinden yararlanarak ara\u00e7 alabilirler.<\/p>\n\n\n\n<figure class=\"wp-block-image size-large\"><img decoding=\"async\" width=\"1024\" height=\"580\" src=\"https:\/\/evdebakimparasimaasi.com\/blog\/wp-content\/uploads\/2025\/02\/2025-Engelli-Arac-Hesaplama-2-1024x580.jpg\" alt=\"\" class=\"wp-image-3612\"\/><\/figure>\n\n\n\n<h2 class=\"wp-block-heading\"><span class=\"ez-toc-section\" id=\"Engelli_Arac_Alimi_Icin_Gerekli_Belgeler\"><\/span>Engelli Ara\u00e7 Al\u0131m\u0131 \u0130\u00e7in Gerekli Belgeler<span class=\"ez-toc-section-end\"><\/span><\/h2>\n\n\n\n<p>Engelli ara\u00e7 al\u0131m\u0131nda sa\u011flanan indirimlerden yararlanmak i\u00e7in belirli evraklar\u0131n haz\u0131rlanmas\u0131 gerekmektedir. Bu evraklar <strong>engelli ara\u00e7 hesaplama<\/strong> s\u00fcrecine ek olarak, i\u015flemlerin tamamlanabilmesi i\u00e7in gereklidir. 2025 y\u0131l\u0131 itibar\u0131yla engelli ara\u00e7 al\u0131m\u0131 i\u00e7in istenen belgeler \u015funlard\u0131r:<\/p>\n\n\n\n<ul class=\"wp-block-list\">\n<li>N\u00fcfus c\u00fczdan\u0131 veya kimlik kart\u0131<\/li>\n\n\n\n<li>Engelli s\u00fcr\u00fcc\u00fc belgesi (Eski tip H s\u0131n\u0131f\u0131 veya yeni tip B s\u0131n\u0131f\u0131)<\/li>\n\n\n\n<li>Ba\u015fvuru formu<\/li>\n\n\n\n<li>\u00d6TV \u00f6deme belgesi<\/li>\n\n\n\n<li>Engel oran\u0131na dair sa\u011fl\u0131k raporu<\/li>\n\n\n\n<li>Onaylanm\u0131\u015f imzal\u0131 muayene belgesi<\/li>\n\n\n\n<li>18 ya\u015f\u0131ndan k\u00fc\u00e7\u00fckse, engelli birey i\u00e7in vasi belgesi<\/li>\n<\/ul>\n\n\n\n<h2 class=\"wp-block-heading\"><span class=\"ez-toc-section\" id=\"Engelli_Arac_Alimi_Sartlari_Nelerdir\"><\/span>Engelli Ara\u00e7 Al\u0131m\u0131 \u015eartlar\u0131 Nelerdir?<span class=\"ez-toc-section-end\"><\/span><\/h2>\n\n\n\n<p>Engelli ara\u00e7 al\u0131m\u0131 sadece vergi muafiyetiyle s\u0131n\u0131rl\u0131 kalmaz ayn\u0131 zamanda belirli ko\u015fullar\u0131n yerine getirilmesini de gerektirir. Bu \u015fartlar <strong>engelli ara\u00e7 hesaplama<\/strong> s\u00fcrecinde oldu\u011fu gibi her engelli birey i\u00e7in de\u011fi\u015febilir.<\/p>\n\n\n\n<p>\u00d6zellikle, engel oran\u0131na g\u00f6re de\u011fi\u015fen durumlar \u015fu \u015fekildedir:<\/p>\n\n\n\n<ul class=\"wp-block-list\">\n<li>Engelli bireyin 18 ya\u015f\u0131ndan b\u00fcy\u00fck olmas\u0131 gereklidir.<\/li>\n\n\n\n<li>E\u011fer <a href=\"https:\/\/evdebakimparasimaasi.com\/blog\/engelliden-engelliye-arac-nasil\/\">engelli <\/a>birey 18 ya\u015f\u0131ndan k\u00fc\u00e7\u00fckse, velisinin muvafakatnamesi al\u0131nmal\u0131d\u0131r.<\/li>\n\n\n\n<li>Engelli bireyin zihinsel engeli varsa, vasi karar\u0131 gereklidir.<\/li>\n\n\n\n<li>Engel oran\u0131n\u0131 belirleyen resmi sa\u011fl\u0131k raporu tam te\u015fekk\u00fcll\u00fc bir devlet hastanesinden al\u0131nmal\u0131d\u0131r.<\/li>\n\n\n\n<li>Arac\u0131n fiyat\u0131 2.290.200 TL&#8217;yi a\u015fmamal\u0131d\u0131r ve arac\u0131n s\u0131f\u0131r kilometre olmas\u0131 gerekmektedir.<\/li>\n<\/ul>\n\n\n\n<figure class=\"wp-block-image size-large\"><img decoding=\"async\" width=\"1024\" height=\"683\" src=\"https:\/\/evdebakimparasimaasi.com\/blog\/wp-content\/uploads\/2025\/02\/2025-Engelli-Arac-Hesaplama-3-1024x683.jpg\" alt=\"\" class=\"wp-image-3611\"\/><\/figure>\n\n\n\n<h2 class=\"wp-block-heading\"><span class=\"ez-toc-section\" id=\"Yuzde_90_Engelli_Arac_Alimi\"><\/span>Y\u00fczde 90 Engelli Ara\u00e7 Al\u0131m\u0131<span class=\"ez-toc-section-end\"><\/span><\/h2>\n\n\n\n<p>Y\u00fczde 90 ve \u00fczeri engelli oran\u0131na sahip bireyler, <strong>engelli ara\u00e7 hesaplama<\/strong> s\u00fcrecinde \u00f6zel avantajlardan yararlanabilirler. Bu durumda, arac\u0131n fiyat\u0131 \u00fczerinden tam bir \u00d6TV muafiyeti uygulan\u0131r ve engelli s\u00fcr\u00fcc\u00fc belgesine sahip olmadan da ara\u00e7 al\u0131m\u0131 yap\u0131labilir. Ancak e\u011fer engelli ki\u015finin trafi\u011fe \u00e7\u0131kmas\u0131 uygun de\u011filse, arac\u0131 \u00fc\u00e7 ki\u015fi kullanabilir. Bu ki\u015filer, engelli ki\u015finin e\u015fi, kanuni m\u00fcmessili ya da \u00fc\u00e7\u00fcnc\u00fc dereceye kadar kan ve s\u0131hri h\u0131s\u0131mlar\u0131ndan biri olabilir.<\/p>\n\n\n\n<h2 class=\"wp-block-heading\"><span class=\"ez-toc-section\" id=\"Yuzde_40_Engelli_Arac_Alimi\"><\/span>Y\u00fczde 40 Engelli Ara\u00e7 Al\u0131m\u0131<span class=\"ez-toc-section-end\"><\/span><\/h2>\n\n\n\n<p>Y\u00fczde 40 ile 89 aras\u0131nda engel oran\u0131 olan bireyler <strong>engelli ara\u00e7 hesaplama<\/strong> i\u015flemlerinde %26.3 oran\u0131nda bir \u00d6TV indirimi al\u0131r. Bu ki\u015filer i\u00e7in KDV \u00f6deme oran\u0131 ise %15.24\u2019t\u00fcr. Ayr\u0131ca engelli raporunda &#8220;s\u00fcr\u00fcc\u00fc belgesi alabilir&#8221; ibaresi yer al\u0131yorsa engelli ara\u00e7 al\u0131m\u0131 \u015fartlar\u0131n\u0131 sa\u011flam\u0131\u015f olurlar.<\/p>\n","protected":false},"excerpt":{"rendered":"<p>2025 y\u0131l\u0131 itibar\u0131yla engelli ara\u00e7 al\u0131m\u0131na y\u00f6nelik d\u00fczenlemelerde \u00f6nemli de\u011fi\u015fiklikler ve kolayl\u0131klar yer almaktad\u0131r. Engelli ara\u00e7 hesaplama engelli ara\u00e7 hesaplama 2025 tarifesiyle vergi muafiyetlerinin nas\u0131l&#46;&#46;&#46;<\/p>\n","protected":false},"author":2,"featured_media":3613,"comment_status":"open","ping_status":"open","sticky":false,"template":"","format":"standard","meta":{"footnotes":""},"categories":[8],"tags":[],"class_list":["post-3609","post","type-post","status-publish","format-standard","has-post-thumbnail","hentry","category-bilgi"],"_links":{"self":[{"href":"https:\/\/evdebakimparasimaasi.com\/blog\/wp-json\/wp\/v2\/posts\/3609","targetHints":{"allow":["GET"]}}],"collection":[{"href":"https:\/\/evdebakimparasimaasi.com\/blog\/wp-json\/wp\/v2\/posts"}],"about":[{"href":"https:\/\/evdebakimparasimaasi.com\/blog\/wp-json\/wp\/v2\/types\/post"}],"author":[{"embeddable":true,"href":"https:\/\/evdebakimparasimaasi.com\/blog\/wp-json\/wp\/v2\/users\/2"}],"replies":[{"embeddable":true,"href":"https:\/\/evdebakimparasimaasi.com\/blog\/wp-json\/wp\/v2\/comments?post=3609"}],"version-history":[{"count":2,"href":"https:\/\/evdebakimparasimaasi.com\/blog\/wp-json\/wp\/v2\/posts\/3609\/revisions"}],"predecessor-version":[{"id":3696,"href":"https:\/\/evdebakimparasimaasi.com\/blog\/wp-json\/wp\/v2\/posts\/3609\/revisions\/3696"}],"wp:featuredmedia":[{"embeddable":true,"href":"https:\/\/evdebakimparasimaasi.com\/blog\/wp-json\/wp\/v2\/media\/3613"}],"wp:attachment":[{"href":"https:\/\/evdebakimparasimaasi.com\/blog\/wp-json\/wp\/v2\/media?parent=3609"}],"wp:term":[{"taxonomy":"category","embeddable":true,"href":"https:\/\/evdebakimparasimaasi.com\/blog\/wp-json\/wp\/v2\/categories?post=3609"},{"taxonomy":"post_tag","embeddable":true,"href":"https:\/\/evdebakimparasimaasi.com\/blog\/wp-json\/wp\/v2\/tags?post=3609"}],"curies":[{"name":"wp","href":"https:\/\/api.w.org\/{rel}","templated":true}]}}