{"id":3616,"date":"2025-02-12T21:06:54","date_gmt":"2025-02-12T18:06:54","guid":{"rendered":"https:\/\/evdebakimparasimaasi.com\/blog\/?p=3616"},"modified":"2025-02-23T14:39:31","modified_gmt":"2025-02-23T11:39:31","slug":"yurtdisindan-engelliler-nasil-araba","status":"publish","type":"post","link":"https:\/\/evdebakimparasimaasi.com\/blog\/yurtdisindan-engelliler-nasil-araba\/","title":{"rendered":"Yurtd\u0131\u015f\u0131ndan Engelliler Nas\u0131l Araba Getirir?"},"content":{"rendered":"\n<p>Engelli vatanda\u015flar\u0131n\u0131n hayat\u0131n\u0131 kolayla\u015ft\u0131rmak i\u00e7in bir\u00e7ok alanda \u00f6zel d\u00fczenlemeler ve te\u015fvikler sunulmaktad\u0131r. Bu te\u015fviklerden biri de <strong>yurtd\u0131\u015f\u0131ndan engelliler i\u00e7in ara\u00e7 getirme<\/strong> hakk\u0131d\u0131r. Yurt d\u0131\u015f\u0131ndan engelli arac\u0131 getirmek isteyen bireyler belirli \u015fartlar\u0131 yerine getirerek g\u00fcmr\u00fck vergisi ve \u00d6TV gibi \u00f6demelerden muaf olabiliyorlar.<\/p>\n\n\n\n<div id=\"ez-toc-container\" class=\"ez-toc-v2_0_82_2 counter-hierarchy ez-toc-counter ez-toc-grey ez-toc-container-direction\">\n<div class=\"ez-toc-title-container\">\n<p class=\"ez-toc-title\" style=\"cursor:inherit\">\u0130\u00e7indekiler<\/p>\n<span class=\"ez-toc-title-toggle\"><a href=\"#\" class=\"ez-toc-pull-right ez-toc-btn ez-toc-btn-xs ez-toc-btn-default ez-toc-toggle\" aria-label=\"\u0130\u00e7indekiler Tablosunu A\u00e7\/Kapat\"><span class=\"ez-toc-js-icon-con\"><span class=\"\"><span class=\"eztoc-hide\" style=\"display:none;\">Toggle<\/span><span class=\"ez-toc-icon-toggle-span\"><svg style=\"fill: #999;color:#999\" xmlns=\"http:\/\/www.w3.org\/2000\/svg\" class=\"list-377408\" width=\"20px\" height=\"20px\" viewBox=\"0 0 24 24\" fill=\"none\"><path d=\"M6 6H4v2h2V6zm14 0H8v2h12V6zM4 11h2v2H4v-2zm16 0H8v2h12v-2zM4 16h2v2H4v-2zm16 0H8v2h12v-2z\" fill=\"currentColor\"><\/path><\/svg><svg style=\"fill: #999;color:#999\" class=\"arrow-unsorted-368013\" xmlns=\"http:\/\/www.w3.org\/2000\/svg\" width=\"10px\" height=\"10px\" viewBox=\"0 0 24 24\" version=\"1.2\" baseProfile=\"tiny\"><path d=\"M18.2 9.3l-6.2-6.3-6.2 6.3c-.2.2-.3.4-.3.7s.1.5.3.7c.2.2.4.3.7.3h11c.3 0 .5-.1.7-.3.2-.2.3-.5.3-.7s-.1-.5-.3-.7zM5.8 14.7l6.2 6.3 6.2-6.3c.2-.2.3-.5.3-.7s-.1-.5-.3-.7c-.2-.2-.4-.3-.7-.3h-11c-.3 0-.5.1-.7.3-.2.2-.3.5-.3.7s.1.5.3.7z\"\/><\/svg><\/span><\/span><\/span><\/a><\/span><\/div>\n<nav><ul class='ez-toc-list ez-toc-list-level-1 ' ><li class='ez-toc-page-1 ez-toc-heading-level-2'><a class=\"ez-toc-link ez-toc-heading-1\" href=\"https:\/\/evdebakimparasimaasi.com\/blog\/yurtdisindan-engelliler-nasil-araba\/#Engelli_Arac_Getirmenin_Sartlari\" >Engelli Ara\u00e7 Getirmenin \u015eartlar\u0131<\/a><\/li><li class='ez-toc-page-1 ez-toc-heading-level-2'><a class=\"ez-toc-link ez-toc-heading-2\" href=\"https:\/\/evdebakimparasimaasi.com\/blog\/yurtdisindan-engelliler-nasil-araba\/#Kimler_Yurtdisindan_Engelli_Araci_Getirebilir\" >Kimler Yurtd\u0131\u015f\u0131ndan Engelli Arac\u0131 Getirebilir?<\/a><\/li><li class='ez-toc-page-1 ez-toc-heading-level-2'><a class=\"ez-toc-link ez-toc-heading-3\" href=\"https:\/\/evdebakimparasimaasi.com\/blog\/yurtdisindan-engelliler-nasil-araba\/#Yurtdisindan_Arac_Getirme_Sureci_ve_Belgeler\" >Yurtd\u0131\u015f\u0131ndan Ara\u00e7 Getirme S\u00fcreci ve Belgeler<\/a><\/li><li class='ez-toc-page-1 ez-toc-heading-level-2'><a class=\"ez-toc-link ez-toc-heading-4\" href=\"https:\/\/evdebakimparasimaasi.com\/blog\/yurtdisindan-engelliler-nasil-araba\/#Hangi_Araclar_Getirilemez\" >Hangi Ara\u00e7lar Getirilemez?<\/a><\/li><li class='ez-toc-page-1 ez-toc-heading-level-2'><a class=\"ez-toc-link ez-toc-heading-5\" href=\"https:\/\/evdebakimparasimaasi.com\/blog\/yurtdisindan-engelliler-nasil-araba\/#Yurtdisindan_Engelli_Araci_Getiren_Firmalar_ve_Ithalat_Sureci\" >Yurtd\u0131\u015f\u0131ndan Engelli Arac\u0131 Getiren Firmalar ve \u0130thalat S\u00fcreci<\/a><\/li><li class='ez-toc-page-1 ez-toc-heading-level-2'><a class=\"ez-toc-link ez-toc-heading-6\" href=\"https:\/\/evdebakimparasimaasi.com\/blog\/yurtdisindan-engelliler-nasil-araba\/#Yurtdisindan_Engelli_Araci_Alimi_ve_Fiyatlar\" >Yurtd\u0131\u015f\u0131ndan Engelli Arac\u0131 Al\u0131m\u0131 ve Fiyatlar<\/a><\/li><li class='ez-toc-page-1 ez-toc-heading-level-2'><a class=\"ez-toc-link ez-toc-heading-7\" href=\"https:\/\/evdebakimparasimaasi.com\/blog\/yurtdisindan-engelliler-nasil-araba\/#2025te_Yurt_Disindan_Engelli_Araclari_Icin_Muafiyetler\" >2025\u2019te Yurt D\u0131\u015f\u0131ndan Engelli Ara\u00e7lar\u0131 \u0130\u00e7in Muafiyetler<\/a><\/li><\/ul><\/nav><\/div>\n<h2 class=\"wp-block-heading\"><span class=\"ez-toc-section\" id=\"Engelli_Arac_Getirmenin_Sartlari\"><\/span>Engelli Ara\u00e7 Getirmenin \u015eartlar\u0131<span class=\"ez-toc-section-end\"><\/span><\/h2>\n\n\n\n<p><strong>Yurtd\u0131\u015f\u0131 engelli ara\u00e7 getirme<\/strong> s\u00fcrecinde belirli kurallar bulunmaktad\u0131r. \u00d6zellikle engelli ki\u015filerin arac\u0131 kullanabilmesi i\u00e7in baz\u0131 \u00f6zel donan\u0131mlara sahip olmas\u0131 gerekiyor. T\u00fcrkiye\u2019de ya\u015fayan ve yurtd\u0131\u015f\u0131ndan ara\u00e7 getirmek isteyen engelli vatanda\u015flar, ara\u00e7lar\u0131n\u0131n engellinin kullan\u0131m\u0131na uygun olmas\u0131n\u0131 sa\u011flamak zorundalar. Bu ba\u011flamda engelli vatanda\u015flar\u0131n sadece <strong>ortopedik engelliler<\/strong> bu muafiyetten yararlanabiliyor. G\u00f6rme engelli bireyler <strong>yurtd\u0131\u015f\u0131ndan engelliler i\u00e7in ara\u00e7 getirme<\/strong> hakk\u0131ndan faydalanamazlar. Ortopedik engelli ki\u015filer hareket k\u0131s\u0131tl\u0131l\u0131klar\u0131 nedeniyle \u00f6zel tertibatl\u0131 ara\u00e7lar kullanmak zorundad\u0131rlar.<\/p>\n\n\n\n<figure class=\"wp-block-image size-large\"><img fetchpriority=\"high\" decoding=\"async\" width=\"1024\" height=\"575\" src=\"https:\/\/evdebakimparasimaasi.com\/blog\/wp-content\/uploads\/2025\/02\/yurtdisindan-engelliler4-1024x575.jpg\" alt=\"\" class=\"wp-image-3617\"\/><\/figure>\n\n\n\n<h2 class=\"wp-block-heading\"><span class=\"ez-toc-section\" id=\"Kimler_Yurtdisindan_Engelli_Araci_Getirebilir\"><\/span>Kimler Yurtd\u0131\u015f\u0131ndan Engelli Arac\u0131 Getirebilir?<span class=\"ez-toc-section-end\"><\/span><\/h2>\n\n\n\n<p>2025 y\u0131l\u0131 itibariyle yaln\u0131zca <strong>ortopedik engelliler<\/strong> <strong>yurtd\u0131\u015f\u0131ndan engelli ara\u00e7 getirmek<\/strong> hakk\u0131na sahiptir. Ortopedik engelliler ise iki \u015fekilde de\u011ferlendirilmektedir. \u0130lk olarak, arac\u0131n\u0131 kendi ba\u015f\u0131na kullanabilen engelliler i\u00e7in \u00f6zel tertibatlarla donat\u0131lm\u0131\u015f ara\u00e7lar uygun g\u00f6r\u00fclmektedir. \u00d6rne\u011fin koltuklar veya pedal gibi ara\u00e7 ekipmanlar\u0131 \u00f6zel tertibatla de\u011fi\u015ftirilmi\u015f ara\u00e7lar bu kapsama girmektedir. \u0130kinci olarak engelli ki\u015finin arac\u0131 kullanamayaca\u011f\u0131 ancak <strong>\u00f6zel tertibatl\u0131<\/strong> bir \u015fekilde binip inebilece\u011fi ara\u00e7lar da <strong>yurtd\u0131\u015f\u0131ndan engelli ara\u00e7 getirme<\/strong> imk\u00e2n\u0131 sa\u011flayan ara\u00e7lard\u0131r.<\/p>\n\n\n\n<p>Bu ara\u00e7lar i\u00e7in \u00f6zel d\u00fczenlemeler ve gereklilikler s\u00f6z konusudur. Engelli ki\u015finin <strong>engelli sa\u011fl\u0131k kurulu raporu<\/strong> almas\u0131 ve raporunda \u201cTertibatla ara\u00e7 kullanabilir\u201d ifadesi yer almas\u0131 gerekmektedir. Bu rapor engelli bireyin engel durumunun belirlenmesi ve arac\u0131n uygun olup olmad\u0131\u011f\u0131n\u0131n de\u011ferlendirilmesi a\u00e7\u0131s\u0131ndan \u00f6nemlidir.<\/p>\n\n\n\n<h2 class=\"wp-block-heading\"><span class=\"ez-toc-section\" id=\"Yurtdisindan_Arac_Getirme_Sureci_ve_Belgeler\"><\/span>Yurtd\u0131\u015f\u0131ndan Ara\u00e7 Getirme S\u00fcreci ve Belgeler<span class=\"ez-toc-section-end\"><\/span><\/h2>\n\n\n\n<p>Yurtd\u0131\u015f\u0131ndan <strong>engelli ara\u00e7 getirme<\/strong> i\u015flemleri birka\u00e7 a\u015famadan olu\u015fur. \u0130lk olarak engelli ki\u015finin <strong>engelli sa\u011fl\u0131k kurulu raporu<\/strong> almas\u0131 gerekmektedir. Bu rapor engellinin ara\u00e7 kullanabilme durumunu ve araca \u00f6zel tertibat gereksinimlerini belirtir. Ayr\u0131ca yurtd\u0131\u015f\u0131ndan gelen arac\u0131 kullanacak engellinin ge\u00e7erli bir ehliyete sahip olmas\u0131 gerekti\u011fi de unutulmamal\u0131d\u0131r. A, B s\u0131n\u0131f\u0131 ehliyet gibi uygun ehliyet s\u0131n\u0131f\u0131na sahip olmas\u0131 \u015fartt\u0131r.<\/p>\n\n\n\n<p><a href=\"https:\/\/evdebakimparasimaasi.com\/blog\/engelliden-engelliye-arac-nasil\/\">Engelli<\/a> ki\u015finin T\u00fcrkiye\u2019ye yerle\u015fmesi veya T\u00fcrkiye\u2019de ikamet ediyor olmas\u0131 <strong>yurtd\u0131\u015f\u0131ndan engelli ara\u00e7 getirme<\/strong> s\u00fcrecinde \u00f6nemli bir etkendir. E\u011fer engelli ki\u015fi T\u00fcrkiye\u2019de ya\u015fam\u0131yorsa ve yurtd\u0131\u015f\u0131ndan arac\u0131yla birlikte geliyorsa, yurtd\u0131\u015f\u0131nda ikamet etti\u011fi \u00fclkenin resmi hastanesinden al\u0131nan bir raporu T\u00fcrk\u00e7e\u2019ye \u00e7evrilmi\u015f \u015fekilde sunmas\u0131 gerekmektedir. Bu rapor yurtd\u0131\u015f\u0131ndan gelen arac\u0131n g\u00fcmr\u00fck i\u015flemleri i\u00e7in gereklidir.<\/p>\n\n\n\n<p>Arac\u0131 alacak engelli ki\u015finin arac\u0131n \u00f6zel tertibat faturas\u0131 ve n\u00fcfus c\u00fczdan\u0131 \u00f6rne\u011fi gibi resmi belgeleri de teslim etmesi gerekmektedir. Ek olarak ara\u00e7 ba\u011f\u0131\u015f yoluyla geliyorsa, ba\u011f\u0131\u015f\u00e7\u0131ya ait m\u00fclkiyet belgesi ve devir i\u015flemi de ger\u00e7ekle\u015ftirilmelidir.<\/p>\n\n\n\n<h2 class=\"wp-block-heading\"><span class=\"ez-toc-section\" id=\"Hangi_Araclar_Getirilemez\"><\/span>Hangi Ara\u00e7lar Getirilemez?<span class=\"ez-toc-section-end\"><\/span><\/h2>\n\n\n\n<p><strong>Yurtd\u0131\u015f\u0131ndan engelli ara\u00e7 getirme<\/strong> s\u00fcrecinde, baz\u0131 ara\u00e7lar\u0131n ithali m\u00fcmk\u00fcn de\u011fildir. Bunlar aras\u0131nda \u00f6zel tertibat\u0131 bulunmayan ara\u00e7lar ve engellinin ara\u00e7tan inip binmesine yard\u0131mc\u0131 olacak tertibata sahip olmayan ara\u00e7lar yer almaktad\u0131r. Ayr\u0131ca arazi ara\u00e7lar\u0131 da bu muafiyet kapsam\u0131nda de\u011fildir. \u00d6zel tertibat ve d\u00fczenlemeler arac\u0131 kullanabilen engelliler i\u00e7in zorunludur.<\/p>\n\n\n\n<p>Ancak 3713 say\u0131l\u0131 Ter\u00f6rle M\u00fccadele Kanunu kapsam\u0131nda sol alt ekstremite sahibi gaziler i\u00e7in bu \u015fartlar esnetilmi\u015ftir. Gaziler ara\u00e7lar\u0131na \u00f6zel tertibat tak\u0131lmas\u0131 zorunlulu\u011fundan muaf tutulurlar.<\/p>\n\n\n\n<figure class=\"wp-block-image size-large\"><img decoding=\"async\" width=\"1024\" height=\"683\" src=\"https:\/\/evdebakimparasimaasi.com\/blog\/wp-content\/uploads\/2025\/02\/yurtdisindan-engelliler3-1024x683.jpg\" alt=\"\" class=\"wp-image-3618\"\/><\/figure>\n\n\n\n<h2 class=\"wp-block-heading\"><span class=\"ez-toc-section\" id=\"Yurtdisindan_Engelli_Araci_Getiren_Firmalar_ve_Ithalat_Sureci\"><\/span>Yurtd\u0131\u015f\u0131ndan Engelli Arac\u0131 Getiren Firmalar ve \u0130thalat S\u00fcreci<span class=\"ez-toc-section-end\"><\/span><\/h2>\n\n\n\n<p>Engelli vatanda\u015flar, <strong>yurtd\u0131\u015f\u0131ndan engelli ara\u00e7 getirme<\/strong> i\u015flemi i\u00e7in bir ithalat firmas\u0131 ile \u00e7al\u0131\u015fabilirler. Bu firmalar arac\u0131l\u0131\u011f\u0131yla ara\u00e7, yurt d\u0131\u015f\u0131ndan T\u00fcrkiye\u2019ye getirilip gerekli i\u015flemler yap\u0131labilir. Ancak engelli bireyler bu hizmet kar\u015f\u0131l\u0131\u011f\u0131nda belirli bir \u00fccret \u00f6demek zorundad\u0131rlar. Ayr\u0131ca kendi ba\u015flar\u0131na da bu s\u00fcreci takip edebilirler. Fakat kendi ba\u015flar\u0131na bu i\u015flemi yapmak karma\u015f\u0131k bir s\u00fcre\u00e7 olabilir \u00e7\u00fcnk\u00fc g\u00fcmr\u00fck i\u015flemleri ve nakliye gibi b\u00fcrokratik i\u015flemler do\u011fru \u015fekilde yap\u0131lmad\u0131\u011f\u0131nda zorluklar ya\u015fanabilir.<\/p>\n\n\n\n<h2 class=\"wp-block-heading\"><span class=\"ez-toc-section\" id=\"Yurtdisindan_Engelli_Araci_Alimi_ve_Fiyatlar\"><\/span>Yurtd\u0131\u015f\u0131ndan Engelli Arac\u0131 Al\u0131m\u0131 ve Fiyatlar<span class=\"ez-toc-section-end\"><\/span><\/h2>\n\n\n\n<p><strong>Yurtd\u0131\u015f\u0131ndan engelli ara\u00e7 getirme<\/strong> s\u00fcrecinde ara\u00e7lar\u0131n fiyatlar\u0131, genellikle markan\u0131n liste fiyat\u0131na dayan\u0131r. T\u00fcrkiye\u2019ye benzer \u015fekilde baz\u0131 \u00fclkelerde engellilere \u00f6zel indirimler uygulanabilir. Bu indirimler yurt d\u0131\u015f\u0131ndan ara\u00e7 almak isteyen engelliler i\u00e7in \u00f6nemli bir avantaj sa\u011flar. Ancak her durumda araca uygulanacak g\u00fcmr\u00fck vergisi ve<a href=\"https:\/\/www.gib.gov.tr\/yardim-ve-kaynaklar\/yararli-bilgiler\/ozel-tuketim-vergisi-tutarlari-ve-oranlari\" rel=\"nofollow noopener\" target=\"_blank\"> \u00d6TV<\/a> muafiyeti \u015fartlar\u0131 g\u00f6z \u00f6n\u00fcnde bulundurulmal\u0131d\u0131r.<\/p>\n\n\n\n<figure class=\"wp-block-image size-large\"><img decoding=\"async\" width=\"1024\" height=\"576\" src=\"https:\/\/evdebakimparasimaasi.com\/blog\/wp-content\/uploads\/2025\/02\/yurtdisindan-engelliler2-1024x576.jpg\" alt=\"\" class=\"wp-image-3619\"\/><\/figure>\n\n\n\n<h2 class=\"wp-block-heading\"><span class=\"ez-toc-section\" id=\"2025te_Yurt_Disindan_Engelli_Araclari_Icin_Muafiyetler\"><\/span>2025\u2019te Yurt D\u0131\u015f\u0131ndan Engelli Ara\u00e7lar\u0131 \u0130\u00e7in Muafiyetler<span class=\"ez-toc-section-end\"><\/span><\/h2>\n\n\n\n<p>2025 y\u0131l\u0131nda, <strong>yurtd\u0131\u015f\u0131ndan gelen engelli ara\u00e7lar\u0131<\/strong> i\u00e7in \u00d6TV ve KDV muafiyeti sa\u011flanmaktad\u0131r. Ancak arac\u0131n g\u00fcmr\u00fcklenmi\u015f de\u011feri 1.591.200 TL\u2019yi a\u015farsa \u00d6TV muafiyeti uygulanmaz. Bu nedenle ara\u00e7 al\u0131rken g\u00fcmr\u00fck vergisi ve KDV muafiyetlerinin nas\u0131l hesaplanaca\u011f\u0131 dikkatle incelenmelidir.<\/p>\n\n\n\n<p><strong>Yurtd\u0131\u015f\u0131ndan engelli ara\u00e7 getirme<\/strong> s\u00fcreci belirli yasal prosed\u00fcrlere ve \u015fartlara ba\u011fl\u0131d\u0131r. Engelli bireylerin bu i\u015flemleri ger\u00e7ekle\u015ftirebilmesi i\u00e7in gerekli belgeleri toplamas\u0131 ve \u015fartlar\u0131 yerine getirmesi gerekmektedir. T\u00fcrkiye\u2019deki engelliler i\u00e7in bu s\u00fcre\u00e7 \u00f6zel tertibatl\u0131 ara\u00e7lar ve g\u00fcmr\u00fck muafiyetleriyle daha eri\u015filebilir hale gelmi\u015ftir. Ancak bu i\u015flemlerin do\u011fru ve sorunsuz bir \u015fekilde yap\u0131labilmesi i\u00e7in do\u011fru bilgiye sahip olmak b\u00fcy\u00fck \u00f6nem ta\u015f\u0131r.<\/p>\n","protected":false},"excerpt":{"rendered":"<p>Engelli vatanda\u015flar\u0131n\u0131n hayat\u0131n\u0131 kolayla\u015ft\u0131rmak i\u00e7in bir\u00e7ok alanda \u00f6zel d\u00fczenlemeler ve te\u015fvikler sunulmaktad\u0131r. Bu te\u015fviklerden biri de yurtd\u0131\u015f\u0131ndan engelliler i\u00e7in ara\u00e7 getirme hakk\u0131d\u0131r. Yurt d\u0131\u015f\u0131ndan engelli&#46;&#46;&#46;<\/p>\n","protected":false},"author":2,"featured_media":3620,"comment_status":"open","ping_status":"open","sticky":false,"template":"","format":"standard","meta":{"footnotes":""},"categories":[8],"tags":[],"class_list":["post-3616","post","type-post","status-publish","format-standard","has-post-thumbnail","hentry","category-bilgi"],"_links":{"self":[{"href":"https:\/\/evdebakimparasimaasi.com\/blog\/wp-json\/wp\/v2\/posts\/3616","targetHints":{"allow":["GET"]}}],"collection":[{"href":"https:\/\/evdebakimparasimaasi.com\/blog\/wp-json\/wp\/v2\/posts"}],"about":[{"href":"https:\/\/evdebakimparasimaasi.com\/blog\/wp-json\/wp\/v2\/types\/post"}],"author":[{"embeddable":true,"href":"https:\/\/evdebakimparasimaasi.com\/blog\/wp-json\/wp\/v2\/users\/2"}],"replies":[{"embeddable":true,"href":"https:\/\/evdebakimparasimaasi.com\/blog\/wp-json\/wp\/v2\/comments?post=3616"}],"version-history":[{"count":2,"href":"https:\/\/evdebakimparasimaasi.com\/blog\/wp-json\/wp\/v2\/posts\/3616\/revisions"}],"predecessor-version":[{"id":3695,"href":"https:\/\/evdebakimparasimaasi.com\/blog\/wp-json\/wp\/v2\/posts\/3616\/revisions\/3695"}],"wp:featuredmedia":[{"embeddable":true,"href":"https:\/\/evdebakimparasimaasi.com\/blog\/wp-json\/wp\/v2\/media\/3620"}],"wp:attachment":[{"href":"https:\/\/evdebakimparasimaasi.com\/blog\/wp-json\/wp\/v2\/media?parent=3616"}],"wp:term":[{"taxonomy":"category","embeddable":true,"href":"https:\/\/evdebakimparasimaasi.com\/blog\/wp-json\/wp\/v2\/categories?post=3616"},{"taxonomy":"post_tag","embeddable":true,"href":"https:\/\/evdebakimparasimaasi.com\/blog\/wp-json\/wp\/v2\/tags?post=3616"}],"curies":[{"name":"wp","href":"https:\/\/api.w.org\/{rel}","templated":true}]}}